{"id":155267,"date":"2025-09-03T06:12:43","date_gmt":"2025-09-03T09:12:43","guid":{"rendered":"https:\/\/www.orc.com.br\/novo\/?p=155267"},"modified":"2025-09-03T06:12:43","modified_gmt":"2025-09-03T09:12:43","slug":"quando-sai-o-resultado-do-julgamento-de-bolsonaro","status":"publish","type":"post","link":"http:\/\/www.orc.com.br\/novo\/brasil\/quando-sai-o-resultado-do-julgamento-de-bolsonaro.html","title":{"rendered":"Quando sai o resultado do julgamento de Bolsonaro ?"},"content":{"rendered":"<div class=\"photos\">\n<div class=\"photo\"><img title=\"Pedro Augusto Figueiredo\" src=\"https:\/\/www.estadao.com.br\/resizer\/v2\/https%3A%2F%2Fs3.amazonaws.com%2Farc-authors%2Festadao%2F968e47ca-858c-4c7b-b1f0-44271676ff3c.png?quality=80&amp;auth=47285eca4eb6b36d94803fd327190e622d71b0a035b88db73a01dc479cbc5f95&amp;width=60&amp;height=60&amp;smart=true\" alt=\"Foto do autor Pedro Augusto Figueiredo\" \/><\/div>\n<\/div>\n<div class=\"informs\">\n<div class=\"names\">Por <a title=\"Ir para p\u00e1gina do autor\" href=\"https:\/\/www.estadao.com.br\/autores\/pedro-augusto-figueiredo\/\" data-component-name=\"pagina-autor\">Pedro Augusto Figueiredo<\/a>&#8211; Estad\u00e3o<\/div>\n<div>\n<div class=\"photo\">\n<p class=\"styles__ParagraphStyled-sc-6adecn-0 cWrRiu  \" data-component-name=\"paragraph\">A Primeira Turma do <a title=\"https:\/\/www.estadao.com.br\/tudo-sobre\/stf-supremo-tribunal-federal\" href=\"https:\/\/www.estadao.com.br\/tudo-sobre\/stf-supremo-tribunal-federal\" target=\"_blank\" rel=\"noopener noreferrer\"><strong>Supremo Tribunal Federal (STF)<\/strong><\/a> <a title=\"https:\/\/www.estadao.com.br\/politica\/moraes-endurece-gonet-adota-tom-tecnico-e-defesas-reiteram-teses-como-foi-o-1-dia-de-julgamento\/\" href=\"https:\/\/www.estadao.com.br\/politica\/moraes-endurece-gonet-adota-tom-tecnico-e-defesas-reiteram-teses-como-foi-o-1-dia-de-julgamento\/\" target=\"_blank\" rel=\"noopener noreferrer\"><strong>iniciou nesta ter\u00e7a-feira, 2, o julgamento<\/strong><\/a> do ex-presidente <a title=\"https:\/\/www.estadao.com.br\/tudo-sobre\/jair-bolsonaro\" href=\"https:\/\/www.estadao.com.br\/tudo-sobre\/jair-bolsonaro\" target=\"_blank\" rel=\"noopener noreferrer\"><strong>Jair Bolsonaro<\/strong><\/a> (PL) e de outros sete r\u00e9us acusados de integrar o chamado \u201cn\u00facleo crucial\u201d da trama golpista.<\/p>\n<p class=\"styles__ParagraphStyled-sc-6adecn-0 cWrRiu  \" data-component-name=\"paragraph\">A previs\u00e3o \u00e9 que o resultado do julgamento seja conhecido na sexta-feira, 12. Al\u00e9m de votarem pela condena\u00e7\u00e3o ou absolvi\u00e7\u00e3o de cada um deles, os ministros precisam definir a dosimetria da pena \u2013 quanto tempo eles ficar\u00e3o presos.<\/p>\n<\/div>\n<\/div>\n<\/div>\n<div id=\"fb_share_1\" style=\"float: right; margin-left: 10px;\"><a name=\"fb_share\" type=\"button\" share_url=\"http:\/\/www.orc.com.br\/novo\/brasil\/quando-sai-o-resultado-do-julgamento-de-bolsonaro.html\" href=\"http:\/\/www.facebook.com\/sharer.php\">Share<\/a><\/div><div><script src=\"http:\/\/static.ak.fbcdn.net\/connect.php\/js\/FB.Share\" type=\"text\/javascript\"><\/script><\/div>","protected":false},"excerpt":{"rendered":"<p>Por Pedro Augusto Figueiredo&#8211; Estad\u00e3o A Primeira Turma do Supremo Tribunal Federal (STF) iniciou nesta ter\u00e7a-feira, 2, o julgamento do ex-presidente Jair Bolsonaro (PL) e de outros sete r\u00e9us acusados de integrar o chamado \u201cn\u00facleo crucial\u201d da trama golpista. A previs\u00e3o \u00e9 que o resultado do julgamento seja conhecido na sexta-feira, 12. Al\u00e9m de votarem &#8230;<\/p>\n","protected":false},"author":3,"featured_media":155268,"comment_status":"open","ping_status":"open","sticky":false,"template":"","format":"standard","meta":[],"categories":[1],"tags":[8],"jetpack_featured_media_url":"https:\/\/orc.com.br\/novo\/wp-content\/uploads\/2025\/09\/juiz1.jpg","_links":{"self":[{"href":"http:\/\/www.orc.com.br\/novo\/wp-json\/wp\/v2\/posts\/155267"}],"collection":[{"href":"http:\/\/www.orc.com.br\/novo\/wp-json\/wp\/v2\/posts"}],"about":[{"href":"http:\/\/www.orc.com.br\/novo\/wp-json\/wp\/v2\/types\/post"}],"author":[{"embeddable":true,"href":"http:\/\/www.orc.com.br\/novo\/wp-json\/wp\/v2\/users\/3"}],"replies":[{"embeddable":true,"href":"http:\/\/www.orc.com.br\/novo\/wp-json\/wp\/v2\/comments?post=155267"}],"version-history":[{"count":1,"href":"http:\/\/www.orc.com.br\/novo\/wp-json\/wp\/v2\/posts\/155267\/revisions"}],"predecessor-version":[{"id":155269,"href":"http:\/\/www.orc.com.br\/novo\/wp-json\/wp\/v2\/posts\/155267\/revisions\/155269"}],"wp:featuredmedia":[{"embeddable":true,"href":"http:\/\/www.orc.com.br\/novo\/wp-json\/wp\/v2\/media\/155268"}],"wp:attachment":[{"href":"http:\/\/www.orc.com.br\/novo\/wp-json\/wp\/v2\/media?parent=155267"}],"wp:term":[{"taxonomy":"category","embeddable":true,"href":"http:\/\/www.orc.com.br\/novo\/wp-json\/wp\/v2\/categories?post=155267"},{"taxonomy":"post_tag","embeddable":true,"href":"http:\/\/www.orc.com.br\/novo\/wp-json\/wp\/v2\/tags?post=155267"}],"curies":[{"name":"wp","href":"https:\/\/api.w.org\/{rel}","templated":true}]}}