{"id":155275,"date":"2025-09-03T06:51:40","date_gmt":"2025-09-03T09:51:40","guid":{"rendered":"https:\/\/www.orc.com.br\/novo\/?p=155275"},"modified":"2025-09-03T06:51:40","modified_gmt":"2025-09-03T09:51:40","slug":"acidente-entre-onibus-e-carreta-de-cana-de-acucar-mata-motorista-e-deixa-feridos-em-batatais","status":"publish","type":"post","link":"http:\/\/www.orc.com.br\/novo\/brasil\/acidente-entre-onibus-e-carreta-de-cana-de-acucar-mata-motorista-e-deixa-feridos-em-batatais.html","title":{"rendered":"Acidente entre \u00f4nibus e carreta de cana-de-a\u00e7\u00facar mata motorista e deixa feridos em Batatais"},"content":{"rendered":"<div id=\"chunk-en1mj\">\n<div class=\"mc-column content-text active-extra-styles \" data-block-type=\"unstyled\" data-block-weight=\"44\" data-block-id=\"3\">\n<p class=\" content-text__container \" data-track-category=\"Link no Texto\" data-track-links=\"\" data-mrf-recirculation=\"Mat\u00e9ria - Links no Texto\">Uma colis\u00e3o envolvendo um \u00f4nibus e uma carreta carregada com cerca de 15 toneladas de cana-de-a\u00e7\u00facar matou uma pessoa e deixou ao menos outras 11 feridas no in\u00edcio da madrugada desta ter\u00e7a-feira (2) em um acesso \u00e0 Rodovia C\u00e2ndido Portinari (SP-334), em <a class=\"\" href=\"https:\/\/g1.globo.com\/sp\/ribeirao-preto-franca\/cidade\/batatais\/\" data-mrf-link=\"https:\/\/g1.globo.com\/sp\/ribeirao-preto-franca\/cidade\/batatais\/\">Batatais (SP)<\/a>.<\/p>\n<\/div>\n<\/div>\n<div class=\"wall protected-content\">\n<div id=\"chunk-2qu39\">\n<div class=\"mc-column content-text active-extra-styles \" data-block-type=\"unstyled\" data-block-weight=\"44\" data-block-id=\"5\">\n<p class=\" content-text__container \" data-track-category=\"Link no Texto\" data-track-links=\"\" data-mrf-recirculation=\"Mat\u00e9ria - Links no Texto\">Segundo a Arteris ViaPaulista, o caminh\u00e3o trafegava na estrada municipal, por volta da 0h30, quando, ao acessar a rodovia, no Km 0,3, cruzou em local n\u00e3o permitido e foi atingido pelo \u00f4nibus, que saiu de <a class=\"\" href=\"https:\/\/g1.globo.com\/sp\/ribeirao-preto-franca\/cidade\/franca\/\" data-mrf-link=\"https:\/\/g1.globo.com\/sp\/ribeirao-preto-franca\/cidade\/franca\/\">Franca (SP)<\/a> e seguia rumo \u00e0 capital paulista.<\/p>\n<\/div>\n<\/div>\n<div id=\"chunk-5v5fj\">\n<div class=\"mc-column content-text active-extra-styles \" data-block-type=\"unstyled\" data-block-weight=\"15\" data-block-id=\"6\">\n<p class=\" content-text__container \" data-track-category=\"Link no Texto\" data-track-links=\"\" data-mrf-recirculation=\"Mat\u00e9ria - Links no Texto\">Com a colis\u00e3o, o \u00faltimo semirreboque tombou, e parte da carga caiu sobre a rodovia.<\/p>\n<\/div>\n<\/div>\n<div id=\"chunk-asvfp\">\n<div class=\"content-ads content-ads--reveal\" data-block-type=\"ads\" data-block-id=\"8\">\n<div id=\"banner_materia2\" class=\"tag-manager-publicidade-container tag-manager-publicidade-banner_materia2 tag-manager-publicidade-container--carregado tag-manager-publicidade-container--visivel\" data-google-query-id=\"CMfa1fKnvI8DFTlv3QIdQkICCw\">\n<div id=\"google_ads_iframe_\/95377733\/tvg_G1\/Sua_Regiao&gt;Sudeste&gt;Sao_Paulo_(Ribeirao_Preto)_2__container__\"><\/div>\n<\/div>\n<\/div>\n<\/div>\n<div id=\"chunk-70u1p\">\n<div class=\"row medium-uncollapsed content-media content-photo\" data-block-type=\"backstage-photo\" data-block-id=\"9\">\n<div class=\" mc-column  content-media__container\">\n<div class=\"content-media-container glb-skeleton-box\">\n<figure class=\"content-media-figure\"><img class=\"i-amphtml-fill-content i-amphtml-replaced-content\" src=\"https:\/\/s2-g1.glbimg.com\/wOGrk8_BG_611WC3j3VT9Mswbpw=\/0x0:1920x1080\/984x0\/smart\/filters:strip_icc()\/i.s3.glbimg.com\/v1\/AUTH_59edd422c0c84a879bd37670ae4f538a\/internal_photos\/bs\/2025\/G\/k\/di1RwHQ2mFprbBVbJyhw\/vlcsnap-2025-09-02-07h49m39s555.jpg\" sizes=\"(max-width: 1366px) 648px, 100vw\" srcset=\"https:\/\/s2-g1.glbimg.com\/EaFS2RA-kt3pyhVothP3JUWyDsU=\/0x0:1920x1080\/1000x0\/smart\/filters:strip_icc()\/i.s3.glbimg.com\/v1\/AUTH_59edd422c0c84a879bd37670ae4f538a\/internal_photos\/bs\/2025\/G\/k\/di1RwHQ2mFprbBVbJyhw\/vlcsnap-2025-09-02-07h49m39s555.jpg 1000w, https:\/\/s2-g1.glbimg.com\/wOGrk8_BG_611WC3j3VT9Mswbpw=\/0x0:1920x1080\/984x0\/smart\/filters:strip_icc()\/i.s3.glbimg.com\/v1\/AUTH_59edd422c0c84a879bd37670ae4f538a\/internal_photos\/bs\/2025\/G\/k\/di1RwHQ2mFprbBVbJyhw\/vlcsnap-2025-09-02-07h49m39s555.jpg 984w, https:\/\/s2-g1.glbimg.com\/_YwaZT-8ae6M_7SIf4_XNgInuYU=\/0x0:1920x1080\/640x0\/smart\/filters:strip_icc()\/i.s3.glbimg.com\/v1\/AUTH_59edd422c0c84a879bd37670ae4f538a\/internal_photos\/bs\/2025\/G\/k\/di1RwHQ2mFprbBVbJyhw\/vlcsnap-2025-09-02-07h49m39s555.jpg 640w, https:\/\/s2-g1.glbimg.com\/9p_LiXkMSPCINW7glxT1W7zGnlM=\/0x0:1920x1080\/600x0\/smart\/filters:strip_icc()\/i.s3.glbimg.com\/v1\/AUTH_59edd422c0c84a879bd37670ae4f538a\/internal_photos\/bs\/2025\/G\/k\/di1RwHQ2mFprbBVbJyhw\/vlcsnap-2025-09-02-07h49m39s555.jpg 600w\" alt=\"Acidente entre \u00f4nibus e treminh\u00e3o de cana-de-a\u00e7\u00facar matou motorista e deixou feridos \u2014 Foto: Reprodu\u00e7\u00e3o\/EPTV\" \/><\/figure>\n<\/div>\n<p class=\"content-media__description  \">Acidente entre \u00f4nibus e treminh\u00e3o de cana-de-a\u00e7\u00facar matou motorista e deixou feridos \u2014 Foto: Reprodu\u00e7\u00e3o\/EPTV<\/p>\n<\/div>\n<\/div>\n<\/div>\n<div id=\"chunk-dm320\">\n<div class=\"mc-column content-text active-extra-styles \" data-block-type=\"unstyled\" data-block-weight=\"15\" data-block-id=\"10\">\n<p class=\" content-text__container \" data-track-category=\"Link no Texto\" data-track-links=\"\" data-mrf-recirculation=\"Mat\u00e9ria - Links no Texto\">O motorista do \u00f4nibus, identificado como Jozimar Ferreira Borges, de 39 anos, morreu na hora.<\/p>\n<\/div>\n<\/div>\n<div id=\"chunk-s3ps\">\n<div class=\"mc-column content-text active-extra-styles \" data-block-type=\"unstyled\" data-block-weight=\"34\" data-block-id=\"11\">\n<p class=\" content-text__container \" data-track-category=\"Link no Texto\" data-track-links=\"\" data-mrf-recirculation=\"Mat\u00e9ria - Links no Texto\">J\u00e1 os feridos foram encaminhados \u00e0 Unidade de Pronto Atendimento (UPA) de Batatais, Santa Casa de Batatais e Hospital das Cl\u00ednicas (HC) de Ribeir\u00e3o\u00a0Preto (SP). N\u00e3o h\u00e1 informa\u00e7\u00f5es sobre o estado de sa\u00fade deles.<\/p>\n<\/div>\n<\/div>\n<div id=\"chunk-d4c7p\">\n<div class=\"mc-column content-text active-extra-styles \" data-block-type=\"unstyled\" data-block-weight=\"41\" data-block-id=\"12\">\n<p class=\" content-text__container \" data-track-category=\"Link no Texto\" data-track-links=\"\" data-mrf-recirculation=\"Mat\u00e9ria - Links no Texto\">Segundo a Pol\u00edcia Militar Rodovi\u00e1ria, a carreta tinha uma s\u00e9rie de irregularidades, como a proibi\u00e7\u00e3o de transitar no trecho, j\u00e1 que n\u00e3o possui a autoriza\u00e7\u00e3o especial de tr\u00e1fego, a falta de informa\u00e7\u00f5es no disco do tac\u00f3grafo e a placa dianteira ileg\u00edvel.<\/p>\n<\/div>\n<\/div>\n<div id=\"chunk-8m286\">\n<div class=\"content-ads content-ads--reveal\" data-block-type=\"ads\" data-block-id=\"14\">\n<div id=\"banner_materia__703869d5-8028-417c-b890-d33c2c029bbf\">\n<div id=\"google_ads_iframe_\/95377733\/tvg_G1\/Sua_Regiao&gt;Sudeste&gt;Sao_Paulo_(Ribeirao_Preto)_3__container__\"><\/div>\n<\/div>\n<\/div>\n<\/div>\n<div id=\"chunk-3m57r\">\n<div class=\"mc-column content-text active-extra-styles \" data-block-type=\"unstyled\" data-block-weight=\"10\" data-block-id=\"13\">\n<p class=\" content-text__container \" data-track-category=\"Link no Texto\" data-track-links=\"\" data-mrf-recirculation=\"Mat\u00e9ria - Links no Texto\">O motorista prestou depoimento \u00e0 Pol\u00edcia Civil e foi liberado.<\/p>\n<\/div>\n<\/div>\n<div id=\"chunk-30tma\">\n<div class=\"mc-column content-text active-extra-styles \" data-block-type=\"unstyled\" data-block-weight=\"19\" data-block-id=\"15\">\n<p class=\" content-text__container \" data-track-category=\"Link no Texto\" data-track-links=\"\" data-mrf-recirculation=\"Mat\u00e9ria - Links no Texto\">Por conta da colis\u00e3o, a rodovia precisou ser interditada, mas foi liberada para o tr\u00e2nsito por volta das 8h30.<\/p>\n<\/div>\n<\/div>\n<div id=\"chunk-71kl2\">\n<div class=\"mc-column content-text active-extra-styles \" data-block-type=\"unstyled\" data-block-weight=\"53\" data-block-id=\"16\">\n<p class=\" content-text__container \" data-track-category=\"Link no Texto\" data-track-links=\"\" data-mrf-recirculation=\"Mat\u00e9ria - Links no Texto\">A Life Transportes, respons\u00e1vel pelo \u00f4nibus, lamentou o acidente e afirmou que o foco da empresa est\u00e1 em prestar suporte aos familiares do motorista e aos passageiros envolvidos. Al\u00e9m disso, garantiu que est\u00e1 \u00e0 disposi\u00e7\u00e3o das autoridades para prestar esclarecimentos necess\u00e1rios e que o ve\u00edculo cumpria todas as exig\u00eancias legais para a viagem.<\/p>\n<\/div>\n<\/div>\n<div id=\"chunk-ajne\">\n<div class=\"row medium-uncollapsed content-media content-photo\" data-block-type=\"backstage-photo\" data-block-id=\"17\">\n<div class=\" mc-column  content-media__container\">\n<div class=\"content-media-container glb-skeleton-box\">\n<figure class=\"content-media-figure\"><img class=\"i-amphtml-fill-content i-amphtml-replaced-content\" src=\"https:\/\/s2-g1.glbimg.com\/w0V0SPMjFaLQpiDRIf1P6f5Wabc=\/0x0:1920x1080\/984x0\/smart\/filters:strip_icc()\/i.s3.glbimg.com\/v1\/AUTH_59edd422c0c84a879bd37670ae4f538a\/internal_photos\/bs\/2025\/N\/9\/qFw7DCSFAQ7jStRpjFsA\/vlcsnap-2025-09-02-07h50m16s035.jpg\" sizes=\"(max-width: 1366px) 648px, 100vw\" srcset=\"https:\/\/s2-g1.glbimg.com\/JrvgjdN-rckZmkjh_dw8v0TsgNg=\/0x0:1920x1080\/1000x0\/smart\/filters:strip_icc()\/i.s3.glbimg.com\/v1\/AUTH_59edd422c0c84a879bd37670ae4f538a\/internal_photos\/bs\/2025\/N\/9\/qFw7DCSFAQ7jStRpjFsA\/vlcsnap-2025-09-02-07h50m16s035.jpg 1000w, https:\/\/s2-g1.glbimg.com\/w0V0SPMjFaLQpiDRIf1P6f5Wabc=\/0x0:1920x1080\/984x0\/smart\/filters:strip_icc()\/i.s3.glbimg.com\/v1\/AUTH_59edd422c0c84a879bd37670ae4f538a\/internal_photos\/bs\/2025\/N\/9\/qFw7DCSFAQ7jStRpjFsA\/vlcsnap-2025-09-02-07h50m16s035.jpg 984w, https:\/\/s2-g1.glbimg.com\/rvcXRmbDVFPp6EDFyL1YQNi5yMI=\/0x0:1920x1080\/640x0\/smart\/filters:strip_icc()\/i.s3.glbimg.com\/v1\/AUTH_59edd422c0c84a879bd37670ae4f538a\/internal_photos\/bs\/2025\/N\/9\/qFw7DCSFAQ7jStRpjFsA\/vlcsnap-2025-09-02-07h50m16s035.jpg 640w, https:\/\/s2-g1.glbimg.com\/TyXKbtcgq9VimERt831cbRVT730=\/0x0:1920x1080\/600x0\/smart\/filters:strip_icc()\/i.s3.glbimg.com\/v1\/AUTH_59edd422c0c84a879bd37670ae4f538a\/internal_photos\/bs\/2025\/N\/9\/qFw7DCSFAQ7jStRpjFsA\/vlcsnap-2025-09-02-07h50m16s035.jpg 600w\" alt=\"Treminh\u00e3o carregado com cana cruzou em local proibido e foi atingido por \u00f4nibus em Batatais \u2014 Foto: Reprodu\u00e7\u00e3o\/EPTV\" \/><\/figure>\n<\/div>\n<p class=\"content-media__description  \">Treminh\u00e3o carregado com cana cruzou em local proibido e foi atingido por \u00f4nibus em Batatais \u2014 Foto: Reprodu\u00e7\u00e3o\/EPTV<\/p>\n<\/div>\n<\/div>\n<\/div>\n<div id=\"chunk-9ddap\">\n<div class=\"row medium-uncollapsed content-media content-photo\" data-block-type=\"backstage-photo\" data-block-id=\"18\">\n<div class=\" mc-column  content-media__container\">\n<div class=\"content-media-container glb-skeleton-box\">\n<figure class=\"content-media-figure\"><img class=\"i-amphtml-fill-content i-amphtml-replaced-content\" src=\"https:\/\/s2-g1.glbimg.com\/OFEjwJm-A0mvcO4eWUuVVtCNAlI=\/0x0:1200x2142\/984x0\/smart\/filters:strip_icc()\/i.s3.glbimg.com\/v1\/AUTH_59edd422c0c84a879bd37670ae4f538a\/internal_photos\/bs\/2025\/W\/k\/VLzxVuQASCCHlpHBuvtA\/250902-acidente-batatais.jpg\" sizes=\"(max-width: 1366px) 648px, 100vw\" srcset=\"https:\/\/s2-g1.glbimg.com\/QpgtnJW3wkRSD7o5RJ8WqdYU7qc=\/0x0:1200x2142\/1000x0\/smart\/filters:strip_icc()\/i.s3.glbimg.com\/v1\/AUTH_59edd422c0c84a879bd37670ae4f538a\/internal_photos\/bs\/2025\/W\/k\/VLzxVuQASCCHlpHBuvtA\/250902-acidente-batatais.jpg 1000w, https:\/\/s2-g1.glbimg.com\/OFEjwJm-A0mvcO4eWUuVVtCNAlI=\/0x0:1200x2142\/984x0\/smart\/filters:strip_icc()\/i.s3.glbimg.com\/v1\/AUTH_59edd422c0c84a879bd37670ae4f538a\/internal_photos\/bs\/2025\/W\/k\/VLzxVuQASCCHlpHBuvtA\/250902-acidente-batatais.jpg 984w, https:\/\/s2-g1.glbimg.com\/CMzMguonnM5-1VYXfhMcaF1gKYY=\/0x0:1200x2142\/640x0\/smart\/filters:strip_icc()\/i.s3.glbimg.com\/v1\/AUTH_59edd422c0c84a879bd37670ae4f538a\/internal_photos\/bs\/2025\/W\/k\/VLzxVuQASCCHlpHBuvtA\/250902-acidente-batatais.jpg 640w, https:\/\/s2-g1.glbimg.com\/SQ_PsASn9JEAEBy5HtRbODBoV9k=\/0x0:1200x2142\/600x0\/smart\/filters:strip_icc()\/i.s3.glbimg.com\/v1\/AUTH_59edd422c0c84a879bd37670ae4f538a\/internal_photos\/bs\/2025\/W\/k\/VLzxVuQASCCHlpHBuvtA\/250902-acidente-batatais.jpg 600w\" alt=\"Infogr\u00e1fico do acidente em Batatais \u2014 Foto: Arte\/g1\" \/><\/figure>\n<\/div>\n<p class=\"content-media__description  \">Infogr\u00e1fico do acidente em Batatais \u2014 Foto: Arte\/g1<\/p>\n<\/div>\n<\/div>\n<\/div>\n<div id=\"chunk-chcbh\">\n<div class=\"content-ads content-ads--reveal\" data-block-type=\"ads\" data-block-id=\"20\">\n<div id=\"banner_materia__2c5f5e92-2044-47cc-883b-33f1f80d0373\"><\/div>\n<\/div>\n<\/div>\n<div id=\"chunk-e69qn\">\n<div class=\"mc-column content-text active-extra-styles \" data-block-type=\"unstyled\" data-block-weight=\"11\" data-block-id=\"19\"><\/div>\n<\/div>\n<\/div>\n<footer>\n<div class=\"footer desktop theme-hover theme-bg-color-primary\">\n<div class=\"row\">\n<div class=\"column small-24\">\n<div class=\"diretorio\" data-ga-area=\"diretorio\">\n<div class=\"diretorio__esquerda\">\n<div class=\"diretorio__links diretorio__links--break-line\"><\/div>\n<\/div>\n<\/div>\n<\/div>\n<\/div>\n<\/div>\n<\/footer>\n<div id=\"fb_share_1\" style=\"float: right; margin-left: 10px;\"><a name=\"fb_share\" type=\"button\" share_url=\"http:\/\/www.orc.com.br\/novo\/brasil\/acidente-entre-onibus-e-carreta-de-cana-de-acucar-mata-motorista-e-deixa-feridos-em-batatais.html\" href=\"http:\/\/www.facebook.com\/sharer.php\">Share<\/a><\/div><div><script src=\"http:\/\/static.ak.fbcdn.net\/connect.php\/js\/FB.Share\" type=\"text\/javascript\"><\/script><\/div>","protected":false},"excerpt":{"rendered":"<p>Uma colis\u00e3o envolvendo um \u00f4nibus e uma carreta carregada com cerca de 15 toneladas de cana-de-a\u00e7\u00facar matou uma pessoa e deixou ao menos outras 11 feridas no in\u00edcio da madrugada desta ter\u00e7a-feira (2) em um acesso \u00e0 Rodovia C\u00e2ndido Portinari (SP-334), em Batatais (SP). Segundo a Arteris ViaPaulista, o caminh\u00e3o trafegava na estrada municipal, por &#8230;<\/p>\n","protected":false},"author":3,"featured_media":155276,"comment_status":"open","ping_status":"open","sticky":false,"template":"","format":"standard","meta":[],"categories":[1],"tags":[8],"jetpack_featured_media_url":"https:\/\/orc.com.br\/novo\/wp-content\/uploads\/2025\/09\/Acidente4.jpg","_links":{"self":[{"href":"http:\/\/www.orc.com.br\/novo\/wp-json\/wp\/v2\/posts\/155275"}],"collection":[{"href":"http:\/\/www.orc.com.br\/novo\/wp-json\/wp\/v2\/posts"}],"about":[{"href":"http:\/\/www.orc.com.br\/novo\/wp-json\/wp\/v2\/types\/post"}],"author":[{"embeddable":true,"href":"http:\/\/www.orc.com.br\/novo\/wp-json\/wp\/v2\/users\/3"}],"replies":[{"embeddable":true,"href":"http:\/\/www.orc.com.br\/novo\/wp-json\/wp\/v2\/comments?post=155275"}],"version-history":[{"count":1,"href":"http:\/\/www.orc.com.br\/novo\/wp-json\/wp\/v2\/posts\/155275\/revisions"}],"predecessor-version":[{"id":155277,"href":"http:\/\/www.orc.com.br\/novo\/wp-json\/wp\/v2\/posts\/155275\/revisions\/155277"}],"wp:featuredmedia":[{"embeddable":true,"href":"http:\/\/www.orc.com.br\/novo\/wp-json\/wp\/v2\/media\/155276"}],"wp:attachment":[{"href":"http:\/\/www.orc.com.br\/novo\/wp-json\/wp\/v2\/media?parent=155275"}],"wp:term":[{"taxonomy":"category","embeddable":true,"href":"http:\/\/www.orc.com.br\/novo\/wp-json\/wp\/v2\/categories?post=155275"},{"taxonomy":"post_tag","embeddable":true,"href":"http:\/\/www.orc.com.br\/novo\/wp-json\/wp\/v2\/tags?post=155275"}],"curies":[{"name":"wp","href":"https:\/\/api.w.org\/{rel}","templated":true}]}}