{"id":155291,"date":"2025-09-04T06:50:01","date_gmt":"2025-09-04T09:50:01","guid":{"rendered":"https:\/\/www.orc.com.br\/novo\/?p=155291"},"modified":"2025-09-04T06:50:01","modified_gmt":"2025-09-04T09:50:01","slug":"se-depender-do-senado-bolsonaro-fica-preso-diz-alcolumbre","status":"publish","type":"post","link":"http:\/\/www.orc.com.br\/novo\/politica\/se-depender-do-senado-bolsonaro-fica-preso-diz-alcolumbre.html","title":{"rendered":"Se depender do Senado, Bolsonaro fica preso, diz Alcolumbre"},"content":{"rendered":"<p>Presidente do Congresso, o senador Davi Alcolumbre (UB-AP) disse ser contr\u00e1rio \u00e0 aprova\u00e7\u00e3o de uma anistia para o ex-mandat\u00e1rio neofascista Jair Bolsonaro (PL), <a href=\"https:\/\/correiodobrasil.com.br\/a\/busca-apoio-bolsonaristas-tarcisio-reforca-discurso-anistia\" target=\"_blank\" rel=\"noopener\" data-t=\"{&quot;n&quot;:&quot;destination&quot;,&quot;t&quot;:13,&quot;a&quot;:&quot;click&quot;,&quot;b&quot;:1,&quot;c.t&quot;:7}\">mas admite rever as penas dos envolvidos no golpe de Estado<\/a> fracassado no 8 de Janeiro que participaram do quebra-quebra ocorrido na Pra\u00e7a dos Tr\u00eas Poderes.<\/p>\n<p data-t=\"{&quot;n&quot;:&quot;blueLinks&quot;,&quot;t&quot;:13,&quot;a&quot;:&quot;click&quot;,&quot;b&quot;:76}\">Eu vou votar o texto alternativo. \u00c9 isso que eu quero votar no Senado. Vou fazer esse texto e eu vou apresentar \u2014 adiantou Alcolumbre nesta manh\u00e3, em entrevista ao di\u00e1rio conservador paulistano <em>Folha de S. Paulo<\/em>.<\/p>\n<p data-t=\"{&quot;n&quot;:&quot;blueLinks&quot;,&quot;t&quot;:13,&quot;a&quot;:&quot;click&quot;,&quot;b&quot;:76}\">Ao mesmo tempo em que o Supremo Tribunal Federal (STF) iniciava, na v\u00e9spera, o julgamento hist\u00f3rico que poder\u00e1 levar Bolsonaro e militares de alta patente \u00e0 cadeia, por tentativa de golpe de Estado, aliados de Bolsonaro se movimentavam no Congresso pela aprova\u00e7\u00e3o de uma anistia a ser concedida imediatamente ap\u00f3s a divulga\u00e7\u00e3o do resultado.<\/p>\n<div id=\"fb_share_1\" style=\"float: right; margin-left: 10px;\"><a name=\"fb_share\" type=\"button\" share_url=\"http:\/\/www.orc.com.br\/novo\/politica\/se-depender-do-senado-bolsonaro-fica-preso-diz-alcolumbre.html\" href=\"http:\/\/www.facebook.com\/sharer.php\">Share<\/a><\/div><div><script src=\"http:\/\/static.ak.fbcdn.net\/connect.php\/js\/FB.Share\" type=\"text\/javascript\"><\/script><\/div>","protected":false},"excerpt":{"rendered":"<p>Presidente do Congresso, o senador Davi Alcolumbre (UB-AP) disse ser contr\u00e1rio \u00e0 aprova\u00e7\u00e3o de uma anistia para o ex-mandat\u00e1rio neofascista Jair Bolsonaro (PL), mas admite rever as penas dos envolvidos no golpe de Estado fracassado no 8 de Janeiro que participaram do quebra-quebra ocorrido na Pra\u00e7a dos Tr\u00eas Poderes. Eu vou votar o texto alternativo. &#8230;<\/p>\n","protected":false},"author":3,"featured_media":155292,"comment_status":"open","ping_status":"open","sticky":false,"template":"","format":"standard","meta":[],"categories":[14],"tags":[8],"jetpack_featured_media_url":"https:\/\/orc.com.br\/novo\/wp-content\/uploads\/2025\/09\/Alcolumbre1.jpeg","_links":{"self":[{"href":"http:\/\/www.orc.com.br\/novo\/wp-json\/wp\/v2\/posts\/155291"}],"collection":[{"href":"http:\/\/www.orc.com.br\/novo\/wp-json\/wp\/v2\/posts"}],"about":[{"href":"http:\/\/www.orc.com.br\/novo\/wp-json\/wp\/v2\/types\/post"}],"author":[{"embeddable":true,"href":"http:\/\/www.orc.com.br\/novo\/wp-json\/wp\/v2\/users\/3"}],"replies":[{"embeddable":true,"href":"http:\/\/www.orc.com.br\/novo\/wp-json\/wp\/v2\/comments?post=155291"}],"version-history":[{"count":1,"href":"http:\/\/www.orc.com.br\/novo\/wp-json\/wp\/v2\/posts\/155291\/revisions"}],"predecessor-version":[{"id":155293,"href":"http:\/\/www.orc.com.br\/novo\/wp-json\/wp\/v2\/posts\/155291\/revisions\/155293"}],"wp:featuredmedia":[{"embeddable":true,"href":"http:\/\/www.orc.com.br\/novo\/wp-json\/wp\/v2\/media\/155292"}],"wp:attachment":[{"href":"http:\/\/www.orc.com.br\/novo\/wp-json\/wp\/v2\/media?parent=155291"}],"wp:term":[{"taxonomy":"category","embeddable":true,"href":"http:\/\/www.orc.com.br\/novo\/wp-json\/wp\/v2\/categories?post=155291"},{"taxonomy":"post_tag","embeddable":true,"href":"http:\/\/www.orc.com.br\/novo\/wp-json\/wp\/v2\/tags?post=155291"}],"curies":[{"name":"wp","href":"https:\/\/api.w.org\/{rel}","templated":true}]}}