{"id":155297,"date":"2025-09-04T15:02:54","date_gmt":"2025-09-04T18:02:54","guid":{"rendered":"https:\/\/www.orc.com.br\/novo\/?p=155297"},"modified":"2025-09-04T15:02:54","modified_gmt":"2025-09-04T18:02:54","slug":"brasileira-afirma-ter-sido-abusada-por-jeffrey-epstein-quando-tinha-14-anos","status":"publish","type":"post","link":"http:\/\/www.orc.com.br\/novo\/internacional\/brasileira-afirma-ter-sido-abusada-por-jeffrey-epstein-quando-tinha-14-anos.html","title":{"rendered":"Brasileira afirma ter sido abusada por Jeffrey Epstein quando tinha 14 anos"},"content":{"rendered":"<h2>Marina Lacerda disse em entrevista \u00e0 ABC que conheceu Epstein pouco depois de se mudar para os EUA, em 2002, quando ela e uma amiga receberam US$ 300 para fazer uma massagem no empres\u00e1rio<\/h2>\n<p class=\"styles__ParagraphStyled-sc-6adecn-0 cWrRiu  \" data-component-name=\"paragraph\">A brasileira <strong>Marina Lacerda<\/strong>, de 37 anos, afirmou ter sido uma das v\u00edtimas do empres\u00e1rio <a title=\"https:\/\/www.estadao.com.br\/tudo-sobre\/jeffrey-epstein\/?srsltid=AfmBOopiK8cve5L2tOMZjeKmXNGw7Ze8IfsDxS9UdoMHXxOJFxnnB-Pi\" href=\"https:\/\/www.estadao.com.br\/tudo-sobre\/jeffrey-epstein\/?srsltid=AfmBOopiK8cve5L2tOMZjeKmXNGw7Ze8IfsDxS9UdoMHXxOJFxnnB-Pi\" target=\"_blank\" rel=\"noopener noreferrer\"><strong>Jeffrey Epstein<\/strong><\/a>. Os abusos come\u00e7aram quando ela tinha 14 anos, em Nova York, nos <a title=\"https:\/\/www.estadao.com.br\/tudo-sobre\/estados-unidos-america-do-norte\/\" href=\"https:\/\/www.estadao.com.br\/tudo-sobre\/estados-unidos-america-do-norte\/\" target=\"_blank\" rel=\"noopener\"><strong>Estados Unidos<\/strong><\/a>.<\/p>\n<p class=\"styles__ParagraphStyled-sc-6adecn-0 cWrRiu  \" data-component-name=\"paragraph\">Ela falou publicamente sobre o caso pela primeira vez nesta quarta-feira, 3, em uma entrevista \u00e0 emissora norte-americana <em>ABC<\/em>. Antes, Marina era identificada nos arquivos do processo contra Epstein como \u201cMinor Victim-1\u2033 (V\u00edtima Menor-1).<\/p>\n<div class=\"styles__IntertitleWrapper-sc-vje7ac-0 mMPqM intertitle-wrapper \">\n<h3 id=\"ele-me-forcou-a-ter-relacoes-sexuais\">\u201cEle me for\u00e7ou a ter rela\u00e7\u00f5es sexuais\u201d<\/h3>\n<\/div>\n<div class=\"styles__MultiParagraphAdStyled-sc-1yb8ue6-0 gJoYAt\" data-component-name=\"multi-paragraph\">\n<div class=\" ads-container\">\n<div class=\"styles__Container-sc-1v8tg5g-0 kdBSPY\">\n<p class=\"ads-placeholder-label\">PUBLICIDADE<\/p>\n<div class=\"ads-placeholder-wrapper\">\n<div id=\"tmeio1-1\" class=\"styles__AdSlotStyled-sc-1l64tzh-0 eotsDo formato-tmeio1\" data-google-query-id=\"CMyI_sLXv48DFSFs3QIdOMUESw\">\n<div id=\"google_ads_iframe_\/118650305\/internacional\/noticia_1__container__\"><\/div>\n<\/div>\n<\/div>\n<\/div>\n<\/div>\n<div class=\"paragraph\">\n<p>Marina relatou que conheceu Epstein em 2002, aos 14 anos, por meio de uma amiga. Ela vinha de um \u201clar desestruturado\u201d, havia chegado aos EUA havia pouco tempo e, ainda na adolesc\u00eancia, tornou-se respons\u00e1vel por ajudar a m\u00e3e e a irm\u00e3.<\/p>\n<p>\u201cMinha amiga disse para n\u00e3o me preocupar, que ele era muito legal. N\u00f3s ir\u00edamos para o andar de cima e far\u00edamos uma massagem nele. Depois, ele daria US$ 300 para cada e n\u00f3s ir\u00edamos embora\u201d, contou a brasileira. Ela era uma das diversas garotas da regi\u00e3o do Queens, em Nova York, recrutadas para fazer massagens em Epstein.<\/p>\n<p class=\"styles__ParagraphStyled-sc-6adecn-0 cWrRiu  \" data-component-name=\"paragraph\">Ele me for\u00e7ou a ter rela\u00e7\u00f5es sexuais com ele. Se ele estivesse em Nova York, planejava a semana para encontrar com o m\u00e1ximo de garotas poss\u00edvel\u201d, contou Marina. Em troca dos encontros, o empres\u00e1rio pagava centenas de d\u00f3lares a cada menina. Em seu depoimento durante a investiga\u00e7\u00e3o do caso, a brasileira afirmou que foi abusada sexualmente diversas vezes na casa de Epstein em Nova York, que recebia dinheiro ap\u00f3s os abusos e que era estimulada a recrutar outras garotas para participarem do esquema.<\/p>\n<div class=\"styles__IntertitleWrapper-sc-vje7ac-0 mMPqM intertitle-wrapper \">\n<h3 id=\"tres-anos-de-abusos\">Tr\u00eas anos de abusos<\/h3>\n<\/div>\n<p class=\"styles__ParagraphStyled-sc-6adecn-0 cWrRiu  \" data-component-name=\"paragraph\">A mulher relatou que foi v\u00edtima de Epstein por tr\u00eas anos, mas quando estava com quase 17 anos, ele perdeu o interesse, pois a considerava \u201cvelha demais\u201d. \u201cAcho que com Jeffrey Epstein, isso come\u00e7a em algum lugar, mas acaba com voc\u00ea tendo rela\u00e7\u00f5es sexuais com ele, goste ou n\u00e3o disso\u201d, disse.<\/p>\n<p class=\"styles__ParagraphStyled-sc-6adecn-0 cWrRiu  \" data-component-name=\"paragraph\">Marina tamb\u00e9m participou de uma entrevista coletiva com outras mulheres que acusam Epstein de abuso sexual, em frente ao Congresso dos EUA, em Washington. O ato pedia a divulga\u00e7\u00e3o de todos os arquivos da investiga\u00e7\u00e3o contra o empres\u00e1rio. Questionada pela ABC se acreditava que os documentos deveriam ser tornados p\u00fablicos, a brasileira afirmou: \u201cAbsolutamente\u201d.<\/p>\n<p class=\"styles__ParagraphStyled-sc-6adecn-0 cWrRiu  \" data-component-name=\"paragraph\">Epstein foi acusado de liderar uma rede de explora\u00e7\u00e3o e tr\u00e1fico sexual de menores de idade, ao lado da ex-namorada, <a title=\"https:\/\/www.estadao.com.br\/tudo-sobre\/ghislaine-maxwell\/?srsltid=AfmBOopN8hRBNdYYL-uRT7hz6UHqRjBF_evUISQYD8Sx4N9qT6YWV6eC\" href=\"https:\/\/www.estadao.com.br\/tudo-sobre\/ghislaine-maxwell\/?srsltid=AfmBOopN8hRBNdYYL-uRT7hz6UHqRjBF_evUISQYD8Sx4N9qT6YWV6eC\" target=\"_blank\" rel=\"noopener noreferrer\"><strong>Ghislaine Maxwell<\/strong><\/a><\/p>\n<\/div>\n<\/div>\n<div id=\"fb_share_1\" style=\"float: right; margin-left: 10px;\"><a name=\"fb_share\" type=\"button\" share_url=\"http:\/\/www.orc.com.br\/novo\/internacional\/brasileira-afirma-ter-sido-abusada-por-jeffrey-epstein-quando-tinha-14-anos.html\" href=\"http:\/\/www.facebook.com\/sharer.php\">Share<\/a><\/div><div><script src=\"http:\/\/static.ak.fbcdn.net\/connect.php\/js\/FB.Share\" type=\"text\/javascript\"><\/script><\/div>","protected":false},"excerpt":{"rendered":"<p>Marina Lacerda disse em entrevista \u00e0 ABC que conheceu Epstein pouco depois de se mudar para os EUA, em 2002, quando ela e uma amiga receberam US$ 300 para fazer uma massagem no empres\u00e1rio A brasileira Marina Lacerda, de 37 anos, afirmou ter sido uma das v\u00edtimas do empres\u00e1rio Jeffrey Epstein. Os abusos come\u00e7aram quando &#8230;<\/p>\n","protected":false},"author":3,"featured_media":155298,"comment_status":"open","ping_status":"open","sticky":false,"template":"","format":"standard","meta":[],"categories":[24],"tags":[8],"jetpack_featured_media_url":"https:\/\/orc.com.br\/novo\/wp-content\/uploads\/2025\/09\/Epstein.webp","_links":{"self":[{"href":"http:\/\/www.orc.com.br\/novo\/wp-json\/wp\/v2\/posts\/155297"}],"collection":[{"href":"http:\/\/www.orc.com.br\/novo\/wp-json\/wp\/v2\/posts"}],"about":[{"href":"http:\/\/www.orc.com.br\/novo\/wp-json\/wp\/v2\/types\/post"}],"author":[{"embeddable":true,"href":"http:\/\/www.orc.com.br\/novo\/wp-json\/wp\/v2\/users\/3"}],"replies":[{"embeddable":true,"href":"http:\/\/www.orc.com.br\/novo\/wp-json\/wp\/v2\/comments?post=155297"}],"version-history":[{"count":1,"href":"http:\/\/www.orc.com.br\/novo\/wp-json\/wp\/v2\/posts\/155297\/revisions"}],"predecessor-version":[{"id":155299,"href":"http:\/\/www.orc.com.br\/novo\/wp-json\/wp\/v2\/posts\/155297\/revisions\/155299"}],"wp:featuredmedia":[{"embeddable":true,"href":"http:\/\/www.orc.com.br\/novo\/wp-json\/wp\/v2\/media\/155298"}],"wp:attachment":[{"href":"http:\/\/www.orc.com.br\/novo\/wp-json\/wp\/v2\/media?parent=155297"}],"wp:term":[{"taxonomy":"category","embeddable":true,"href":"http:\/\/www.orc.com.br\/novo\/wp-json\/wp\/v2\/categories?post=155297"},{"taxonomy":"post_tag","embeddable":true,"href":"http:\/\/www.orc.com.br\/novo\/wp-json\/wp\/v2\/tags?post=155297"}],"curies":[{"name":"wp","href":"https:\/\/api.w.org\/{rel}","templated":true}]}}