{"id":155300,"date":"2025-09-04T15:06:40","date_gmt":"2025-09-04T18:06:40","guid":{"rendered":"https:\/\/www.orc.com.br\/novo\/?p=155300"},"modified":"2025-09-04T15:06:40","modified_gmt":"2025-09-04T18:06:40","slug":"morre-o-estilista-giorgio-armani","status":"publish","type":"post","link":"http:\/\/www.orc.com.br\/novo\/famosos\/morre-o-estilista-giorgio-armani.html","title":{"rendered":"Morre o estilista Giorgio Armani"},"content":{"rendered":"<p>Alice ferraz &#8211; Estad\u00e3o<\/p>\n<div class=\"default__StyledWrapper-sc-1jubmr2-0 jYtVxt styled-wrapper   \">\n<div class=\"styles__Tag-sc-1kqcjew-0 styles__TagStyled-sc-1kqcjew-1 dEOAIa BBdRX container\">\n<div class=\"styles__Tag-sc-1kqcjew-0 styles__TagStyled-sc-1kqcjew-1 dEOAIa BBdRX row\">\n<div class=\"styles__Tag-sc-1kqcjew-0 styles__TagStyled-sc-1kqcjew-1 dEOAIa BBdRX col-12\"><\/div>\n<\/div>\n<\/div>\n<\/div>\n<div class=\"styles__ContentWrapperContainerStyled-sc-1ehbu6v-0 iMMgpd content-wrapper  \"><\/div>\n<div id=\"content\" class=\"styles__ContentWrapperContainerStyled-sc-1ehbu6v-0 iMMgpd content-wrapper -paywall-parent box\">\n<div class=\"styles__ContentWrapperContainerStyled-sc-1ehbu6v-0 iMMgpd content-wrapper news-body container content template-coluna already-sliced already-checked\" data-paywall-wrapper=\"true\">\n<p class=\"styles__ParagraphStyled-sc-6adecn-0 cWrRiu  \" data-component-name=\"paragraph\"><a title=\"https:\/\/www.estadao.com.br\/cultura\/moda\/morre-o-estilista-giorgio-armani-aos-91-anos-nprec\/\" href=\"https:\/\/www.estadao.com.br\/cultura\/moda\/morre-o-estilista-giorgio-armani-aos-91-anos-nprec\/\" target=\"_blank\" rel=\"noopener\">Giorgio Armani morreu nesta quinta-feira, 4, em Mil\u00e3o, aos 91 anos<\/a>. Criador da <a title=\"https:\/\/www.estadao.com.br\/tudo-sobre\/giorgio-armani\/\" href=\"https:\/\/www.estadao.com.br\/tudo-sobre\/giorgio-armani\/\" target=\"_blank\" rel=\"noopener\">marca que leva seu nome<\/a>, o estilista revolucionou a <a title=\"https:\/\/www.estadao.com.br\/tudo-sobre\/moda\/\" href=\"https:\/\/www.estadao.com.br\/tudo-sobre\/moda\/\" target=\"_blank\" rel=\"noopener\">moda<\/a> a partir dos anos 1980 ao suavizar o terno masculino, trocando estruturas r\u00edgidas por cortes leves e elegantes. Seu estilo conquistou Hollywood e moldou o guarda-roupa de executivos e celebridades, consolidando-o como um dos maiores nomes da moda mundial.<\/p>\n<figure class=\"styles__FigureImageWrapper-sc-1qk1vbn-0 NaVlt figure-image-wrapper   \"><figcaption class=\"ignore-change-font-for-app\">\n<div class=\"\"><\/div>\n<\/figcaption><\/figure>\n<p class=\"styles__ParagraphStyled-sc-6adecn-0 cWrRiu  \" data-component-name=\"paragraph\"><a title=\"https:\/\/www.estadao.com.br\/cultura\/moda\/relembre-a-trajetoria-de-giorgio-armani-de-assistente-de-vitrine-a-referencia-global-da-moda-nprec\/\" href=\"https:\/\/www.estadao.com.br\/cultura\/moda\/relembre-a-trajetoria-de-giorgio-armani-de-assistente-de-vitrine-a-referencia-global-da-moda-nprec\/\" target=\"_blank\" rel=\"noopener\">Ao longo de mais de cinco d\u00e9cadas de carreira<\/a>, Armani construiu um imp\u00e9rio que expandiu da alfaiataria para linhas femininas, alta-costura, esportivas, acess\u00f3rios, perfumes e hotelaria. Sua vis\u00e3o minimalista definiu uma est\u00e9tica internacional de eleg\u00e2ncia discreta, onde o luxo se expressa mais pela forma e pelo corte do que pelo excesso.<\/p>\n<p data-component-name=\"paragraph\">Considerado um mestre da sobriedade, tamb\u00e9m cultivou di\u00e1logos com refer\u00eancias do Oriente, em especial no uso de silhuetas fluidas e tecidos que evocam leveza e movimento, refor\u00e7ando sua assinatura de modernidade atemporal. A cor azul marinho, em especial, tornou-se um de seus s\u00edmbolos, valorizada como alternativa sofisticada ao preto em ternos e vestidos de noite.<\/p>\n<p data-component-name=\"paragraph\">Armani tamb\u00e9m assinou projetos fora das passarelas, entre eles o desenho dos uniformes da Polizia di Stato, pol\u00edcia nacional italiana, no in\u00edcio dos anos 2000. Essa amplitude criativa, aliada \u00e0 independ\u00eancia de pensamento, consolidou sua marca como um dos pilares da moda contempor\u00e2nea.<\/p>\n<p data-component-name=\"paragraph\">\n<\/div>\n<\/div>\n<div id=\"fb_share_1\" style=\"float: right; margin-left: 10px;\"><a name=\"fb_share\" type=\"button\" share_url=\"http:\/\/www.orc.com.br\/novo\/famosos\/morre-o-estilista-giorgio-armani.html\" href=\"http:\/\/www.facebook.com\/sharer.php\">Share<\/a><\/div><div><script src=\"http:\/\/static.ak.fbcdn.net\/connect.php\/js\/FB.Share\" type=\"text\/javascript\"><\/script><\/div>","protected":false},"excerpt":{"rendered":"<p>Alice ferraz &#8211; Estad\u00e3o Giorgio Armani morreu nesta quinta-feira, 4, em Mil\u00e3o, aos 91 anos. Criador da marca que leva seu nome, o estilista revolucionou a moda a partir dos anos 1980 ao suavizar o terno masculino, trocando estruturas r\u00edgidas por cortes leves e elegantes. Seu estilo conquistou Hollywood e moldou o guarda-roupa de executivos &#8230;<\/p>\n","protected":false},"author":3,"featured_media":155301,"comment_status":"open","ping_status":"open","sticky":false,"template":"","format":"standard","meta":[],"categories":[16],"tags":[8],"jetpack_featured_media_url":"https:\/\/orc.com.br\/novo\/wp-content\/uploads\/2025\/09\/Giorgio.webp","_links":{"self":[{"href":"http:\/\/www.orc.com.br\/novo\/wp-json\/wp\/v2\/posts\/155300"}],"collection":[{"href":"http:\/\/www.orc.com.br\/novo\/wp-json\/wp\/v2\/posts"}],"about":[{"href":"http:\/\/www.orc.com.br\/novo\/wp-json\/wp\/v2\/types\/post"}],"author":[{"embeddable":true,"href":"http:\/\/www.orc.com.br\/novo\/wp-json\/wp\/v2\/users\/3"}],"replies":[{"embeddable":true,"href":"http:\/\/www.orc.com.br\/novo\/wp-json\/wp\/v2\/comments?post=155300"}],"version-history":[{"count":2,"href":"http:\/\/www.orc.com.br\/novo\/wp-json\/wp\/v2\/posts\/155300\/revisions"}],"predecessor-version":[{"id":155303,"href":"http:\/\/www.orc.com.br\/novo\/wp-json\/wp\/v2\/posts\/155300\/revisions\/155303"}],"wp:featuredmedia":[{"embeddable":true,"href":"http:\/\/www.orc.com.br\/novo\/wp-json\/wp\/v2\/media\/155301"}],"wp:attachment":[{"href":"http:\/\/www.orc.com.br\/novo\/wp-json\/wp\/v2\/media?parent=155300"}],"wp:term":[{"taxonomy":"category","embeddable":true,"href":"http:\/\/www.orc.com.br\/novo\/wp-json\/wp\/v2\/categories?post=155300"},{"taxonomy":"post_tag","embeddable":true,"href":"http:\/\/www.orc.com.br\/novo\/wp-json\/wp\/v2\/tags?post=155300"}],"curies":[{"name":"wp","href":"https:\/\/api.w.org\/{rel}","templated":true}]}}