{"id":155304,"date":"2025-09-04T15:13:50","date_gmt":"2025-09-04T18:13:50","guid":{"rendered":"https:\/\/www.orc.com.br\/novo\/?p=155304"},"modified":"2025-09-04T15:13:50","modified_gmt":"2025-09-04T18:13:50","slug":"defesa-de-general-paulo-sergio-coloca-bolsonaro-no-epicentro-do-golpe-e-enfurece-aliados-do-ex-presidente","status":"publish","type":"post","link":"http:\/\/www.orc.com.br\/novo\/politica\/defesa-de-general-paulo-sergio-coloca-bolsonaro-no-epicentro-do-golpe-e-enfurece-aliados-do-ex-presidente.html","title":{"rendered":"Defesa de general Paulo S\u00e9rgio coloca Bolsonaro no epicentro do golpe e enfurece aliados do ex-presidente"},"content":{"rendered":"<p>A defesa do general Paulo S\u00e9rgio Nogueira, ex-ministro da Defesa, surpreendeu ministros da 1\u00aa Turma do Supremo Tribunal Federal (STF) ao colocar o ex-presidente Jair Bolsonaro no centro da tentativa de golpe de estado ap\u00f3s a derrota nas elei\u00e7\u00f5es de 2022. Segundo informa\u00e7\u00f5es da jornalista Andr\u00e9ia Sadi, do <a href=\"https:\/\/g1.globo.com\/politica\/blog\/andreia-sadi\/post\/2025\/09\/04\/defesa-general-paulo-sergio-bolsonaro-centro-golpe-enfurece-aliados.ghtml\" target=\"_blank\" rel=\"noopener\" data-t=\"{&quot;n&quot;:&quot;destination&quot;,&quot;t&quot;:13,&quot;a&quot;:&quot;click&quot;,&quot;b&quot;:1,&quot;c.t&quot;:7}\">g1<\/a>, a teoria defendida pelo advogado do general nos tribunais \u00e9 de que Paulo S\u00e9rgio teria tentado dissuadir Bolsonaro de tomar medidas excepcionais, como uma tentativa de golpe. O movimento enfureceu aliados do ex-presidente&#8230;<\/p>\n<div id=\"__next\"><main class=\"__variable_7b4e2e\"><\/p>\n<div class=\"container\"><main class=\"main\"><\/p>\n<div class=\"mainCols article\">\n<div class=\"main--right\"><\/div>\n<\/div>\n<p><\/main><\/div>\n<p><\/main><\/div>\n<div id=\"tbl-aug-10909\">\n<div id=\"tbl-aug-54500\">\n<div id=\"tbl-aug-8803\">\n<div class=\"trc_popover trc_popover_fade trc_bottom\">\n<div class=\"popupContentWrapper\">\n<div class=\"trc_popover_content_wrapper\">\n<div class=\"trc_popover_content\">A argumenta\u00e7\u00e3o da defesa foi detalhada e enf\u00e1tica, como revelaram ministros do STF. Durante o julgamento, uma interven\u00e7\u00e3o da ministra C\u00e1rmen L\u00facia, que questionou o significado de &#8220;demover Bolsonaro&#8221;, deixou clara a conex\u00e3o entre o ex-presidente e uma poss\u00edvel a\u00e7\u00e3o golpista. A ministra ressaltou o impacto das palavras do advogado do general, que ligava diretamente o nome de Bolsonaro a essas alega\u00e7\u00f5es, algo que o ex-presidente e outros r\u00e9us do n\u00facleo central da investiga\u00e7\u00e3o negavam at\u00e9 o momento do julgamento.<\/p>\n<div>\n<div id=\"notsy_container_361286253\" class=\"B24_VIDEO  marginBottom30 marginTop30\" data-notsy-container-index=\"1\" data-notsy-mapped-container=\"1\">\n<div id=\"video_57051-container\" class=\"nts-container\" data-mobile=\"0\">\n<div id=\"video_57051-sub-container\" class=\"ym-video--sub-container\">\n<div id=\"video_57051-placeholder\"><\/div>\n<div id=\"video_57051-float-container\" class=\"nts-float-container\">\n<div class=\"ym-video--player-container\">\n<div id=\"video_57051\" class=\"video-js vjs-default-skin vjs-big-play-centered vjs-paused video_57051-dimensions vjs-fluid vjs-controls-enabled vjs-workinghover vjs-v7 vjs-user-active\" lang=\"pt-br\" tabindex=\"-1\" role=\"region\" aria-label=\"Video Player\">\n<div class=\"vjs-poster\" aria-disabled=\"false\">\n<p>Essa abordagem gerou forte repercuss\u00e3o, principalmente entre os aliados de Bolsonaro e seus advogados. F\u00e1bio Wajngarten, ex-chefe da Secretaria de Comunica\u00e7\u00e3o Social, foi um dos que reagiram veementemente. Ele fez uma postagem criticando a teoria defendida pela defesa de Paulo S\u00e9rgio, acusando uma &#8220;turma que vivia no bate e assopra na orelha do presidente&#8221; de criar &#8220;teorias conspirat\u00f3rias&#8221; para manter sua relev\u00e2ncia.<\/p>\n<p>Nos bastidores, outros advogados tamb\u00e9m se mostraram enfurecidos, considerando que a estrat\u00e9gia de Paulo S\u00e9rgio poderia complicar a situa\u00e7\u00e3o de Bolsonaro no momento crucial do julgamento, possivelmente dificultando sua defesa.<\/p>\n<p>Por outro lado, alguns ministros do STF avaliam a situa\u00e7\u00e3o de Paulo S\u00e9rgio e de Augusto Heleno, ex-ministro do Gabinete de Seguran\u00e7a Institucional (GSI), de forma diferenciada em rela\u00e7\u00e3o aos outros r\u00e9us.<\/p>\n<p>Embora reconhe\u00e7am que \u00e9 improv\u00e1vel que os dois n\u00e3o soubessem o que estava acontecendo nos bastidores, h\u00e1 uma an\u00e1lise sobre a escassez de informa\u00e7\u00f5es que possam vincul\u00e1-los diretamente \u00e0 trama golpista.<\/p>\n<p>Em rela\u00e7\u00e3o a Heleno, uma poss\u00edvel diverg\u00eancia se aponta a partir do momento em que ele sumiu ap\u00f3s uma reuni\u00e3o na qual teria mencionado a ideia de &#8220;virar a mesa&#8221;. J\u00e1 em rela\u00e7\u00e3o ao general Paulo S\u00e9rgio, comandantes das For\u00e7as Armadas, incluindo o Ex\u00e9rcito, Marinha e Aeron\u00e1utica, sugerem que ele teria se reunido com o objetivo de impedir o golpe.<\/p>\n<\/div>\n<\/div>\n<\/div>\n<\/div>\n<\/div>\n<\/div>\n<\/div>\n<\/div>\n<\/div>\n<div><\/div>\n<\/div>\n<\/div>\n<\/div>\n<\/div>\n<\/div>\n<\/div>\n<p>&nbsp;<\/p>\n<div id=\"fb_share_1\" style=\"float: right; margin-left: 10px;\"><a name=\"fb_share\" type=\"button\" share_url=\"http:\/\/www.orc.com.br\/novo\/politica\/defesa-de-general-paulo-sergio-coloca-bolsonaro-no-epicentro-do-golpe-e-enfurece-aliados-do-ex-presidente.html\" href=\"http:\/\/www.facebook.com\/sharer.php\">Share<\/a><\/div><div><script src=\"http:\/\/static.ak.fbcdn.net\/connect.php\/js\/FB.Share\" type=\"text\/javascript\"><\/script><\/div>","protected":false},"excerpt":{"rendered":"<p>A defesa do general Paulo S\u00e9rgio Nogueira, ex-ministro da Defesa, surpreendeu ministros da 1\u00aa Turma do Supremo Tribunal Federal (STF) ao colocar o ex-presidente Jair Bolsonaro no centro da tentativa de golpe de estado ap\u00f3s a derrota nas elei\u00e7\u00f5es de 2022. Segundo informa\u00e7\u00f5es da jornalista Andr\u00e9ia Sadi, do g1, a teoria defendida pelo advogado do &#8230;<\/p>\n","protected":false},"author":3,"featured_media":155306,"comment_status":"open","ping_status":"open","sticky":false,"template":"","format":"standard","meta":[],"categories":[14],"tags":[],"jetpack_featured_media_url":"https:\/\/orc.com.br\/novo\/wp-content\/uploads\/2025\/09\/GeneralPaulo.webp","_links":{"self":[{"href":"http:\/\/www.orc.com.br\/novo\/wp-json\/wp\/v2\/posts\/155304"}],"collection":[{"href":"http:\/\/www.orc.com.br\/novo\/wp-json\/wp\/v2\/posts"}],"about":[{"href":"http:\/\/www.orc.com.br\/novo\/wp-json\/wp\/v2\/types\/post"}],"author":[{"embeddable":true,"href":"http:\/\/www.orc.com.br\/novo\/wp-json\/wp\/v2\/users\/3"}],"replies":[{"embeddable":true,"href":"http:\/\/www.orc.com.br\/novo\/wp-json\/wp\/v2\/comments?post=155304"}],"version-history":[{"count":1,"href":"http:\/\/www.orc.com.br\/novo\/wp-json\/wp\/v2\/posts\/155304\/revisions"}],"predecessor-version":[{"id":155307,"href":"http:\/\/www.orc.com.br\/novo\/wp-json\/wp\/v2\/posts\/155304\/revisions\/155307"}],"wp:featuredmedia":[{"embeddable":true,"href":"http:\/\/www.orc.com.br\/novo\/wp-json\/wp\/v2\/media\/155306"}],"wp:attachment":[{"href":"http:\/\/www.orc.com.br\/novo\/wp-json\/wp\/v2\/media?parent=155304"}],"wp:term":[{"taxonomy":"category","embeddable":true,"href":"http:\/\/www.orc.com.br\/novo\/wp-json\/wp\/v2\/categories?post=155304"},{"taxonomy":"post_tag","embeddable":true,"href":"http:\/\/www.orc.com.br\/novo\/wp-json\/wp\/v2\/tags?post=155304"}],"curies":[{"name":"wp","href":"https:\/\/api.w.org\/{rel}","templated":true}]}}