{"id":155308,"date":"2025-09-04T15:18:01","date_gmt":"2025-09-04T18:18:01","guid":{"rendered":"https:\/\/www.orc.com.br\/novo\/?p=155308"},"modified":"2025-09-04T15:18:01","modified_gmt":"2025-09-04T18:18:01","slug":"alcolumbre-consegue-apoio-no-stf-para-reducao-de-penas-mas-sem-anistia-para-bolsonaro","status":"publish","type":"post","link":"http:\/\/www.orc.com.br\/novo\/brasil\/alcolumbre-consegue-apoio-no-stf-para-reducao-de-penas-mas-sem-anistia-para-bolsonaro.html","title":{"rendered":"Alcolumbre consegue apoio no STF para redu\u00e7\u00e3o de penas, mas sem anistia para Bolsonaro"},"content":{"rendered":"<div id=\"__next\"><main class=\"__variable_7b4e2e\"><\/p>\n<div class=\"container\"><main class=\"main\"><\/p>\n<div class=\"mainCols article\">\n<div class=\"main--left\">\n<article class=\"article__full\">\n<div class=\"article__text article_speakable\">\n<div data-cy=\"articleBody\">\n<p>A articula\u00e7\u00e3o para uma poss\u00edvel anistia aos envolvidos no 8 de janeiro ganhou for\u00e7a nos bastidores de Bras\u00edlia, com press\u00e3o de diversos setores da pol\u00edtica. De acordo com a <a href=\"https:\/\/www1.folha.uol.com.br\/poder\/2025\/09\/alcolumbre-tem-aval-do-stf-para-reduzir-penas-do-81-mas-centrao-quer-anistia-que-livre-bolsonaro-da-prisao.shtml\" target=\"_blank\" rel=\"noopener noreferrer\">Folha de S.Paulo<\/a>, a movimenta\u00e7\u00e3o ocorreu simultaneamente ao julgamento de sete r\u00e9us acusados de envolvimento nos atos golpistas. Ao longo dos dois primeiros dias de julgamento, surgiram especula\u00e7\u00f5es sobre uma poss\u00edvel anistia a Jair Bolsonaro (PL), uma a\u00e7\u00e3o que n\u00e3o s\u00f3 refletiria nos tr\u00eas Poderes, mas tamb\u00e9m nas elei\u00e7\u00f5es de 2026. Embora Davi Alcolumbre, presidente do Senado, tenha declarado que apoia um projeto que reduz as penas dos condenados pelo 8 de Janeiro, sem incluir Bolsonaro no perd\u00e3o, figuras proeminentes do centr\u00e3o e da oposi\u00e7\u00e3o manifestam discord\u00e2ncia, defendendo uma anistia ampla que livraria o ex-presidente da pris\u00e3o.<\/p>\n<p>No Senado, l\u00edderes pol\u00edticos est\u00e3o divididos sobre a forma da proposta. Alguns defendem um perd\u00e3o geral para todos os envolvidos nos ataques, mantendo, no entanto, a inelegibilidade de Bolsonaro, um ponto estrat\u00e9gico que beneficia o governador de S\u00e3o Paulo, Tarc\u00edsio de Freitas (Republicanos), em sua candidatura \u00e0 presid\u00eancia em 2026. Tarc\u00edsio se envolveu ativamente na articula\u00e7\u00e3o pol\u00edtica em busca do perd\u00e3o amplo, com o apoio do centr\u00e3o. De acordo com fontes do governo Lula (PT) e do Supremo Tribunal Federal (STF), a expectativa \u00e9 que essa movimenta\u00e7\u00e3o tenha impacto nas elei\u00e7\u00f5es, al\u00e9m de garantir uma resposta \u00e0 ala bolsonarista que questiona a viabilidade de Tarc\u00edsio.<\/p>\n<p>Embora o projeto de anistia precise da aprova\u00e7\u00e3o do Congresso, a san\u00e7\u00e3o do presidente Lula ser\u00e1 crucial para determinar o futuro da proposta. A palavra final, por\u00e9m, caber\u00e1 ao pr\u00f3prio Congresso, que pode derrubar vetos presidenciais. Para um perd\u00e3o amplo, s\u00e3o necess\u00e1rios cerca de 300 votos na C\u00e2mara, o que indicaria apoio suficiente para garantir a aprova\u00e7\u00e3o do projeto. A disputa est\u00e1 em um impasse, com o julgamento de Bolsonaro e outros r\u00e9us previsto para ser conclu\u00eddo na pr\u00f3xima semana. As penas m\u00e1ximas para os acusados podem ultrapassar 40 anos de pris\u00e3o, aumentando ainda mais a press\u00e3o sobre os parlamentares.<\/p>\n<p>Davi Alcolumbre, por sua vez, defende uma alternativa \u00e0 anistia ampla. Segundo ele, n\u00e3o h\u00e1 apoio majorit\u00e1rio para a proposta, que inclui o perd\u00e3o a Bolsonaro. Em entrevista, o presidente do Senado afirmou \u00e0 Folha que rejeita a ideia de uma anistia geral e que trabalhar\u00e1 em um projeto alternativo. Este projeto, j\u00e1 discutido pelo ex-presidente do Senado Rodrigo Pacheco (PSD-MG), conta com o apoio de ministros do STF, uma vez que n\u00e3o envolveria o perd\u00e3o a quem planejou ou financiou os atos golpistas. No entanto, a resist\u00eancia do bolsonarismo, que exige a inclus\u00e3o de Bolsonaro no perd\u00e3o, tem sido um obst\u00e1culo para avan\u00e7ar com essa proposta.<\/p>\n<div class=\"contentAd contentAd--noBackground marginBottom30\">\n<div class=\"marginTop10 adBackground\">\n<div class=\"ad marginBottom30 ad--center minHeight280\">\n<div id=\"b247-multipage-standard-3\" data-google-query-id=\"COXGpsnbv48DFX2JYQYdlRQOeg\">\n<div id=\"google_ads_iframe_\/55115104\/b247-multipage-standard-3_0__container__\"><\/div>\n<\/div>\n<\/div>\n<\/div>\n<\/div>\n<p>Apesar das divis\u00f5es, parlamentares de centro-direita e direita cogitam a possibilidade de um meio-termo, que incluiria uma solu\u00e7\u00e3o negociada para garantir a aprova\u00e7\u00e3o da proposta. Nos bastidores, acredita-se que essa estrat\u00e9gia poderia envolver um compromisso informal com ministros do STF para evitar que a corte derrubasse a proposta. No entanto, h\u00e1 quem considere que a movimenta\u00e7\u00e3o do centr\u00e3o e de Tarc\u00edsio seja apenas uma estrat\u00e9gia de imagem, servindo para garantir a candidatura do governador de S\u00e3o Paulo sem comprometer a base bolsonarista.<\/p>\n<p>No STF, a press\u00e3o sobre a proposta de anistia tamb\u00e9m segue em alta. Alguns ministros consideram mais favor\u00e1vel o projeto de Alcolumbre, embora, ap\u00f3s a movimenta\u00e7\u00e3o pol\u00edtica, haja maior disposi\u00e7\u00e3o para o perd\u00e3o amplo. A expectativa \u00e9 que o STF se pronuncie sobre a constitucionalidade da medida, caso ela seja aprovada pelo Congresso. Em declara\u00e7\u00f5es recentes, o presidente da corte, Lu\u00eds Roberto Barroso, afirmou que a anistia antes do julgamento seria &#8220;imposs\u00edvel&#8221;, mas ap\u00f3s ele, poderia se tornar uma quest\u00e3o pol\u00edtica.<\/p>\n<p>A articula\u00e7\u00e3o para a anistia tamb\u00e9m ganhou for\u00e7a no Congresso, com o apoio de partidos como PP, Uni\u00e3o Brasil e Republicanos, que defendem a proposta com urg\u00eancia. J\u00e1 o PT, por meio de seu l\u00edder Lindbergh Farias (RJ), manifestou oposi\u00e7\u00e3o, considerando o avan\u00e7o da anistia um erro. Farias atribuiu a articula\u00e7\u00e3o de Tarc\u00edsio como um movimento estrat\u00e9gico para consolidar sua candidatura presidencial, ao mesmo tempo em que procurava evitar uma oposi\u00e7\u00e3o interna entre os bolsonaristas.<\/p>\n<p>Em uma reuni\u00e3o com l\u00edderes do Uni\u00e3o Brasil, o presidente Luiz In\u00e1cio Lula da Silva (PT) reiterou sua oposi\u00e7\u00e3o ao avan\u00e7o da anistia, buscando fortalecer a resist\u00eancia do governo ao projeto. O presidente destacou, em seu encontro no Pal\u00e1cio da Alvorada, que a aprova\u00e7\u00e3o da anistia representaria uma rendi\u00e7\u00e3o ao presidente dos EUA, Donald Trump, que, por sua vez, tem sido uma figura-chave na mobiliza\u00e7\u00e3o de aliados pol\u00edticos em apoio a Bolsonaro.<\/p>\n<\/div>\n<\/div>\n<\/article>\n<\/div>\n<\/div>\n<p><\/main><\/div>\n<p><\/main><\/div>\n<p>&nbsp;<\/p>\n<p>&nbsp;<\/p>\n<div id=\"fb_share_1\" style=\"float: right; margin-left: 10px;\"><a name=\"fb_share\" type=\"button\" share_url=\"http:\/\/www.orc.com.br\/novo\/brasil\/alcolumbre-consegue-apoio-no-stf-para-reducao-de-penas-mas-sem-anistia-para-bolsonaro.html\" href=\"http:\/\/www.facebook.com\/sharer.php\">Share<\/a><\/div><div><script src=\"http:\/\/static.ak.fbcdn.net\/connect.php\/js\/FB.Share\" type=\"text\/javascript\"><\/script><\/div>","protected":false},"excerpt":{"rendered":"<p>A articula\u00e7\u00e3o para uma poss\u00edvel anistia aos envolvidos no 8 de janeiro ganhou for\u00e7a nos bastidores de Bras\u00edlia, com press\u00e3o de diversos setores da pol\u00edtica. De acordo com a Folha de S.Paulo, a movimenta\u00e7\u00e3o ocorreu simultaneamente ao julgamento de sete r\u00e9us acusados de envolvimento nos atos golpistas. Ao longo dos dois primeiros dias de julgamento, &#8230;<\/p>\n","protected":false},"author":3,"featured_media":155309,"comment_status":"open","ping_status":"open","sticky":false,"template":"","format":"standard","meta":[],"categories":[1],"tags":[8],"jetpack_featured_media_url":"https:\/\/orc.com.br\/novo\/wp-content\/uploads\/2025\/09\/Alcolumbre1-1.jpeg","_links":{"self":[{"href":"http:\/\/www.orc.com.br\/novo\/wp-json\/wp\/v2\/posts\/155308"}],"collection":[{"href":"http:\/\/www.orc.com.br\/novo\/wp-json\/wp\/v2\/posts"}],"about":[{"href":"http:\/\/www.orc.com.br\/novo\/wp-json\/wp\/v2\/types\/post"}],"author":[{"embeddable":true,"href":"http:\/\/www.orc.com.br\/novo\/wp-json\/wp\/v2\/users\/3"}],"replies":[{"embeddable":true,"href":"http:\/\/www.orc.com.br\/novo\/wp-json\/wp\/v2\/comments?post=155308"}],"version-history":[{"count":1,"href":"http:\/\/www.orc.com.br\/novo\/wp-json\/wp\/v2\/posts\/155308\/revisions"}],"predecessor-version":[{"id":155310,"href":"http:\/\/www.orc.com.br\/novo\/wp-json\/wp\/v2\/posts\/155308\/revisions\/155310"}],"wp:featuredmedia":[{"embeddable":true,"href":"http:\/\/www.orc.com.br\/novo\/wp-json\/wp\/v2\/media\/155309"}],"wp:attachment":[{"href":"http:\/\/www.orc.com.br\/novo\/wp-json\/wp\/v2\/media?parent=155308"}],"wp:term":[{"taxonomy":"category","embeddable":true,"href":"http:\/\/www.orc.com.br\/novo\/wp-json\/wp\/v2\/categories?post=155308"},{"taxonomy":"post_tag","embeddable":true,"href":"http:\/\/www.orc.com.br\/novo\/wp-json\/wp\/v2\/tags?post=155308"}],"curies":[{"name":"wp","href":"https:\/\/api.w.org\/{rel}","templated":true}]}}