{"id":155311,"date":"2025-09-05T08:28:22","date_gmt":"2025-09-05T11:28:22","guid":{"rendered":"https:\/\/www.orc.com.br\/novo\/?p=155311"},"modified":"2025-09-05T08:28:22","modified_gmt":"2025-09-05T11:28:22","slug":"exportacoes-do-brasil-para-os-eua-caem-185-no-primeiro-mes-do-tarifaco-para-a-china-sobem-30","status":"publish","type":"post","link":"http:\/\/www.orc.com.br\/novo\/economia\/exportacoes-do-brasil-para-os-eua-caem-185-no-primeiro-mes-do-tarifaco-para-a-china-sobem-30.html","title":{"rendered":"Exporta\u00e7\u00f5es do Brasil para os EUA caem 18,5% no primeiro m\u00eas do tarifa\u00e7o; para a China, sobem 30%"},"content":{"rendered":"<p>Por <a title=\"Ir para p\u00e1gina do autor\" href=\"https:\/\/www.estadao.com.br\/autores\/marcia-de-chiara\/\" data-component-name=\"pagina-autor\">M\u00e1rcia De Chiara<\/a>, <a title=\"Ir para p\u00e1gina do autor\" href=\"https:\/\/www.estadao.com.br\/autores\/flavia-said\/\" data-component-name=\"pagina-autor\">Fl\u00e1via Said (Broadcast)<\/a> e <a title=\"Ir para p\u00e1gina do autor\" href=\"https:\/\/www.estadao.com.br\/autores\/leandro-silveira\/\" data-component-name=\"pagina-autor\">Leandro Silveira<\/a><\/p>\n<p>Estad\u00e3o<\/p>\n<p class=\"styles__ParagraphStyled-sc-6adecn-0 cWrRiu  \" data-component-name=\"paragraph\">No primeiro m\u00eas de vig\u00eancia da taxa de 50% aplicada pelo governo <a title=\"https:\/\/www.estadao.com.br\/tudo-sobre\/donald-trump\/?srsltid=AfmBOooj_JolhunfJ1ysThfoGZO-cT0kHTNd4WsFu0cO_PXS9mCQinJ9\" href=\"https:\/\/www.estadao.com.br\/tudo-sobre\/donald-trump\/?srsltid=AfmBOooj_JolhunfJ1ysThfoGZO-cT0kHTNd4WsFu0cO_PXS9mCQinJ9\" target=\"_blank\" rel=\"noopener\"><strong>Donald Trump<\/strong><\/a> aos produtos brasileiros, as <a title=\"https:\/\/www.estadao.com.br\/tudo-sobre\/exportacao\/?srsltid=AfmBOopfOMeUc-dDSIrv6VLABs48CCNliB6urnz_ABm7Y3VLW_zxYZ0A\" href=\"https:\/\/www.estadao.com.br\/tudo-sobre\/exportacao\/?srsltid=AfmBOopfOMeUc-dDSIrv6VLABs48CCNliB6urnz_ABm7Y3VLW_zxYZ0A\" target=\"_blank\" rel=\"noopener\"><strong>exporta\u00e7\u00f5es<\/strong><\/a> para os <a title=\"https:\/\/www.estadao.com.br\/tudo-sobre\/estados-unidos-america-do-norte\/?srsltid=AfmBOorRRmT3Ce0sbTxuQhQXN6mAZtkoRIsZ04Pzz1vwmjUwsS08bX4v\" href=\"https:\/\/www.estadao.com.br\/tudo-sobre\/estados-unidos-america-do-norte\/?srsltid=AfmBOorRRmT3Ce0sbTxuQhQXN6mAZtkoRIsZ04Pzz1vwmjUwsS08bX4v\" target=\"_blank\" rel=\"noopener\"><strong>Estados Unidos<\/strong><\/a> ca\u00edram 18,5% em agosto (US$ 2,762 bilh\u00f5es), ante o mesmo m\u00eas de 2024. No ano, de janeiro a agosto, as vendas de produtos brasileiros aos EUA ainda est\u00e3o em terreno positivo: cresceram 1,6%, somando US$ 26,576 bilh\u00f5es.<\/p>\n<div class=\"styles__MultiParagraphAdStyled-sc-1yb8ue6-0 gJoYAt\" data-component-name=\"multi-paragraph\">\n<div class=\"paragraph\">\n<p>Na outra ponta, as <a title=\"https:\/\/www.estadao.com.br\/tudo-sobre\/importacao\/?srsltid=AfmBOoqB2xs3_1HTnL1bC1uRpFDwYS0F04Lhw5igL2jxvXNE22UlAtqL\" href=\"https:\/\/www.estadao.com.br\/tudo-sobre\/importacao\/?srsltid=AfmBOoqB2xs3_1HTnL1bC1uRpFDwYS0F04Lhw5igL2jxvXNE22UlAtqL\" target=\"_blank\" rel=\"noopener\"><strong>importa\u00e7\u00f5es<\/strong><\/a> de produtos americanos cresceram 4,6% em agosto (US$ 3,994 bilh\u00f5es), em compara\u00e7\u00e3o ao mesmo m\u00eas de 2024. Nos oito meses de 2025, as compras vindas dos EUA cresceram 11,4%, o equivalente a US$ 29,970 bilh\u00f5es.<\/p>\n<p>O resultado da balan\u00e7a comercial em agosto surpreendeu especialistas que esperavam uma queda nas exporta\u00e7\u00f5es mais para frente. Jos\u00e9 Augusto de Castro, presidente da <a title=\"https:\/\/www.estadao.com.br\/tudo-sobre\/associacao-de-comercio-exterior-do-brasil\/?srsltid=AfmBOoqX7bP0t3HyXIcloCT2iWfqEs0O0uiB8Uh_csBasiPEEikM4W9q\" href=\"https:\/\/www.estadao.com.br\/tudo-sobre\/associacao-de-comercio-exterior-do-brasil\/?srsltid=AfmBOoqX7bP0t3HyXIcloCT2iWfqEs0O0uiB8Uh_csBasiPEEikM4W9q\" target=\"_blank\" rel=\"noopener\"><strong>Associa\u00e7\u00e3o de Com\u00e9rcio Exterior do Brasil (AEB)<\/strong><\/a>, esperava o impacto na balan\u00e7a comercial apenas em setembro e outubro.<\/p>\n<p>A economista Lia Valls, pesquisadora associada do <a title=\"https:\/\/www.estadao.com.br\/tudo-sobre\/fgv-fundacao-getulio-vargas\/?srsltid=AfmBOoqBQx-3yod9c7PwsUmZ8emFFQFrU4f6WovOoK1ySuGLukM7Xwkf\" href=\"https:\/\/www.estadao.com.br\/tudo-sobre\/fgv-fundacao-getulio-vargas\/?srsltid=AfmBOoqBQx-3yod9c7PwsUmZ8emFFQFrU4f6WovOoK1ySuGLukM7Xwkf\" target=\"_blank\" rel=\"noopener\"><strong>FGV Ibre<\/strong><\/a> e professora da Universidade Federal do Rio de Janeiro (UFRJ), considerava a hip\u00f3tese de que tivesse ocorrido um aumento das importa\u00e7\u00f5es por parte dos Estados Unidos antes do tarifa\u00e7o para forma\u00e7\u00e3o de estoques e que essas exporta\u00e7\u00f5es teriam sido contabilizadas em agosto, atenuando o impacto do tarifa\u00e7o.<\/p>\n<\/div>\n<\/div>\n<div id=\"fb_share_1\" style=\"float: right; margin-left: 10px;\"><a name=\"fb_share\" type=\"button\" share_url=\"http:\/\/www.orc.com.br\/novo\/economia\/exportacoes-do-brasil-para-os-eua-caem-185-no-primeiro-mes-do-tarifaco-para-a-china-sobem-30.html\" href=\"http:\/\/www.facebook.com\/sharer.php\">Share<\/a><\/div><div><script src=\"http:\/\/static.ak.fbcdn.net\/connect.php\/js\/FB.Share\" type=\"text\/javascript\"><\/script><\/div>","protected":false},"excerpt":{"rendered":"<p>Por M\u00e1rcia De Chiara, Fl\u00e1via Said (Broadcast) e Leandro Silveira Estad\u00e3o No primeiro m\u00eas de vig\u00eancia da taxa de 50% aplicada pelo governo Donald Trump aos produtos brasileiros, as exporta\u00e7\u00f5es para os Estados Unidos ca\u00edram 18,5% em agosto (US$ 2,762 bilh\u00f5es), ante o mesmo m\u00eas de 2024. No ano, de janeiro a agosto, as vendas &#8230;<\/p>\n","protected":false},"author":3,"featured_media":155312,"comment_status":"open","ping_status":"open","sticky":false,"template":"","format":"standard","meta":[],"categories":[15],"tags":[8],"jetpack_featured_media_url":"https:\/\/orc.com.br\/novo\/wp-content\/uploads\/2025\/09\/Porto.jpg","_links":{"self":[{"href":"http:\/\/www.orc.com.br\/novo\/wp-json\/wp\/v2\/posts\/155311"}],"collection":[{"href":"http:\/\/www.orc.com.br\/novo\/wp-json\/wp\/v2\/posts"}],"about":[{"href":"http:\/\/www.orc.com.br\/novo\/wp-json\/wp\/v2\/types\/post"}],"author":[{"embeddable":true,"href":"http:\/\/www.orc.com.br\/novo\/wp-json\/wp\/v2\/users\/3"}],"replies":[{"embeddable":true,"href":"http:\/\/www.orc.com.br\/novo\/wp-json\/wp\/v2\/comments?post=155311"}],"version-history":[{"count":1,"href":"http:\/\/www.orc.com.br\/novo\/wp-json\/wp\/v2\/posts\/155311\/revisions"}],"predecessor-version":[{"id":155313,"href":"http:\/\/www.orc.com.br\/novo\/wp-json\/wp\/v2\/posts\/155311\/revisions\/155313"}],"wp:featuredmedia":[{"embeddable":true,"href":"http:\/\/www.orc.com.br\/novo\/wp-json\/wp\/v2\/media\/155312"}],"wp:attachment":[{"href":"http:\/\/www.orc.com.br\/novo\/wp-json\/wp\/v2\/media?parent=155311"}],"wp:term":[{"taxonomy":"category","embeddable":true,"href":"http:\/\/www.orc.com.br\/novo\/wp-json\/wp\/v2\/categories?post=155311"},{"taxonomy":"post_tag","embeddable":true,"href":"http:\/\/www.orc.com.br\/novo\/wp-json\/wp\/v2\/tags?post=155311"}],"curies":[{"name":"wp","href":"https:\/\/api.w.org\/{rel}","templated":true}]}}