{"id":155319,"date":"2025-09-05T08:44:32","date_gmt":"2025-09-05T11:44:32","guid":{"rendered":"https:\/\/www.orc.com.br\/novo\/?p=155319"},"modified":"2025-09-05T08:44:32","modified_gmt":"2025-09-05T11:44:32","slug":"colisao-entre-van-e-carreta-deixa-motorista-morto-na-rodovia-anhanguera-em-sao-simao","status":"publish","type":"post","link":"http:\/\/www.orc.com.br\/novo\/brasil\/colisao-entre-van-e-carreta-deixa-motorista-morto-na-rodovia-anhanguera-em-sao-simao.html","title":{"rendered":"Colis\u00e3o entre van e carreta deixa motorista morto na Rodovia Anhanguera em S\u00e3o Sim\u00e3o"},"content":{"rendered":"<div id=\"chunk-3m87q\">\n<div class=\"mc-column content-text active-extra-styles \" data-block-type=\"unstyled\" data-block-weight=\"28\" data-block-id=\"3\">\n<p class=\" content-text__container \" data-track-category=\"Link no Texto\" data-track-links=\"\" data-mrf-recirculation=\"Mat\u00e9ria - Links no Texto\">Um acidente envolvendo uma van utilit\u00e1ria e uma carreta deixou um motorista morto na Rodovia Anhanguera (SP&#8211;330), na altura de <a class=\"\" href=\"https:\/\/g1.globo.com\/sp\/ribeirao-preto-franca\/cidade\/sao-simao-sp\/\" data-mrf-link=\"https:\/\/g1.globo.com\/sp\/ribeirao-preto-franca\/cidade\/sao-simao-sp\/\">S\u00e3o Sim\u00e3o (SP)<\/a>, na manh\u00e3 desta sexta-feira (5).<\/p>\n<\/div>\n<\/div>\n<div class=\"wall protected-content\">\n<div id=\"chunk-1bvnj\">\n<div class=\"mc-column content-text active-extra-styles \" data-block-type=\"unstyled\" data-block-weight=\"29\" data-block-id=\"5\">\n<p class=\" content-text__container \" data-track-category=\"Link no Texto\" data-track-links=\"\" data-mrf-recirculation=\"Mat\u00e9ria - Links no Texto\">Segundo a Arteris ViaPaulista, a van bateu na traseira da carreta carregada com madeira, ainda por causas a serem esclarecidas, por volta das 5h42, no Km 270, sentido capital.<\/p>\n<div id=\"chunk-68or0\">\n<div class=\"mc-column content-text active-extra-styles \" data-block-type=\"unstyled\" data-block-weight=\"32\" data-block-id=\"7\">\n<p class=\" content-text__container \" data-track-category=\"Link no Texto\" data-track-links=\"\" data-mrf-recirculation=\"Mat\u00e9ria - Links no Texto\">Com o impacto, o motorista da van, de 53 anos, morreu na hora. At\u00e9 a \u00faltima atualiza\u00e7\u00e3o desta reportagem, ela n\u00e3o havia sido identificada. J\u00e1 o condutor da carreta n\u00e3o se feriu.<\/p>\n<\/div>\n<\/div>\n<div id=\"chunk-em0mm\">\n<div class=\"mc-column content-text active-extra-styles \" data-block-type=\"unstyled\" data-block-weight=\"23\" data-block-id=\"8\">\n<p class=\" content-text__container \" data-track-category=\"Link no Texto\" data-track-links=\"\" data-mrf-recirculation=\"Mat\u00e9ria - Links no Texto\">A colis\u00e3o provocou a interdi\u00e7\u00e3o de uma das faixas da rodovia no trecho. H\u00e1 pelo menos dois quil\u00f4metros de lentid\u00e3o, informou a Arteris.<\/p>\n<\/div>\n<\/div>\n<\/div>\n<\/div>\n<\/div>\n<div id=\"fb_share_1\" style=\"float: right; margin-left: 10px;\"><a name=\"fb_share\" type=\"button\" share_url=\"http:\/\/www.orc.com.br\/novo\/brasil\/colisao-entre-van-e-carreta-deixa-motorista-morto-na-rodovia-anhanguera-em-sao-simao.html\" href=\"http:\/\/www.facebook.com\/sharer.php\">Share<\/a><\/div><div><script src=\"http:\/\/static.ak.fbcdn.net\/connect.php\/js\/FB.Share\" type=\"text\/javascript\"><\/script><\/div>","protected":false},"excerpt":{"rendered":"<p>Um acidente envolvendo uma van utilit\u00e1ria e uma carreta deixou um motorista morto na Rodovia Anhanguera (SP&#8211;330), na altura de S\u00e3o Sim\u00e3o (SP), na manh\u00e3 desta sexta-feira (5). Segundo a Arteris ViaPaulista, a van bateu na traseira da carreta carregada com madeira, ainda por causas a serem esclarecidas, por volta das 5h42, no Km 270, &#8230;<\/p>\n","protected":false},"author":3,"featured_media":155320,"comment_status":"open","ping_status":"open","sticky":false,"template":"","format":"standard","meta":[],"categories":[1],"tags":[8],"jetpack_featured_media_url":"https:\/\/orc.com.br\/novo\/wp-content\/uploads\/2025\/09\/PoliciaRodoviariaSP.jpg","_links":{"self":[{"href":"http:\/\/www.orc.com.br\/novo\/wp-json\/wp\/v2\/posts\/155319"}],"collection":[{"href":"http:\/\/www.orc.com.br\/novo\/wp-json\/wp\/v2\/posts"}],"about":[{"href":"http:\/\/www.orc.com.br\/novo\/wp-json\/wp\/v2\/types\/post"}],"author":[{"embeddable":true,"href":"http:\/\/www.orc.com.br\/novo\/wp-json\/wp\/v2\/users\/3"}],"replies":[{"embeddable":true,"href":"http:\/\/www.orc.com.br\/novo\/wp-json\/wp\/v2\/comments?post=155319"}],"version-history":[{"count":1,"href":"http:\/\/www.orc.com.br\/novo\/wp-json\/wp\/v2\/posts\/155319\/revisions"}],"predecessor-version":[{"id":155321,"href":"http:\/\/www.orc.com.br\/novo\/wp-json\/wp\/v2\/posts\/155319\/revisions\/155321"}],"wp:featuredmedia":[{"embeddable":true,"href":"http:\/\/www.orc.com.br\/novo\/wp-json\/wp\/v2\/media\/155320"}],"wp:attachment":[{"href":"http:\/\/www.orc.com.br\/novo\/wp-json\/wp\/v2\/media?parent=155319"}],"wp:term":[{"taxonomy":"category","embeddable":true,"href":"http:\/\/www.orc.com.br\/novo\/wp-json\/wp\/v2\/categories?post=155319"},{"taxonomy":"post_tag","embeddable":true,"href":"http:\/\/www.orc.com.br\/novo\/wp-json\/wp\/v2\/tags?post=155319"}],"curies":[{"name":"wp","href":"https:\/\/api.w.org\/{rel}","templated":true}]}}