{"id":155344,"date":"2025-09-08T07:43:18","date_gmt":"2025-09-08T10:43:18","guid":{"rendered":"https:\/\/www.orc.com.br\/novo\/?p=155344"},"modified":"2025-09-08T07:43:18","modified_gmt":"2025-09-08T10:43:18","slug":"confira-a-auta-de-sessao-da-camara-municipal-desta-segunda-feira-08","status":"publish","type":"post","link":"http:\/\/www.orc.com.br\/novo\/brasil\/confira-a-auta-de-sessao-da-camara-municipal-desta-segunda-feira-08.html","title":{"rendered":"Confira a auta de sess\u00e3o da C\u00e2mara Municipal desta segunda-feira 08"},"content":{"rendered":"<p><strong>Pauta de sess\u00e3o da C\u00e2mara Municipal de segunda-feira dia 08-09-2025 <\/strong><\/p>\n<p>1 \u2013Vereadores Antonio Carlos Leite, Jo\u00e3o Vitor Alves, Paulo Rodrigues A. Pereira (Porkim), Vitor Favaro Tonetto, Rafael Palma de Ara\u00fajo, Clodoaldo Santana e Sebasti\u00e3o Atilio da Silva pedem altera\u00e7\u00e3o na Lei Org\u00e2nica do Munic\u00edpio.<\/p>\n<p>2 \u2013 Projeto de autoria do Poder Executivo que Altera a Lei\u00a0 sobre \u00a0licen\u00e7a de funcionamento para empresas de pequeno porte<\/p>\n<p>3 \u2013Projeto do Poder Executivo que Altera a Lei do Estatuto do Magist\u00e9rio.<\/p>\n<p>4 \u2013Anti-Projeto dos Vereadores Vitor Favaro Tonetto e Paulo Rodrigues Alves Pereira (Porkim) que concede, a Renam Almeida Alves, a Medalha de Honra ao M\u00e9rito Desportivo (vencedor do Rodeio de Barretos)<\/p>\n<p>5 \u2013Mo\u00e7\u00e3o de autoria da C\u00e2mara Municipal de aplausos a Ranam Alves Pereira<\/p>\n<p><strong>6 \u2013<\/strong>Indica\u00e7\u00e3o do Vereador Rafael Palma Araujo para ado\u00e7\u00e3o e fornecimento do sistema de monitoramento cont\u00ednuo de glicose a pacientes com diabetes<\/p>\n<p>8 \u2013Indica\u00e7\u00e3o do Vereador Clodoaldo Santana para que \u00a0intensifique os atendimentos psicol\u00f3gicos e psiqui\u00e1tricos na Rede Municipal e conscientiza\u00e7\u00e3o nas escolas<\/p>\n<p>9 \u2013\u00a0 Indica\u00e7\u00e3o do Vereador Luis Donizeti da Cruz (Ratinho) para \u00a0que seja instalado uma Mini Usina de asfalto no munic\u00edpio.<\/p>\n<h1><strong>\u00a0<\/strong><\/h1>\n<div id=\"fb_share_1\" style=\"float: right; margin-left: 10px;\"><a name=\"fb_share\" type=\"button\" share_url=\"http:\/\/www.orc.com.br\/novo\/brasil\/confira-a-auta-de-sessao-da-camara-municipal-desta-segunda-feira-08.html\" href=\"http:\/\/www.facebook.com\/sharer.php\">Share<\/a><\/div><div><script src=\"http:\/\/static.ak.fbcdn.net\/connect.php\/js\/FB.Share\" type=\"text\/javascript\"><\/script><\/div>","protected":false},"excerpt":{"rendered":"<p>Pauta de sess\u00e3o da C\u00e2mara Municipal de segunda-feira dia 08-09-2025 1 \u2013Vereadores Antonio Carlos Leite, Jo\u00e3o Vitor Alves, Paulo Rodrigues A. Pereira (Porkim), Vitor Favaro Tonetto, Rafael Palma de Ara\u00fajo, Clodoaldo Santana e Sebasti\u00e3o Atilio da Silva pedem altera\u00e7\u00e3o na Lei Org\u00e2nica do Munic\u00edpio. 2 \u2013 Projeto de autoria do Poder Executivo que Altera a &#8230;<\/p>\n","protected":false},"author":3,"featured_media":155345,"comment_status":"open","ping_status":"open","sticky":false,"template":"","format":"standard","meta":[],"categories":[1],"tags":[8],"jetpack_featured_media_url":"https:\/\/orc.com.br\/novo\/wp-content\/uploads\/2025\/09\/camara_municipal.jpg","_links":{"self":[{"href":"http:\/\/www.orc.com.br\/novo\/wp-json\/wp\/v2\/posts\/155344"}],"collection":[{"href":"http:\/\/www.orc.com.br\/novo\/wp-json\/wp\/v2\/posts"}],"about":[{"href":"http:\/\/www.orc.com.br\/novo\/wp-json\/wp\/v2\/types\/post"}],"author":[{"embeddable":true,"href":"http:\/\/www.orc.com.br\/novo\/wp-json\/wp\/v2\/users\/3"}],"replies":[{"embeddable":true,"href":"http:\/\/www.orc.com.br\/novo\/wp-json\/wp\/v2\/comments?post=155344"}],"version-history":[{"count":1,"href":"http:\/\/www.orc.com.br\/novo\/wp-json\/wp\/v2\/posts\/155344\/revisions"}],"predecessor-version":[{"id":155346,"href":"http:\/\/www.orc.com.br\/novo\/wp-json\/wp\/v2\/posts\/155344\/revisions\/155346"}],"wp:featuredmedia":[{"embeddable":true,"href":"http:\/\/www.orc.com.br\/novo\/wp-json\/wp\/v2\/media\/155345"}],"wp:attachment":[{"href":"http:\/\/www.orc.com.br\/novo\/wp-json\/wp\/v2\/media?parent=155344"}],"wp:term":[{"taxonomy":"category","embeddable":true,"href":"http:\/\/www.orc.com.br\/novo\/wp-json\/wp\/v2\/categories?post=155344"},{"taxonomy":"post_tag","embeddable":true,"href":"http:\/\/www.orc.com.br\/novo\/wp-json\/wp\/v2\/tags?post=155344"}],"curies":[{"name":"wp","href":"https:\/\/api.w.org\/{rel}","templated":true}]}}