{"id":155356,"date":"2025-09-09T05:46:45","date_gmt":"2025-09-09T08:46:45","guid":{"rendered":"https:\/\/www.orc.com.br\/novo\/?p=155356"},"modified":"2025-09-09T05:46:45","modified_gmt":"2025-09-09T08:46:45","slug":"como-sera-a-ultima-semana-do-julgamento-de-bolsonaro-e-mais-sete-reus-envolvidos-na-trama-golpista","status":"publish","type":"post","link":"http:\/\/www.orc.com.br\/novo\/brasil\/como-sera-a-ultima-semana-do-julgamento-de-bolsonaro-e-mais-sete-reus-envolvidos-na-trama-golpista.html","title":{"rendered":"Como ser\u00e1 a \u00faltima semana do julgamento de Bolsonaro e mais sete r\u00e9us envolvidos na trama golpista"},"content":{"rendered":"<div class=\"names\">Por <a title=\"Ir para p\u00e1gina do autor\" href=\"https:\/\/www.estadao.com.br\/autores\/adriana-victorino\/\" data-component-name=\"pagina-autor\">Adriana Victorino<\/a> e <a title=\"Ir para p\u00e1gina do autor\" href=\"https:\/\/www.estadao.com.br\/autores\/hugo-henud\/\" data-component-name=\"pagina-autor\">Hugo Henud<\/a><\/div>\n<div>O julgamento do ex-presidente <a title=\"https:\/\/www.estadao.com.br\/tudo-sobre\/jair-bolsonaro\/?srsltid=AfmBOop1fklwhYB-75s8v-kwuB0sQWAR7HUAN1xD-ECt2dy-_H77KjsZ\" href=\"https:\/\/www.estadao.com.br\/tudo-sobre\/jair-bolsonaro\/?srsltid=AfmBOop1fklwhYB-75s8v-kwuB0sQWAR7HUAN1xD-ECt2dy-_H77KjsZ\" target=\"_blank\" rel=\"noopener noreferrer\"><strong>Jair Bolsonaro<\/strong><\/a> (PL) e de outros sete r\u00e9us acusados de integrar o n\u00facleo central da trama golpista ser\u00e1 retomado na ter\u00e7a-feira, 9, \u00e0s 9h, no <a title=\"https:\/\/www.estadao.com.br\/tudo-sobre\/stf-supremo-tribunal-federal\/?srsltid=AfmBOoqbw5ii4uHZEf9ZUP0jzvDHn4tK3EL475cnfB3UxFmZgz8G_3Dx\" href=\"https:\/\/www.estadao.com.br\/tudo-sobre\/stf-supremo-tribunal-federal\/?srsltid=AfmBOoqbw5ii4uHZEf9ZUP0jzvDHn4tK3EL475cnfB3UxFmZgz8G_3Dx\" target=\"_blank\" rel=\"noopener noreferrer\"><strong>Supremo Tribunal Federal (STF)<\/strong><\/a>, quando o relator, ministro <a title=\"https:\/\/www.estadao.com.br\/tudo-sobre\/alexandre-de-moraes\/?srsltid=AfmBOor1xP7v8utjjO1m0QOoej8qKJd-klzWqG7cHD8U_d6HDPoj9SBc\" href=\"https:\/\/www.estadao.com.br\/tudo-sobre\/alexandre-de-moraes\/?srsltid=AfmBOor1xP7v8utjjO1m0QOoej8qKJd-klzWqG7cHD8U_d6HDPoj9SBc\" target=\"_blank\" rel=\"noopener noreferrer\"><strong>Alexandre de Moraes<\/strong><\/a>, dar\u00e1 in\u00edcio \u00e0 leitura de seu voto.<\/div>\n<div><\/div>\n<div>\n<div class=\"paragraph\">\n<p>O voto come\u00e7ar\u00e1 pelas chamadas quest\u00f5es preliminares, como a compet\u00eancia do STF para julgar o processo e a validade da dela\u00e7\u00e3o premiada de <a title=\"https:\/\/www.estadao.com.br\/tudo-sobre\/mauro-cesar-barbosa-cid\/?srsltid=AfmBOooCvwLGm5HCn0CbYeT9pej-pxY-VnDcLSsLAPYXqwjVCFcEUGsa\" href=\"https:\/\/www.estadao.com.br\/tudo-sobre\/mauro-cesar-barbosa-cid\/?srsltid=AfmBOooCvwLGm5HCn0CbYeT9pej-pxY-VnDcLSsLAPYXqwjVCFcEUGsa\" target=\"_blank\" rel=\"noopener noreferrer\"><strong>Mauro Cid<\/strong><\/a>. Esses pontos poder\u00e3o ser analisados tamb\u00e9m por todos os demais ministros antes da fase de m\u00e9rito, isto \u00e9, a decis\u00e3o sobre condenar ou absolver os r\u00e9us.<\/p>\n<p>Na sequ\u00eancia, ap\u00f3s essa primeira vota\u00e7\u00e3o, Moraes abrir\u00e1 a etapa decisiva, com a an\u00e1lise do m\u00e9rito do processo. Depois dele, votam, nessa ordem, <a title=\"https:\/\/www.estadao.com.br\/tudo-sobre\/flavio-dino\/?srsltid=AfmBOorS6EergBaClOmIZFRK2JAHq-RDVeQNkfBNk6tJ3hTR-YJ_cP93\" href=\"https:\/\/www.estadao.com.br\/tudo-sobre\/flavio-dino\/?srsltid=AfmBOorS6EergBaClOmIZFRK2JAHq-RDVeQNkfBNk6tJ3hTR-YJ_cP93\" target=\"_blank\" rel=\"noopener noreferrer\"><strong>Fl\u00e1vio Dino<\/strong><\/a>, <a title=\"https:\/\/www.estadao.com.br\/tudo-sobre\/luiz-fux\/?srsltid=AfmBOoplk8dUrHKE-m0ocoaUjcSQGsqTAeAVWbx7gRqt-J6v4HpNlTO0\" href=\"https:\/\/www.estadao.com.br\/tudo-sobre\/luiz-fux\/?srsltid=AfmBOoplk8dUrHKE-m0ocoaUjcSQGsqTAeAVWbx7gRqt-J6v4HpNlTO0\" target=\"_blank\" rel=\"noopener noreferrer\"><strong>Luiz Fux<\/strong><\/a> \u2013 que j\u00e1 divergiu em decis\u00f5es anteriores, como nas cautelares impostas a Bolsonaro \u2013, a decana <a title=\"https:\/\/www.estadao.com.br\/tudo-sobre\/carmen-lucia\/?srsltid=AfmBOooPH_NtFst8_QKXUJwfif9Xl41Z_I7xiQcML_ZyWWIWRp-Ob2QY\" href=\"https:\/\/www.estadao.com.br\/tudo-sobre\/carmen-lucia\/?srsltid=AfmBOooPH_NtFst8_QKXUJwfif9Xl41Z_I7xiQcML_ZyWWIWRp-Ob2QY\" target=\"_blank\" rel=\"noopener noreferrer\"><strong>C\u00e1rmen L\u00facia<\/strong><\/a> e, por \u00faltimo, o presidente da Primeira Turma, <a title=\"https:\/\/www.estadao.com.br\/tudo-sobre\/cristiano-zanin-martins\/?srsltid=AfmBOorutqtAYfWK_nwyiWSxEml6nB_eKE3eJ2F-nf3OXHnxhOsIpA1F\" href=\"https:\/\/www.estadao.com.br\/tudo-sobre\/cristiano-zanin-martins\/?srsltid=AfmBOorutqtAYfWK_nwyiWSxEml6nB_eKE3eJ2F-nf3OXHnxhOsIpA1F\" target=\"_blank\" rel=\"noopener noreferrer\"><strong>Cristiano Zanin<\/strong><\/a>.<\/p>\n<p>O <strong>Estad\u00e3o<\/strong> apurou que na ter\u00e7a, al\u00e9m de Moraes, <a title=\"https:\/\/www.estadao.com.br\/politica\/proxima-sessao-no-stf-sobre-trama-golpista-deve-ter-voto-de-moraes-e-dino-pela-condenacao\" href=\"https:\/\/www.estadao.com.br\/politica\/proxima-sessao-no-stf-sobre-trama-golpista-deve-ter-voto-de-moraes-e-dino-pela-condenacao\" target=\"_blank\" rel=\"noopener\"><strong>tamb\u00e9m dever\u00e1 haver o voto de Dino<\/strong><\/a>. Os ministros n\u00e3o t\u00eam limite de tempo, e a previs\u00e3o \u00e9 de que a sess\u00e3o se estenda at\u00e9 as 19h, com intervalo para o almo\u00e7o.<\/p>\n<\/div>\n<\/div>\n<div id=\"fb_share_1\" style=\"float: right; margin-left: 10px;\"><a name=\"fb_share\" type=\"button\" share_url=\"http:\/\/www.orc.com.br\/novo\/brasil\/como-sera-a-ultima-semana-do-julgamento-de-bolsonaro-e-mais-sete-reus-envolvidos-na-trama-golpista.html\" href=\"http:\/\/www.facebook.com\/sharer.php\">Share<\/a><\/div><div><script src=\"http:\/\/static.ak.fbcdn.net\/connect.php\/js\/FB.Share\" type=\"text\/javascript\"><\/script><\/div>","protected":false},"excerpt":{"rendered":"<p>Por Adriana Victorino e Hugo Henud O julgamento do ex-presidente Jair Bolsonaro (PL) e de outros sete r\u00e9us acusados de integrar o n\u00facleo central da trama golpista ser\u00e1 retomado na ter\u00e7a-feira, 9, \u00e0s 9h, no Supremo Tribunal Federal (STF), quando o relator, ministro Alexandre de Moraes, dar\u00e1 in\u00edcio \u00e0 leitura de seu voto. O voto &#8230;<\/p>\n","protected":false},"author":3,"featured_media":155357,"comment_status":"open","ping_status":"open","sticky":false,"template":"","format":"standard","meta":[],"categories":[1],"tags":[8],"jetpack_featured_media_url":"https:\/\/orc.com.br\/novo\/wp-content\/uploads\/2025\/09\/STF5.jpg","_links":{"self":[{"href":"http:\/\/www.orc.com.br\/novo\/wp-json\/wp\/v2\/posts\/155356"}],"collection":[{"href":"http:\/\/www.orc.com.br\/novo\/wp-json\/wp\/v2\/posts"}],"about":[{"href":"http:\/\/www.orc.com.br\/novo\/wp-json\/wp\/v2\/types\/post"}],"author":[{"embeddable":true,"href":"http:\/\/www.orc.com.br\/novo\/wp-json\/wp\/v2\/users\/3"}],"replies":[{"embeddable":true,"href":"http:\/\/www.orc.com.br\/novo\/wp-json\/wp\/v2\/comments?post=155356"}],"version-history":[{"count":1,"href":"http:\/\/www.orc.com.br\/novo\/wp-json\/wp\/v2\/posts\/155356\/revisions"}],"predecessor-version":[{"id":155358,"href":"http:\/\/www.orc.com.br\/novo\/wp-json\/wp\/v2\/posts\/155356\/revisions\/155358"}],"wp:featuredmedia":[{"embeddable":true,"href":"http:\/\/www.orc.com.br\/novo\/wp-json\/wp\/v2\/media\/155357"}],"wp:attachment":[{"href":"http:\/\/www.orc.com.br\/novo\/wp-json\/wp\/v2\/media?parent=155356"}],"wp:term":[{"taxonomy":"category","embeddable":true,"href":"http:\/\/www.orc.com.br\/novo\/wp-json\/wp\/v2\/categories?post=155356"},{"taxonomy":"post_tag","embeddable":true,"href":"http:\/\/www.orc.com.br\/novo\/wp-json\/wp\/v2\/tags?post=155356"}],"curies":[{"name":"wp","href":"https:\/\/api.w.org\/{rel}","templated":true}]}}