{"id":155362,"date":"2025-09-09T05:58:45","date_gmt":"2025-09-09T08:58:45","guid":{"rendered":"https:\/\/www.orc.com.br\/novo\/?p=155362"},"modified":"2025-09-09T05:58:45","modified_gmt":"2025-09-09T08:58:45","slug":"subsecretario-de-trump-diz-que-eua-continuarao-tomando-medidas-cabiveis-contra-moraes-e-aliados","status":"publish","type":"post","link":"http:\/\/www.orc.com.br\/novo\/internacional\/subsecretario-de-trump-diz-que-eua-continuarao-tomando-medidas-cabiveis-contra-moraes-e-aliados.html","title":{"rendered":"Subsecret\u00e1rio de Trump diz que EUA continuar\u00e3o tomando \u2018medidas cab\u00edveis\u2019 contra Moraes e aliados"},"content":{"rendered":"<div class=\" ads-container\">\n<div class=\"styles__Container-sc-1v8tg5g-0 dTBaHl\">\n<div class=\"ads-placeholder-wrapper\">\n<div id=\"htopo-1\" class=\"styles__AdSlotStyled-sc-1l64tzh-0 eotsDo formato-htopo\" data-google-query-id=\"COSfm8yny48DFals3QIdvYIyag\">\n<div id=\"google_ads_iframe_\/118650305\/politica\/noticia_0__container__\"><\/div>\n<\/div>\n<\/div>\n<\/div>\n<\/div>\n<div class=\"default__StyledWrapper-sc-1jubmr2-0 jYtVxt styled-wrapper   \">\n<div class=\"styles__Tag-sc-1kqcjew-0 styles__TagStyled-sc-1kqcjew-1 dEOAIa BBdRX container\">\n<div class=\"styles__Tag-sc-1kqcjew-0 styles__TagStyled-sc-1kqcjew-1 dEOAIa BBdRX row\">\n<div class=\"styles__Tag-sc-1kqcjew-0 styles__TagStyled-sc-1kqcjew-1 dEOAIa BBdRX col-12\">\n<div class=\"styles__AuthorsNoticiaContainerStyled-sc-q2i3u1-0 iplJnC authors-noticia\">\n<div class=\"container-content authors-noticia-content --length-1\">\n<div class=\"photos\">\n<div class=\"photo\"><img title=\"Pedro Augusto Figueiredo\" src=\"https:\/\/www.estadao.com.br\/resizer\/v2\/https%3A%2F%2Fs3.amazonaws.com%2Farc-authors%2Festadao%2F968e47ca-858c-4c7b-b1f0-44271676ff3c.png?quality=80&amp;auth=47285eca4eb6b36d94803fd327190e622d71b0a035b88db73a01dc479cbc5f95&amp;width=60&amp;height=60&amp;smart=true\" alt=\"Foto do autor Pedro Augusto Figueiredo\" \/><\/div>\n<\/div>\n<div class=\"informs\">\n<div class=\"names\">Por <a title=\"Ir para p\u00e1gina do autor\" href=\"https:\/\/www.estadao.com.br\/autores\/pedro-augusto-figueiredo\/\" data-component-name=\"pagina-autor\">Pedro Augusto Figueiredo<\/a><\/div>\n<div>\n<p class=\"styles__ParagraphStyled-sc-6adecn-0 cWrRiu  \" data-component-name=\"paragraph\">O subsecret\u00e1rio de Diplomacia P\u00fablica dos Estados Unidos, <strong>Darren Beattie<\/strong>, disse nesta segunda-feira, 9, que o governo americano continuar\u00e1 tomando \u201cas medidas cab\u00edveis\u201d contra abusos de autoridade que prejudicam as liberdades fundamentais. Beattie, que atua no Departamento de Estado do governo <a title=\"https:\/\/www.estadao.com.br\/tudo-sobre\/donald-trump\" href=\"https:\/\/www.estadao.com.br\/tudo-sobre\/donald-trump\" target=\"_blank\" rel=\"noopener noreferrer\"><strong>Donald Trump<\/strong><\/a>, citou especificamente o ministro do <a title=\"https:\/\/www.estadao.com.br\/tudo-sobre\/stf-supremo-tribunal-federal\" href=\"https:\/\/www.estadao.com.br\/tudo-sobre\/stf-supremo-tribunal-federal\" target=\"_blank\" rel=\"noopener noreferrer\"><strong>Supremo Tribunal Federal<\/strong><\/a> (STF), <a title=\"https:\/\/www.estadao.com.br\/tudo-sobre\/alexandre-de-moraes\" href=\"https:\/\/www.estadao.com.br\/tudo-sobre\/alexandre-de-moraes\" target=\"_blank\" rel=\"noopener noreferrer\"><strong>Alexandre de Moraes<\/strong><\/a>.<\/p>\n<div class=\"styles__MultiParagraphAdStyled-sc-1yb8ue6-0 gJoYAt\" data-component-name=\"multi-paragraph\">\n<div class=\"paragraph\">\n<p>Ele realizou a publica\u00e7\u00e3o em seu perfil no <em>X<\/em> \u00e0s v\u00e9speras da retomada do julgamento de <a title=\"https:\/\/www.estadao.com.br\/tudo-sobre\/jair-bolsonaro\" href=\"https:\/\/www.estadao.com.br\/tudo-sobre\/jair-bolsonaro\" target=\"_blank\" rel=\"noopener noreferrer\"><strong>Jair Bolsonaro<\/strong><\/a> (PL) na ter\u00e7a-feira, 9.<\/p>\n<p>\u201cOntem marcou o 203\u00ba Dia da Independ\u00eancia do Brasil. Foi um lembrete do nosso compromisso de apoiar o povo brasileiro que busca preservar os valores da liberdade e da justi\u00e7a. Em nome do ministro Alexandre de Moraes e dos indiv\u00edduos cujos abusos de autoridade minaram essas liberdades fundamentais, continuaremos a tomar as medidas cab\u00edveis\u201d, escreveu ele.<\/p>\n<\/div>\n<\/div>\n<div class=\"styles__EmbedContainerLazy-sc-8tx6a-0 iuFzd embed-container-lazy\">\n<div class=\"styles__EmbedWrapper-sc-8tx6a-1 ipMrnN embed-wrapper\">\n<div class=\"embed-container\">\n<div class=\"embed-container twitter\">\n<div class=\"twitter-tweet twitter-tweet-rendered\"><iframe id=\"twitter-widget-0\" class=\"\" title=\"X Post\" src=\"https:\/\/platform.twitter.com\/embed\/Tweet.html?dnt=false&amp;embedId=twitter-widget-0&amp;features=eyJ0ZndfdGltZWxpbmVfbGlzdCI6eyJidWNrZXQiOltdLCJ2ZXJzaW9uIjpudWxsfSwidGZ3X2ZvbGxvd2VyX2NvdW50X3N1bnNldCI6eyJidWNrZXQiOnRydWUsInZlcnNpb24iOm51bGx9LCJ0ZndfdHdlZXRfZWRpdF9iYWNrZW5kIjp7ImJ1Y2tldCI6Im9uIiwidmVyc2lvbiI6bnVsbH0sInRmd19yZWZzcmNfc2Vzc2lvbiI6eyJidWNrZXQiOiJvbiIsInZlcnNpb24iOm51bGx9LCJ0ZndfZm9zbnJfc29mdF9pbnRlcnZlbnRpb25zX2VuYWJsZWQiOnsiYnVja2V0Ijoib24iLCJ2ZXJzaW9uIjpudWxsfSwidGZ3X21peGVkX21lZGlhXzE1ODk3Ijp7ImJ1Y2tldCI6InRyZWF0bWVudCIsInZlcnNpb24iOm51bGx9LCJ0ZndfZXhwZXJpbWVudHNfY29va2llX2V4cGlyYXRpb24iOnsiYnVja2V0IjoxMjA5NjAwLCJ2ZXJzaW9uIjpudWxsfSwidGZ3X3Nob3dfYmlyZHdhdGNoX3Bpdm90c19lbmFibGVkIjp7ImJ1Y2tldCI6Im9uIiwidmVyc2lvbiI6bnVsbH0sInRmd19kdXBsaWNhdGVfc2NyaWJlc190b19zZXR0aW5ncyI6eyJidWNrZXQiOiJvbiIsInZlcnNpb24iOm51bGx9LCJ0ZndfdXNlX3Byb2ZpbGVfaW1hZ2Vfc2hhcGVfZW5hYmxlZCI6eyJidWNrZXQiOiJvbiIsInZlcnNpb24iOm51bGx9LCJ0ZndfdmlkZW9faGxzX2R5bmFtaWNfbWFuaWZlc3RzXzE1MDgyIjp7ImJ1Y2tldCI6InRydWVfYml0cmF0ZSIsInZlcnNpb24iOm51bGx9LCJ0ZndfbGVnYWN5X3RpbWVsaW5lX3N1bnNldCI6eyJidWNrZXQiOnRydWUsInZlcnNpb24iOm51bGx9LCJ0ZndfdHdlZXRfZWRpdF9mcm9udGVuZCI6eyJidWNrZXQiOiJvbiIsInZlcnNpb24iOm51bGx9fQ%3D%3D&amp;frame=false&amp;hideCard=false&amp;hideThread=false&amp;id=1965163898698637751&amp;lang=pt&amp;origin=https%3A%2F%2Fwww.estadao.com.br%2Fpolitica%2Fsubsecretario-de-trump-diz-que-eua-continuarao-tomando-medidas-cabiveis-contra-moraes-e-aliados%2F&amp;sessionId=e02a711e5472de464e9cb61f9ba12ca64424febd&amp;siteScreenName=Estadao&amp;theme=light&amp;widgetsVersion=2615f7e52b7e0%3A1702314776716&amp;width=550px\" frameborder=\"0\" scrolling=\"no\" allowfullscreen=\"allowfullscreen\" data-tweet-id=\"1965163898698637751\"><\/iframe><\/div>\n<\/div>\n<\/div>\n<\/div>\n<\/div>\n<div class=\"styles__ListaRecomendadasStyled-sc-1ambvjo-0 biDbbG\">\n<div class=\"header\">\n<h3>Para voc\u00ea<\/h3>\n<\/div>\n<\/div>\n<\/div>\n<\/div>\n<\/div>\n<\/div>\n<\/div>\n<\/div>\n<\/div>\n<\/div>\n<div id=\"fb_share_1\" style=\"float: right; margin-left: 10px;\"><a name=\"fb_share\" type=\"button\" share_url=\"http:\/\/www.orc.com.br\/novo\/internacional\/subsecretario-de-trump-diz-que-eua-continuarao-tomando-medidas-cabiveis-contra-moraes-e-aliados.html\" href=\"http:\/\/www.facebook.com\/sharer.php\">Share<\/a><\/div><div><script src=\"http:\/\/static.ak.fbcdn.net\/connect.php\/js\/FB.Share\" type=\"text\/javascript\"><\/script><\/div>","protected":false},"excerpt":{"rendered":"<p>Por Pedro Augusto Figueiredo O subsecret\u00e1rio de Diplomacia P\u00fablica dos Estados Unidos, Darren Beattie, disse nesta segunda-feira, 9, que o governo americano continuar\u00e1 tomando \u201cas medidas cab\u00edveis\u201d contra abusos de autoridade que prejudicam as liberdades fundamentais. Beattie, que atua no Departamento de Estado do governo Donald Trump, citou especificamente o ministro do Supremo Tribunal Federal &#8230;<\/p>\n","protected":false},"author":3,"featured_media":155363,"comment_status":"open","ping_status":"open","sticky":false,"template":"","format":"standard","meta":[],"categories":[24],"tags":[8],"jetpack_featured_media_url":"https:\/\/orc.com.br\/novo\/wp-content\/uploads\/2025\/09\/Casabranca.webp","_links":{"self":[{"href":"http:\/\/www.orc.com.br\/novo\/wp-json\/wp\/v2\/posts\/155362"}],"collection":[{"href":"http:\/\/www.orc.com.br\/novo\/wp-json\/wp\/v2\/posts"}],"about":[{"href":"http:\/\/www.orc.com.br\/novo\/wp-json\/wp\/v2\/types\/post"}],"author":[{"embeddable":true,"href":"http:\/\/www.orc.com.br\/novo\/wp-json\/wp\/v2\/users\/3"}],"replies":[{"embeddable":true,"href":"http:\/\/www.orc.com.br\/novo\/wp-json\/wp\/v2\/comments?post=155362"}],"version-history":[{"count":1,"href":"http:\/\/www.orc.com.br\/novo\/wp-json\/wp\/v2\/posts\/155362\/revisions"}],"predecessor-version":[{"id":155364,"href":"http:\/\/www.orc.com.br\/novo\/wp-json\/wp\/v2\/posts\/155362\/revisions\/155364"}],"wp:featuredmedia":[{"embeddable":true,"href":"http:\/\/www.orc.com.br\/novo\/wp-json\/wp\/v2\/media\/155363"}],"wp:attachment":[{"href":"http:\/\/www.orc.com.br\/novo\/wp-json\/wp\/v2\/media?parent=155362"}],"wp:term":[{"taxonomy":"category","embeddable":true,"href":"http:\/\/www.orc.com.br\/novo\/wp-json\/wp\/v2\/categories?post=155362"},{"taxonomy":"post_tag","embeddable":true,"href":"http:\/\/www.orc.com.br\/novo\/wp-json\/wp\/v2\/tags?post=155362"}],"curies":[{"name":"wp","href":"https:\/\/api.w.org\/{rel}","templated":true}]}}