{"id":155365,"date":"2025-09-09T06:04:08","date_gmt":"2025-09-09T09:04:08","guid":{"rendered":"https:\/\/www.orc.com.br\/novo\/?p=155365"},"modified":"2025-09-09T06:04:08","modified_gmt":"2025-09-09T09:04:08","slug":"selecao-brasileira-encerra-participacao-nas-eliminatorias-contra-bolivia-hoje","status":"publish","type":"post","link":"http:\/\/www.orc.com.br\/novo\/esportes\/selecao-brasileira-encerra-participacao-nas-eliminatorias-contra-bolivia-hoje.html","title":{"rendered":"Sele\u00e7\u00e3o brasileira encerra participa\u00e7\u00e3o nas Eliminat\u00f3rias contra Bol\u00edvia hoje"},"content":{"rendered":"<div class=\"default__StyledWrapper-sc-1jubmr2-0 jYtVxt styled-wrapper   \">\n<div class=\"styles__Tag-sc-1kqcjew-0 styles__TagStyled-sc-1kqcjew-1 dEOAIa BBdRX container\">\n<div class=\"styles__Tag-sc-1kqcjew-0 styles__TagStyled-sc-1kqcjew-1 dEOAIa BBdRX row\">\n<div class=\"styles__Tag-sc-1kqcjew-0 styles__TagStyled-sc-1kqcjew-1 dEOAIa BBdRX col-12\">\n<div class=\"styles__NavBarReservedAreaStyled-sc-1448nmm-3 fBpGUB nav-bar-reserved-area\">\n<div class=\"styles__NavbarHeaderEstadaoStyled-sc-1448nmm-2 byJcIH navbar-header-estadao -nav-news\">\n<div class=\"styles__NavbarOffcanvasStyled-sc-2xh5p6-0 dgUXSA navbar-offcanvas\">\n<div class=\"offcanvas \"><\/div>\n<\/div>\n<\/div>\n<\/div>\n<\/div>\n<\/div>\n<\/div>\n<\/div>\n<nav class=\"styles__NavbarNavStyledRoot-sc-2i78uy-0 hOwIwW navbar-nav nivel-0\"><\/nav>\n<div class=\"container-news-informs\">\n<div>\n<h1>Sele\u00e7\u00e3o brasileira encerra participa\u00e7\u00e3o nas Eliminat\u00f3rias com desafio in\u00e9dito para Ancelotti<\/h1>\n<p>Leonardo Catto<\/p>\n<p class=\"styles__ParagraphStyled-sc-6adecn-0 cWrRiu  \" data-component-name=\"paragraph\">O Est\u00e1dio Municipal de El Alto recebe a partida entre <a title=\"https:\/\/www.estadao.com.br\/tudo-sobre\/selecao-boliviana-masculina-de-futebol\" href=\"https:\/\/www.estadao.com.br\/tudo-sobre\/selecao-boliviana-masculina-de-futebol\" target=\"_blank\" rel=\"noopener noreferrer\"><strong>Bol\u00edvia<\/strong><\/a> e <a title=\"https:\/\/www.estadao.com.br\/tudo-sobre\/selecao-brasileira-masculina-de-futebol\" href=\"https:\/\/www.estadao.com.br\/tudo-sobre\/selecao-brasileira-masculina-de-futebol\" target=\"_blank\" rel=\"noopener noreferrer\"><strong>Brasil<\/strong><\/a>, nesta ter\u00e7a-feira, \u00e0s 20h30 (de Bras\u00edlia), pela \u00faltima rodada das <a title=\"https:\/\/www.estadao.com.br\/tudo-sobre\/eliminatorias-da-copa\" href=\"https:\/\/www.estadao.com.br\/tudo-sobre\/eliminatorias-da-copa\" target=\"_blank\" rel=\"noopener noreferrer\"><strong>Eliminat\u00f3rias Sul-Americanas<\/strong><\/a> da <a title=\"https:\/\/www.estadao.com.br\/tudo-sobre\/copa-do-mundo-2026-canada-mexico-estados-unidos-futebol\" href=\"https:\/\/www.estadao.com.br\/tudo-sobre\/copa-do-mundo-2026-canada-mexico-estados-unidos-futebol\" target=\"_blank\" rel=\"noopener noreferrer\"><strong>Copa do Mundo 2026<\/strong><\/a>. Apesar de tudo definido na classifica\u00e7\u00e3o, <a title=\"https:\/\/www.estadao.com.br\/tudo-sobre\/carlo-ancelotti\" href=\"https:\/\/www.estadao.com.br\/tudo-sobre\/carlo-ancelotti\" target=\"_blank\" rel=\"noopener noreferrer\"><strong>Carlo Ancelotti<\/strong><\/a> n\u00e3o ter\u00e1 paz. El Alto tem o est\u00e1dio com maior altitude do mundo, na cidade que fica a 4.150 metros acima do mar \u2013 500 metros acima da capital boliviana.<\/p>\n<p class=\"styles__ParagraphStyled-sc-6adecn-0 cWrRiu  \" data-component-name=\"paragraph\">No \u00faltimo treino da Granja Comary, em Teres\u00f3polis, o treinador italiano fez nove mudan\u00e7as no time titular contra o Chile. Tr\u00eas delas envolvem o trio de ataque titular, que pode ser composto por Samuel Lino, Richarlison e Luiz Henrique.<\/p>\n<p data-component-name=\"paragraph\">Entre quem come\u00e7ou a \u00faltima partida, apenas o goleiro Alisson, o lateral Wesley e o meia Bruno Guimar\u00e3es foram mantidos nos testes. O atleta da Roma, por\u00e9m, sentiu um desconforto muscular e pode dar lugar a Vitinho, do Botafogo. Com Casemiro suspenso, outra novidade certa \u00e9 a entrada de Andrey Santos<\/p>\n<div class=\"styles__MultiParagraphAdStyled-sc-1yb8ue6-0 gJoYAt\" data-component-name=\"multi-paragraph\">\n<div class=\"paragraph\">\n<p>A ideia que tenho \u00e9 mudar um pouco, n\u00e3o s\u00f3 os jogadores. Agora estamos treinando, analisando o cansa\u00e7o dos jogadores, depois temos de considerar que tem um componente a analisar, isso pode mudar a estrat\u00e9gia do jogo. Estou buscando informa\u00e7\u00f5es com quem j\u00e1 jogou l\u00e1\u201d, disse o treinador, antes do \u00faltimo dia de treinamentos em Teres\u00f3polis, no Rio.<\/p>\n<p>Coincidentemente, outro Ancelotti conheceu a altitude recentemente, mas no Equador. Davide foi a Quito com o Botafogo tendo vantagem de 1 a 0 sobre a LDU pelas oitavas de final da Libertadores. Os equatorianos <a title=\"https:\/\/www.estadao.com.br\/esportes\/futebol\/fracasso-retumbante-imprensa-internacional-repercute-eliminacao-do-botafogo-de-davide-ancelotti\/\" href=\"https:\/\/www.estadao.com.br\/esportes\/futebol\/fracasso-retumbante-imprensa-internacional-repercute-eliminacao-do-botafogo-de-davide-ancelotti\/\" target=\"_blank\" rel=\"noopener noreferrer\">reverteram e eliminaram os brasileiros<\/a>.<\/p>\n<\/div>\n<\/div>\n<p class=\"styles__ParagraphStyled-sc-6adecn-0 cWrRiu  \" data-component-name=\"paragraph\">\u201cN\u00e3o tenho muita experi\u00eancia nisso <em>(altitude)<\/em>, s\u00f3 uma vez, em 1986 joguei o Mundial <em>(do M\u00e9xico)<\/em>. O Brasil jogou l\u00e1<em> (na Bol\u00edvia) <\/em>muitas vezes, muitas pessoas que trabalham aqui t\u00eam experi\u00eancia, os fisioterapeutas, os jogadores, n\u00e3o \u00e9 nada novo para a sele\u00e7\u00e3o. Tenho de confiar nas pessoas que t\u00eam mais informa\u00e7\u00f5es do que eu&#8221;, amenizou o treinador.<\/p>\n<\/div>\n<\/div>\n<div id=\"fb_share_1\" style=\"float: right; margin-left: 10px;\"><a name=\"fb_share\" type=\"button\" share_url=\"http:\/\/www.orc.com.br\/novo\/esportes\/selecao-brasileira-encerra-participacao-nas-eliminatorias-contra-bolivia-hoje.html\" href=\"http:\/\/www.facebook.com\/sharer.php\">Share<\/a><\/div><div><script src=\"http:\/\/static.ak.fbcdn.net\/connect.php\/js\/FB.Share\" type=\"text\/javascript\"><\/script><\/div>","protected":false},"excerpt":{"rendered":"<p>Sele\u00e7\u00e3o brasileira encerra participa\u00e7\u00e3o nas Eliminat\u00f3rias com desafio in\u00e9dito para Ancelotti Leonardo Catto O Est\u00e1dio Municipal de El Alto recebe a partida entre Bol\u00edvia e Brasil, nesta ter\u00e7a-feira, \u00e0s 20h30 (de Bras\u00edlia), pela \u00faltima rodada das Eliminat\u00f3rias Sul-Americanas da Copa do Mundo 2026. Apesar de tudo definido na classifica\u00e7\u00e3o, Carlo Ancelotti n\u00e3o ter\u00e1 paz. El &#8230;<\/p>\n","protected":false},"author":3,"featured_media":155366,"comment_status":"open","ping_status":"open","sticky":false,"template":"","format":"standard","meta":[],"categories":[5],"tags":[8],"jetpack_featured_media_url":"https:\/\/orc.com.br\/novo\/wp-content\/uploads\/2025\/09\/Ancelotti4.jpg","_links":{"self":[{"href":"http:\/\/www.orc.com.br\/novo\/wp-json\/wp\/v2\/posts\/155365"}],"collection":[{"href":"http:\/\/www.orc.com.br\/novo\/wp-json\/wp\/v2\/posts"}],"about":[{"href":"http:\/\/www.orc.com.br\/novo\/wp-json\/wp\/v2\/types\/post"}],"author":[{"embeddable":true,"href":"http:\/\/www.orc.com.br\/novo\/wp-json\/wp\/v2\/users\/3"}],"replies":[{"embeddable":true,"href":"http:\/\/www.orc.com.br\/novo\/wp-json\/wp\/v2\/comments?post=155365"}],"version-history":[{"count":1,"href":"http:\/\/www.orc.com.br\/novo\/wp-json\/wp\/v2\/posts\/155365\/revisions"}],"predecessor-version":[{"id":155367,"href":"http:\/\/www.orc.com.br\/novo\/wp-json\/wp\/v2\/posts\/155365\/revisions\/155367"}],"wp:featuredmedia":[{"embeddable":true,"href":"http:\/\/www.orc.com.br\/novo\/wp-json\/wp\/v2\/media\/155366"}],"wp:attachment":[{"href":"http:\/\/www.orc.com.br\/novo\/wp-json\/wp\/v2\/media?parent=155365"}],"wp:term":[{"taxonomy":"category","embeddable":true,"href":"http:\/\/www.orc.com.br\/novo\/wp-json\/wp\/v2\/categories?post=155365"},{"taxonomy":"post_tag","embeddable":true,"href":"http:\/\/www.orc.com.br\/novo\/wp-json\/wp\/v2\/tags?post=155365"}],"curies":[{"name":"wp","href":"https:\/\/api.w.org\/{rel}","templated":true}]}}