{"id":155368,"date":"2025-09-09T06:51:30","date_gmt":"2025-09-09T09:51:30","guid":{"rendered":"https:\/\/www.orc.com.br\/novo\/?p=155368"},"modified":"2025-09-09T06:51:30","modified_gmt":"2025-09-09T09:51:30","slug":"tom-hanks-e-impedido-de-receber-premio-apos-ordem-polemica-de-donald-trump","status":"publish","type":"post","link":"http:\/\/www.orc.com.br\/novo\/famosos\/tom-hanks-e-impedido-de-receber-premio-apos-ordem-polemica-de-donald-trump.html","title":{"rendered":"Tom Hanks \u00e9 impedido de receber pr\u00eamio ap\u00f3s ordem pol\u00eamica de Donald Trump"},"content":{"rendered":"<h2 class=\"article-sub-heading\">Depois que Donald Trump rebatizou o Departamento de Defesa dos EUA para Departamento de Guerra, Tom Hanks deixou de receber um pr\u00eamio de ex-alunos da Academia Militar dos EUA West Point.<\/h2>\n<p data-t=\"{&quot;n&quot;:&quot;blueLinks&quot;,&quot;t&quot;:13,&quot;a&quot;:&quot;click&quot;,&quot;b&quot;:76}\">Tom Hanks participaria de um evento em West Point em 25 de setembro para receber o Pr\u00eamio Sylvanus Thayer. Apesar de n\u00e3o ter servido no Ex\u00e9rcito dos EUA, o ator de 69 anos sempre se mostrou um grande apoiador dos veteranos.<\/p>\n<p data-t=\"{&quot;n&quot;:&quot;blueLinks&quot;,&quot;t&quot;:13,&quot;a&quot;:&quot;click&quot;,&quot;b&quot;:76}\">De acordo com o DailyMail, a institui\u00e7\u00e3o concede o pr\u00eamio a pessoas que n\u00e3o s\u00e3o ex-alunos, mas que \u201coferecem compara\u00e7\u00e3o \u00edntegra\u201d com o lema da institui\u00e7\u00e3o: \u201cDever, honra, p\u00e1tria\u201d.<\/p>\n<p data-t=\"{&quot;n&quot;:&quot;blueLinks&quot;,&quot;t&quot;:13,&quot;a&quot;:&quot;click&quot;,&quot;b&quot;:76}\">Mark Bieger, presidente e CEO da academia militar e coronel aposentado do Ex\u00e9rcito, anunciou que a cerim\u00f4nia havia sido cancelada no mesmo dia em que Trump fez o an\u00fancio.<\/p>\n<div class=\"article-image-slot image-slot-placeholder\" data-doc-id=\"cms\/api\/amp\/image\/AA1M8HbP\">\n<div class=\"article-image-slot\">\n<div class=\"article-image-container polished\" data-t=\"{&quot;n&quot;:&quot;OpenModal&quot;,&quot;t&quot;:13,&quot;b&quot;:8,&quot;c.i&quot;:&quot;AA1M8HbR&quot;,&quot;c.l&quot;:false,&quot;c.t&quot;:13,&quot;c.v&quot;:&quot;news&quot;,&quot;c.c&quot;:&quot;newsbrazil&quot;,&quot;c.b&quot;:&quot;Novelando&quot;,&quot;c.bi&quot;:&quot;BBWk02b&quot;,&quot;c.tv&quot;:&quot;entertainment&quot;,&quot;c.tc&quot;:&quot;celebrities&quot;,&quot;c.hl&quot;:&quot;Tom Hanks \u00e9 impedido de receber pr\u00eamio ap\u00f3s ordem pol\u00eamica de Donald Trump&quot;}\" data-test-id=\"AA1M8HbP\"><\/div>\n<\/div>\n<\/div>\n<p data-t=\"{&quot;n&quot;:&quot;blueLinks&quot;,&quot;t&quot;:13,&quot;a&quot;:&quot;click&quot;,&quot;b&quot;:76}\">Bieger comunicou os convidados sobre o cancelamento do evento via e-mail.<\/p>\n<p class=\"continue-read-break\" data-t=\"{&quot;n&quot;:&quot;blueLinks&quot;,&quot;t&quot;:13,&quot;a&quot;:&quot;click&quot;,&quot;b&quot;:76}\">Ele disse que a decis\u00e3o permite que West Point \u201ccontinue focada em sua miss\u00e3o principal de preparar cadetes para liderar, lutar e vencer como oficiais da for\u00e7a mais letal do mundo, o Ex\u00e9rcito dos Estados Unidos\u201d.<\/p>\n<p data-t=\"{&quot;n&quot;:&quot;blueLinks&quot;,&quot;t&quot;:13,&quot;a&quot;:&quot;click&quot;,&quot;b&quot;:76}\">Isso ocorre ap\u00f3s Tom Hanks interpretar um apoiador de Donald Trump no Saturday Night Live em fevereiro. O ator de \u201cSaving Private Ryan\u201d fez uma caricatura de um \u201ccaipira racista\u201d.<\/p>\n<p data-t=\"{&quot;n&quot;:&quot;blueLinks&quot;,&quot;t&quot;:13,&quot;a&quot;:&quot;click&quot;,&quot;b&quot;:76}\">Hanks ainda n\u00e3o se manifestou sobre o cancelamento do evento.<\/p>\n<div id=\"fb_share_1\" style=\"float: right; margin-left: 10px;\"><a name=\"fb_share\" type=\"button\" share_url=\"http:\/\/www.orc.com.br\/novo\/famosos\/tom-hanks-e-impedido-de-receber-premio-apos-ordem-polemica-de-donald-trump.html\" href=\"http:\/\/www.facebook.com\/sharer.php\">Share<\/a><\/div><div><script src=\"http:\/\/static.ak.fbcdn.net\/connect.php\/js\/FB.Share\" type=\"text\/javascript\"><\/script><\/div>","protected":false},"excerpt":{"rendered":"<p>Depois que Donald Trump rebatizou o Departamento de Defesa dos EUA para Departamento de Guerra, Tom Hanks deixou de receber um pr\u00eamio de ex-alunos da Academia Militar dos EUA West Point. Tom Hanks participaria de um evento em West Point em 25 de setembro para receber o Pr\u00eamio Sylvanus Thayer. Apesar de n\u00e3o ter servido &#8230;<\/p>\n","protected":false},"author":3,"featured_media":155369,"comment_status":"open","ping_status":"open","sticky":false,"template":"","format":"standard","meta":[],"categories":[16],"tags":[8],"jetpack_featured_media_url":"https:\/\/orc.com.br\/novo\/wp-content\/uploads\/2025\/09\/Tom.jpg","_links":{"self":[{"href":"http:\/\/www.orc.com.br\/novo\/wp-json\/wp\/v2\/posts\/155368"}],"collection":[{"href":"http:\/\/www.orc.com.br\/novo\/wp-json\/wp\/v2\/posts"}],"about":[{"href":"http:\/\/www.orc.com.br\/novo\/wp-json\/wp\/v2\/types\/post"}],"author":[{"embeddable":true,"href":"http:\/\/www.orc.com.br\/novo\/wp-json\/wp\/v2\/users\/3"}],"replies":[{"embeddable":true,"href":"http:\/\/www.orc.com.br\/novo\/wp-json\/wp\/v2\/comments?post=155368"}],"version-history":[{"count":1,"href":"http:\/\/www.orc.com.br\/novo\/wp-json\/wp\/v2\/posts\/155368\/revisions"}],"predecessor-version":[{"id":155370,"href":"http:\/\/www.orc.com.br\/novo\/wp-json\/wp\/v2\/posts\/155368\/revisions\/155370"}],"wp:featuredmedia":[{"embeddable":true,"href":"http:\/\/www.orc.com.br\/novo\/wp-json\/wp\/v2\/media\/155369"}],"wp:attachment":[{"href":"http:\/\/www.orc.com.br\/novo\/wp-json\/wp\/v2\/media?parent=155368"}],"wp:term":[{"taxonomy":"category","embeddable":true,"href":"http:\/\/www.orc.com.br\/novo\/wp-json\/wp\/v2\/categories?post=155368"},{"taxonomy":"post_tag","embeddable":true,"href":"http:\/\/www.orc.com.br\/novo\/wp-json\/wp\/v2\/tags?post=155368"}],"curies":[{"name":"wp","href":"https:\/\/api.w.org\/{rel}","templated":true}]}}