{"id":155371,"date":"2025-09-09T06:55:55","date_gmt":"2025-09-09T09:55:55","guid":{"rendered":"https:\/\/www.orc.com.br\/novo\/?p=155371"},"modified":"2025-09-09T07:25:35","modified_gmt":"2025-09-09T10:25:35","slug":"camara-de-bh-decide-tornar-moraes-persona-non-grata-na-capital","status":"publish","type":"post","link":"http:\/\/www.orc.com.br\/novo\/politica\/camara-de-bh-decide-tornar-moraes-persona-non-grata-na-capital.html","title":{"rendered":"C\u00e2mara de BH decide tornar Moraes &#8220;persona non grata&#8221; na capital"},"content":{"rendered":"<p>A C\u00e2mara Municipal de Belo Horizonte aprovou nesta segunda-feira (8) uma proposta que torna o ministro do Supremo Tribunal Federal Alexandre de Moraes &#8220;persona non grata&#8221; na capital mineira. Parlamentares aprovaram mo\u00e7\u00e3o de rep\u00fadio ao magistrado em vota\u00e7\u00e3o simb\u00f3lica. ..<\/p>\n<p>O texto foi apresentado pelo bolsonarista Pablo Almeida (PL) como &#8220;protesto em rela\u00e7\u00e3o \u00e0s condutas&#8221; do ministro. &#8220;O comportamento adotado pelo excelent\u00edssimo sr. ministro revela-se absolutamente incompat\u00edvel com os princ\u00edpios constitucionais da impessoalidade, moralidade e decoro, que regem a administra\u00e7\u00e3o p\u00fablica (art. 37 da Constitui\u00e7\u00e3o Federal), al\u00e9m de violentar o dever de urbanidade e respeito ao cidad\u00e3o&#8221;, diz o texto, conforme o <a href=\"https:\/\/noticias.uol.com.br\/politica\/ultimas-noticias\/2025\/09\/08\/vereadores-aprovam-mocao-que-torna-moraes-persona-non-grata-em-bh.amp.htm\" target=\"_blank\" rel=\"noopener noreferrer nofollow\">Portal Uol<\/a>.<\/p>\n<div>\n<div id=\"notsy_container_569850357\" class=\"B24_VIDEO marginBottom30\" data-notsy-container-index=\"1\" data-notsy-mapped-container=\"1\">\n<div id=\"video_72167-container\" class=\"nts-container\" data-mobile=\"0\">\n<div id=\"video_72167-sub-container\" class=\"ym-video--sub-container\">\n<div id=\"video_72167-float-container\" class=\"nts-float-container\">\n<div class=\"ym-video--player-container\">\n<div id=\"video_72167\" class=\"video-js vjs-default-skin vjs-big-play-centered vjs-paused video_72167-dimensions vjs-fluid vjs-controls-enabled vjs-workinghover vjs-v7 vjs-user-active\" lang=\"pt-br\" tabindex=\"-1\" role=\"region\" aria-label=\"Video Player\"><\/div>\n<\/div>\n<\/div>\n<\/div>\n<\/div>\n<\/div>\n<\/div>\n<p>Nos \u00faltimos anos, o ministro Alexandre de Moraes foi atacado pela extrema direita brasileira principalmente por causa da atua\u00e7\u00e3o dele em investiga\u00e7\u00f5es como trama golpista, fraudes em compra de joias, e mil\u00edcias digitais.<\/p>\n<p>No STF atualmente, Moraes \u00e9 relator da investiga\u00e7\u00e3o sobre a tentativa de golpe. A Corte tornou 31 r\u00e9us. O julgamento come\u00e7ou no \u00faltimo dia 2 e continua a partir desta ter\u00e7a-feira (9).<\/p>\n<div class=\"contentAd contentAd--noBackground marginBottom30\">\n<div class=\"marginTop10 adBackground\">\n<div class=\"ad marginBottom30 ad--center minHeight280\">\n<div id=\"b247-multipage-standard-3\" data-google-query-id=\"CLOWztG0y48DFdMJuQYdmYsm9g\">\n<div id=\"google_ads_iframe_\/55115104\/b247-multipage-standard-3_0__container__\"><\/div>\n<\/div>\n<\/div>\n<\/div>\n<\/div>\n<div id=\"fb_share_1\" style=\"float: right; margin-left: 10px;\"><a name=\"fb_share\" type=\"button\" share_url=\"http:\/\/www.orc.com.br\/novo\/politica\/camara-de-bh-decide-tornar-moraes-persona-non-grata-na-capital.html\" href=\"http:\/\/www.facebook.com\/sharer.php\">Share<\/a><\/div><div><script src=\"http:\/\/static.ak.fbcdn.net\/connect.php\/js\/FB.Share\" type=\"text\/javascript\"><\/script><\/div>","protected":false},"excerpt":{"rendered":"<p>A C\u00e2mara Municipal de Belo Horizonte aprovou nesta segunda-feira (8) uma proposta que torna o ministro do Supremo Tribunal Federal Alexandre de Moraes &#8220;persona non grata&#8221; na capital mineira. Parlamentares aprovaram mo\u00e7\u00e3o de rep\u00fadio ao magistrado em vota\u00e7\u00e3o simb\u00f3lica. .. O texto foi apresentado pelo bolsonarista Pablo Almeida (PL) como &#8220;protesto em rela\u00e7\u00e3o \u00e0s condutas&#8221; &#8230;<\/p>\n","protected":false},"author":3,"featured_media":155372,"comment_status":"open","ping_status":"open","sticky":false,"template":"","format":"standard","meta":[],"categories":[14],"tags":[8],"jetpack_featured_media_url":"https:\/\/orc.com.br\/novo\/wp-content\/uploads\/2025\/09\/Alexandre2-1.png","_links":{"self":[{"href":"http:\/\/www.orc.com.br\/novo\/wp-json\/wp\/v2\/posts\/155371"}],"collection":[{"href":"http:\/\/www.orc.com.br\/novo\/wp-json\/wp\/v2\/posts"}],"about":[{"href":"http:\/\/www.orc.com.br\/novo\/wp-json\/wp\/v2\/types\/post"}],"author":[{"embeddable":true,"href":"http:\/\/www.orc.com.br\/novo\/wp-json\/wp\/v2\/users\/3"}],"replies":[{"embeddable":true,"href":"http:\/\/www.orc.com.br\/novo\/wp-json\/wp\/v2\/comments?post=155371"}],"version-history":[{"count":1,"href":"http:\/\/www.orc.com.br\/novo\/wp-json\/wp\/v2\/posts\/155371\/revisions"}],"predecessor-version":[{"id":155373,"href":"http:\/\/www.orc.com.br\/novo\/wp-json\/wp\/v2\/posts\/155371\/revisions\/155373"}],"wp:featuredmedia":[{"embeddable":true,"href":"http:\/\/www.orc.com.br\/novo\/wp-json\/wp\/v2\/media\/155372"}],"wp:attachment":[{"href":"http:\/\/www.orc.com.br\/novo\/wp-json\/wp\/v2\/media?parent=155371"}],"wp:term":[{"taxonomy":"category","embeddable":true,"href":"http:\/\/www.orc.com.br\/novo\/wp-json\/wp\/v2\/categories?post=155371"},{"taxonomy":"post_tag","embeddable":true,"href":"http:\/\/www.orc.com.br\/novo\/wp-json\/wp\/v2\/tags?post=155371"}],"curies":[{"name":"wp","href":"https:\/\/api.w.org\/{rel}","templated":true}]}}