{"id":155378,"date":"2025-09-10T05:40:31","date_gmt":"2025-09-10T08:40:31","guid":{"rendered":"https:\/\/www.orc.com.br\/novo\/?p=155378"},"modified":"2025-09-10T05:40:31","modified_gmt":"2025-09-10T08:40:31","slug":"julgamento-de-bolsonaro-quarto-dia-tem-voto-de-fux-e-chance-de-que-stf-forme-maioria-por-condenacao","status":"publish","type":"post","link":"http:\/\/www.orc.com.br\/novo\/politica\/julgamento-de-bolsonaro-quarto-dia-tem-voto-de-fux-e-chance-de-que-stf-forme-maioria-por-condenacao.html","title":{"rendered":"Julgamento de Bolsonaro: Quarto dia tem voto de Fux e chance de que STF forme maioria por condena\u00e7\u00e3o"},"content":{"rendered":"<p class=\"styles__ParagraphStyled-sc-6adecn-0 cWrRiu  \" data-component-name=\"paragraph\">O julgamento do ex-presidente <a href=\"https:\/\/www.estadao.com.br\/tudo-sobre\/jair-bolsonaro\/\" target=\"_blank\" rel=\"noopener\">Jair Bolsonaro<\/a> (<a href=\"https:\/\/www.estadao.com.br\/tudo-sobre\/pl-partido-liberal\/\" target=\"_blank\" rel=\"noopener\">PL<\/a>) e de outros sete r\u00e9us por tentativa de golpe de Estado entra na reta final nesta quarta-feira, 10, com a possibilidade de j\u00e1 se formar maioria pela condena\u00e7\u00e3o.<\/p>\n<div class=\"styles__MultiParagraphAdStyled-sc-1yb8ue6-0 gJoYAt\" data-component-name=\"multi-paragraph\">\n<div class=\"paragraph\">\n<p>Na ter\u00e7a-feira, 9, terceiro dia de julgamento na Primeira Turma do <a href=\"https:\/\/www.estadao.com.br\/tudo-sobre\/stf-supremo-tribunal-federal\/\" target=\"_blank\" rel=\"noopener\">Supremo Tribunal Federal (STF)<\/a>, o relator <a href=\"https:\/\/www.estadao.com.br\/politica\/blog-do-fausto-macedo\/voto-alexandre-moraes-stf-condenacao-bolsonaro-aliados-trama-golpista\/\" target=\"_blank\" rel=\"noopener\">Alexandre de Moraes votou pela condena\u00e7\u00e3o de Bolsonaro<\/a> e dos demais r\u00e9us, <a title=\"https:\/\/www.estadao.com.br\/politica\/blog-do-fausto-macedo\/voto-flavio-dino-stf-julgamento-bolsonaro-trama-golpista\/\" href=\"https:\/\/www.estadao.com.br\/politica\/blog-do-fausto-macedo\/voto-flavio-dino-stf-julgamento-bolsonaro-trama-golpista\/\" target=\"_blank\" rel=\"noopener noreferrer\">sendo acompanhado por Fl\u00e1vio Dino<\/a>\u2014 confirmando posi\u00e7\u00f5es que j\u00e1 eram esperadas e deixando Bolsonaro a um voto da condena\u00e7\u00e3o.<\/p>\n<p>A sess\u00e3o ser\u00e1 retomada nesta quarta-feira, \u00e0s 9h, com os votos ainda pendentes de <a title=\"https:\/\/www.estadao.com.br\/tudo-sobre\/luiz-fux\/?srsltid=AfmBOora8ZgWHTdpJ_HTWH_LOeXgg9iaNuQLaoADwc4e3pvXqB55oy0w\" href=\"https:\/\/www.estadao.com.br\/tudo-sobre\/luiz-fux\/?srsltid=AfmBOora8ZgWHTdpJ_HTWH_LOeXgg9iaNuQLaoADwc4e3pvXqB55oy0w\" target=\"_blank\" rel=\"noopener noreferrer\">Luiz Fux<\/a>, <a href=\"https:\/\/www.estadao.com.br\/tudo-sobre\/carmen-lucia\/\" target=\"_blank\" rel=\"noopener\">C\u00e1rmen L\u00facia<\/a> e <a href=\"https:\/\/www.estadao.com.br\/tudo-sobre\/cristiano-zanin-martins\/\" target=\"_blank\" rel=\"noopener\">Cristiano Zanin<\/a>. A expectativa inicial \u00e9 que somente Fux vote nesta quarta. Como s\u00e3o cinco ministros na Turma, eventual voto por condena\u00e7\u00e3o formaria maioria contra os r\u00e9us. O resultado deve ser proclamado na sexta-feira, 12.<\/p>\n<\/div>\n<\/div>\n<div id=\"fb_share_1\" style=\"float: right; margin-left: 10px;\"><a name=\"fb_share\" type=\"button\" share_url=\"http:\/\/www.orc.com.br\/novo\/politica\/julgamento-de-bolsonaro-quarto-dia-tem-voto-de-fux-e-chance-de-que-stf-forme-maioria-por-condenacao.html\" href=\"http:\/\/www.facebook.com\/sharer.php\">Share<\/a><\/div><div><script src=\"http:\/\/static.ak.fbcdn.net\/connect.php\/js\/FB.Share\" type=\"text\/javascript\"><\/script><\/div>","protected":false},"excerpt":{"rendered":"<p>O julgamento do ex-presidente Jair Bolsonaro (PL) e de outros sete r\u00e9us por tentativa de golpe de Estado entra na reta final nesta quarta-feira, 10, com a possibilidade de j\u00e1 se formar maioria pela condena\u00e7\u00e3o. Na ter\u00e7a-feira, 9, terceiro dia de julgamento na Primeira Turma do Supremo Tribunal Federal (STF), o relator Alexandre de Moraes &#8230;<\/p>\n","protected":false},"author":3,"featured_media":155379,"comment_status":"open","ping_status":"open","sticky":false,"template":"","format":"standard","meta":[],"categories":[14],"tags":[8],"jetpack_featured_media_url":"https:\/\/orc.com.br\/novo\/wp-content\/uploads\/2025\/09\/STF1-1.jpeg","_links":{"self":[{"href":"http:\/\/www.orc.com.br\/novo\/wp-json\/wp\/v2\/posts\/155378"}],"collection":[{"href":"http:\/\/www.orc.com.br\/novo\/wp-json\/wp\/v2\/posts"}],"about":[{"href":"http:\/\/www.orc.com.br\/novo\/wp-json\/wp\/v2\/types\/post"}],"author":[{"embeddable":true,"href":"http:\/\/www.orc.com.br\/novo\/wp-json\/wp\/v2\/users\/3"}],"replies":[{"embeddable":true,"href":"http:\/\/www.orc.com.br\/novo\/wp-json\/wp\/v2\/comments?post=155378"}],"version-history":[{"count":1,"href":"http:\/\/www.orc.com.br\/novo\/wp-json\/wp\/v2\/posts\/155378\/revisions"}],"predecessor-version":[{"id":155380,"href":"http:\/\/www.orc.com.br\/novo\/wp-json\/wp\/v2\/posts\/155378\/revisions\/155380"}],"wp:featuredmedia":[{"embeddable":true,"href":"http:\/\/www.orc.com.br\/novo\/wp-json\/wp\/v2\/media\/155379"}],"wp:attachment":[{"href":"http:\/\/www.orc.com.br\/novo\/wp-json\/wp\/v2\/media?parent=155378"}],"wp:term":[{"taxonomy":"category","embeddable":true,"href":"http:\/\/www.orc.com.br\/novo\/wp-json\/wp\/v2\/categories?post=155378"},{"taxonomy":"post_tag","embeddable":true,"href":"http:\/\/www.orc.com.br\/novo\/wp-json\/wp\/v2\/tags?post=155378"}],"curies":[{"name":"wp","href":"https:\/\/api.w.org\/{rel}","templated":true}]}}