{"id":155384,"date":"2025-09-10T05:56:04","date_gmt":"2025-09-10T08:56:04","guid":{"rendered":"https:\/\/www.orc.com.br\/novo\/?p=155384"},"modified":"2025-09-10T05:56:04","modified_gmt":"2025-09-10T08:56:04","slug":"governo-lula-reage-a-ameaca-dos-eua-de-usar-forca-militar-contra-o-brasil","status":"publish","type":"post","link":"http:\/\/www.orc.com.br\/novo\/internacional\/governo-lula-reage-a-ameaca-dos-eua-de-usar-forca-militar-contra-o-brasil.html","title":{"rendered":"Governo Lula reage a amea\u00e7a dos EUA de usar for\u00e7a militar contra o Brasil"},"content":{"rendered":"<p data-t=\"{&quot;n&quot;:&quot;blueLinks&quot;,&quot;t&quot;:13,&quot;a&quot;:&quot;click&quot;,&quot;b&quot;:76}\">O governo Lula, por meio do Itamaraty, respondeu na noite desta ter\u00e7a-feira (9) \u00e0 amea\u00e7a do governo dos EUA, comandado por Donald Trump, de realizar uma a\u00e7\u00e3o militar contra o Brasil para \u201cdefender a liberdade de express\u00e3o\u201d.<\/p>\n<p data-t=\"{&quot;n&quot;:&quot;blueLinks&quot;,&quot;t&quot;:13,&quot;a&quot;:&quot;click&quot;,&quot;b&quot;:76}\">\u201cO governo brasileiro condena o uso de san\u00e7\u00f5es econ\u00f4micas ou de amea\u00e7as de for\u00e7a contra a nossa democracia. O primeiro passo para proteger a liberdade de express\u00e3o \u00e9 justamente defender a democracia e respeitar a vontade popular expressa nas urnas. \u00c9 esse o dever dos tr\u00eas Poderes da Rep\u00fablica, que n\u00e3o se intimidar\u00e3o diante de qualquer atentado \u00e0 nossa soberania. O governo brasileiro repudia a tentativa de for\u00e7as antidemocr\u00e1ticas de instrumentalizar governos estrangeiros para coagir as institui\u00e7\u00f5es nacionais\u201d, declarou o Itamaraty.<\/p>\n<p data-t=\"{&quot;n&quot;:&quot;blueLinks&quot;,&quot;t&quot;:13,&quot;a&quot;:&quot;click&quot;,&quot;b&quot;:76}\">No mesmo dia em que o Supremo Tribunal Federal (STF) retomou a <a href=\"https:\/\/revistaforum.com.br\/politica\/2025\/9\/9\/alexandre-de-moraes-pede-condenao-maxima-jair-bolsonaro-em-seu-voto-187314.html\" target=\"_blank\" rel=\"noopener\" data-t=\"{&quot;n&quot;:&quot;destination&quot;,&quot;t&quot;:13,&quot;a&quot;:&quot;click&quot;,&quot;b&quot;:1,&quot;c.t&quot;:7}\">fase final do julgamento da a\u00e7\u00e3o penal sobre a trama golpista, que pode levar o ex-presidente Jair Bolsonaro \u00e0 pris\u00e3o<\/a>, a Casa Branca elevou o tom e amea\u00e7ou usar for\u00e7a militar contra o Brasil e outros pa\u00edses para defender a \u201cliberdade de express\u00e3o\u201d.<\/p>\n<p class=\"continue-read-break\" data-t=\"{&quot;n&quot;:&quot;blueLinks&quot;,&quot;t&quot;:13,&quot;a&quot;:&quot;click&quot;,&quot;b&quot;:76}\">A declara\u00e7\u00e3o partiu da porta-voz da Casa Branca, Karoline Leavitt, que destacou que o presidente dos EUA, Donald Trump, n\u00e3o est\u00e1 satisfeito com o julgamento do ex-presidente Jair Bolsonaro e que, por isso, o Brasil foi alvo de san\u00e7\u00f5es.<\/p>\n<p data-t=\"{&quot;n&quot;:&quot;blueLinks&quot;,&quot;t&quot;:13,&quot;a&quot;:&quot;click&quot;,&quot;b&quot;:76}\">\u201cO presidente dos EUA, Donald Trump, n\u00e3o tem medo de usar meios econ\u00f4micos nem militares para proteger a liberdade de express\u00e3o ao redor do mundo\u201d, afirmou Leavitt.<\/p>\n<p data-t=\"{&quot;n&quot;:&quot;blueLinks&quot;,&quot;t&quot;:13,&quot;a&quot;:&quot;click&quot;,&quot;b&quot;:76}\">Em seguida, a porta-voz amea\u00e7ou diretamente o Brasil: \u201cA liberdade de express\u00e3o \u00e9 a quest\u00e3o mais importante dos nossos tempos. O presidente Trump leva isso muito a s\u00e9rio, e por isso tomamos a\u00e7\u00f5es contra o Brasil.\u201d<\/p>\n<div id=\"fb_share_1\" style=\"float: right; margin-left: 10px;\"><a name=\"fb_share\" type=\"button\" share_url=\"http:\/\/www.orc.com.br\/novo\/internacional\/governo-lula-reage-a-ameaca-dos-eua-de-usar-forca-militar-contra-o-brasil.html\" href=\"http:\/\/www.facebook.com\/sharer.php\">Share<\/a><\/div><div><script src=\"http:\/\/static.ak.fbcdn.net\/connect.php\/js\/FB.Share\" type=\"text\/javascript\"><\/script><\/div>","protected":false},"excerpt":{"rendered":"<p>O governo Lula, por meio do Itamaraty, respondeu na noite desta ter\u00e7a-feira (9) \u00e0 amea\u00e7a do governo dos EUA, comandado por Donald Trump, de realizar uma a\u00e7\u00e3o militar contra o Brasil para \u201cdefender a liberdade de express\u00e3o\u201d. \u201cO governo brasileiro condena o uso de san\u00e7\u00f5es econ\u00f4micas ou de amea\u00e7as de for\u00e7a contra a nossa democracia. &#8230;<\/p>\n","protected":false},"author":3,"featured_media":155385,"comment_status":"open","ping_status":"open","sticky":false,"template":"","format":"standard","meta":[],"categories":[24],"tags":[8],"jetpack_featured_media_url":"https:\/\/orc.com.br\/novo\/wp-content\/uploads\/2025\/09\/Donald2.webp","_links":{"self":[{"href":"http:\/\/www.orc.com.br\/novo\/wp-json\/wp\/v2\/posts\/155384"}],"collection":[{"href":"http:\/\/www.orc.com.br\/novo\/wp-json\/wp\/v2\/posts"}],"about":[{"href":"http:\/\/www.orc.com.br\/novo\/wp-json\/wp\/v2\/types\/post"}],"author":[{"embeddable":true,"href":"http:\/\/www.orc.com.br\/novo\/wp-json\/wp\/v2\/users\/3"}],"replies":[{"embeddable":true,"href":"http:\/\/www.orc.com.br\/novo\/wp-json\/wp\/v2\/comments?post=155384"}],"version-history":[{"count":1,"href":"http:\/\/www.orc.com.br\/novo\/wp-json\/wp\/v2\/posts\/155384\/revisions"}],"predecessor-version":[{"id":155386,"href":"http:\/\/www.orc.com.br\/novo\/wp-json\/wp\/v2\/posts\/155384\/revisions\/155386"}],"wp:featuredmedia":[{"embeddable":true,"href":"http:\/\/www.orc.com.br\/novo\/wp-json\/wp\/v2\/media\/155385"}],"wp:attachment":[{"href":"http:\/\/www.orc.com.br\/novo\/wp-json\/wp\/v2\/media?parent=155384"}],"wp:term":[{"taxonomy":"category","embeddable":true,"href":"http:\/\/www.orc.com.br\/novo\/wp-json\/wp\/v2\/categories?post=155384"},{"taxonomy":"post_tag","embeddable":true,"href":"http:\/\/www.orc.com.br\/novo\/wp-json\/wp\/v2\/tags?post=155384"}],"curies":[{"name":"wp","href":"https:\/\/api.w.org\/{rel}","templated":true}]}}