{"id":155430,"date":"2025-09-11T06:53:48","date_gmt":"2025-09-11T09:53:48","guid":{"rendered":"https:\/\/www.orc.com.br\/novo\/?p=155430"},"modified":"2025-09-11T06:53:48","modified_gmt":"2025-09-11T09:53:48","slug":"homem-que-baleou-oito-pessoas-revoltado-com-a-vitoria-de-lula-e-morto-em-bh","status":"publish","type":"post","link":"http:\/\/www.orc.com.br\/novo\/brasil\/homem-que-baleou-oito-pessoas-revoltado-com-a-vitoria-de-lula-e-morto-em-bh.html","title":{"rendered":"Homem que baleou oito pessoas revoltado com a vit\u00f3ria de Lula \u00e9 morto em BH"},"content":{"rendered":"<p>&nbsp;<\/p>\n<p>Ruan Nilton da Luz, de 39 anos, o homem que atirou contra oito pessoas, e matou Pedro Henrique Dias Soares, de 28 anos, e a adolescente Luana Rafaela Oliveira Barcelos, de 12 anos, em 30 de Outubro, dia do segundo turno da elei\u00e7\u00e3o de 2022, foi morto, na manh\u00e3 desta quarta-feira (10\/9), no Cersam (Centro de Refer\u00eancia em Sa\u00fade Mental) do Barreiro.<\/p>\n<p data-t=\"{&quot;n&quot;:&quot;blueLinks&quot;,&quot;t&quot;:13,&quot;a&quot;:&quot;click&quot;,&quot;b&quot;:76}\">Segundo a pol\u00edcia militar, um homem saltou da garupa de uma motocicleta e disparou 14 tiros\u00a0em Ruan Luiz, que estava no local para tratamento psiqui\u00e1trico, determinado pela justi\u00e7a em sua audi\u00eancia de cust\u00f3dia, depois de ter sido preso em flagrante pelo duplo homic\u00eddio.<\/p>\n<p data-t=\"{&quot;n&quot;:&quot;blueLinks&quot;,&quot;t&quot;:13,&quot;a&quot;:&quot;click&quot;,&quot;b&quot;:76}\">Segundo o subinspetor da Guarda Municipal, Juscelino Silva, Ruan, como fazia todas as quartas-feiras, chegou cedo, para sua sess\u00e3o psiqui\u00e1trica. \u201cNo meio da sess\u00e3o, ele pediu permiss\u00e3o para sair e fumar um cigarro, saindo do pr\u00e9dio. Ao chegar \u00e0 varanda, foi surpreendido pelo homem que saltou da garupa de uma motocicleta e come\u00e7ou a atirar. Ele tentou correr para dentro do Cersam e se abrigar, mas foi perseguido e morto. Ningu\u00e9m mais foi atingido pelos tiros\u201d.<\/p>\n<p data-t=\"{&quot;n&quot;:&quot;blueLinks&quot;,&quot;t&quot;:13,&quot;a&quot;:&quot;click&quot;,&quot;b&quot;:76}\">O subinspetor conta que, logo depois dos tiros, o atirador saiu correndo, montou na moto que o aguardava do lado de fora do pr\u00e9dio e fugiu, em alta velocidade.<\/p>\n<h2 class=\"article-sub-heading\">Sem pistas<\/h2>\n<p data-t=\"{&quot;n&quot;:&quot;blueLinks&quot;,&quot;t&quot;:13,&quot;a&quot;:&quot;click&quot;,&quot;b&quot;:76}\">Um alerta foi emitido pela Pol\u00edcia Militar e Guarda Municipal em busca do paradeiro da motocicleta com os dois homens, ainda sem pistas dos matadores.\u00a0\u201cA nossa expectativa \u00e9 que imagens de c\u00e2meras de seguran\u00e7a das proximidades sejam repassadas para\u00a0 identifica\u00e7\u00e3o dos criminosos\u201d, diz o subinspetor.<\/p>\n<h2 class=\"article-sub-heading\">Primeiro crime<\/h2>\n<p data-t=\"{&quot;n&quot;:&quot;blueLinks&quot;,&quot;t&quot;:13,&quot;a&quot;:&quot;click&quot;,&quot;b&quot;:76}\">Na noite do dia 30 de outubro, no bairro Nova Cintra, Regi\u00e3o Oeste de Belo Horizonte, logo ap\u00f3s o segundo turno das Elei\u00e7\u00f5es de 2022, aconteceu o tiroteio em que Ruan matou Pedro Henrique e Luana.<\/p>\n<p data-t=\"{&quot;n&quot;:&quot;blueLinks&quot;,&quot;t&quot;:13,&quot;a&quot;:&quot;click&quot;,&quot;b&quot;:76}\">Ruan, que \u00e9 \u201cBolsonarista\u201d, estava revoltado com o resultado das elei\u00e7\u00f5es, vencidas por Lula. Ele saiu de casa armado e, ao chegar na rua, atirou contra duas mulheres, de 47 e 40 anos. Feridas, elas foram atendidas na UPA Oeste.<\/p>\n<div class=\"intra-article-module\" data-t=\"{&quot;n&quot;:&quot;intraArticle&quot;,&quot;t&quot;:13}\">\n<div class=\"articlePageIntraArticleFullWidth ad-slot-placeholder left-image-intra-ad full-bleed-image-intra-ad collapsed\" data-ad-index=\"2\">\n<div class=\"intra-article-ad-full left-image-intra-ad full-bleed-image-intra-ad\">\n<div>\n<div class=\"full-bleed-image-intra-ad\">&lt;cs-card &#8220;=&#8221;&#8221; class=&#8221;card-outer &#8221; id=&#8221;native_ad_collapse-inarticle-0&#8243; part=&#8221;&#8221; size=&#8221;_1x_2y&#8221;&gt;<\/p>\n<div class=\"content no-image\">\n<div id=\"media-overlay\" class=\"media-overlay\"><\/div>\n<div class=\"text\">\n<div class=\"choice-slug-wrapper\">\n<div class=\"ad-slug\">\n<div class=\"ad-provider\"><\/div>\n<\/div>\n<div class=\"ad-choice-container\"><\/div>\n<\/div>\n<div class=\"ad-provider\"><\/div>\n<div id=\"abstract\" class=\"abstract\">\n<div class=\"call-to-action\"><a class=\"call-to-action-link\" target=\"_blank\" rel=\"noopener noreferrer\"><img class=\"call-to-action-icon\" src=\"https:\/\/assets.msn.com\/staticsb\/statics\/latest\/views\/icons\/ChevronRightWhiteBold.svg\" alt=\"call to action icon\" \/><\/a><\/div>\n<\/div>\n<\/div>\n<div class=\"action-tray preload\">\n<div id=\"footer-start\" class=\"footer-start\"><\/div>\n<div id=\"footer-end\" class=\"footer-end\"><\/div>\n<\/div>\n<div class=\"hide-story-wrapper\">\n<div id=\"hide-story\" class=\"hide-story\"><\/div>\n<\/div>\n<\/div>\n<\/div>\n<\/div>\n<\/div>\n<\/div>\n<\/div>\n<p data-t=\"{&quot;n&quot;:&quot;blueLinks&quot;,&quot;t&quot;:13,&quot;a&quot;:&quot;click&quot;,&quot;b&quot;:76}\">Depois desses disparos, ele fugiu correndo por um beco, at\u00e9 chegar \u00e0 Avenida Tereza Cristina. Ao avistar uma garagem,\u00a0onde\u00a0pessoas\u00a0comemoravam a vit\u00f3ria de Lula, come\u00e7ou a atirar novamente, atingindo outras\u00a0seis pessoas. Entre elas, estavam as v\u00edtimas fatais, Paulo Henrique e Luana. Os dois foram levados para o Hospital do Pronto Socorro Jo\u00e3o XXIII (HPS), mas n\u00e3o resistiram aos ferimentos.<\/p>\n<p data-t=\"{&quot;n&quot;:&quot;blueLinks&quot;,&quot;t&quot;:13,&quot;a&quot;:&quot;click&quot;,&quot;b&quot;:76}\">Ao ser preso, Ruan disse aos policiais militares que atirou aleatoriamente. As outras v\u00edtimas baleadas foram:\u00a0Luana Correira Teixeira Campos;\u00a0Alexsandra de Paula Dias;\u00a0Aline Batista Marra; Ricardo Natache Marra;\u00a0Ailton Dias Soares e Maria Gorete.<\/p>\n<h2 class=\"article-sub-heading\">Indiciamento<\/h2>\n<p data-t=\"{&quot;n&quot;:&quot;blueLinks&quot;,&quot;t&quot;:13,&quot;a&quot;:&quot;click&quot;,&quot;b&quot;:76}\">O Minist\u00e9rio P\u00fablico apresentou den\u00fancia \u00e0 Justi\u00e7a, que tornou Ruan Nilton da Luz r\u00e9u por duplo homic\u00eddio e por tentativa de homic\u00eddio de\u00a0seis pessoas, por motivo torpe. A pena prevista para esse crime \u00e9 de 20 anos.<\/p>\n<p data-t=\"{&quot;n&quot;:&quot;blueLinks&quot;,&quot;t&quot;:13,&quot;a&quot;:&quot;click&quot;,&quot;b&quot;:76}\">De acordo com o MPMG, Ruan \u201cmatou e tentou matar porque n\u00e3o concordava com a posi\u00e7\u00e3o pol\u00edtica\u201d das v\u00edtimas.<\/p>\n<p data-t=\"{&quot;n&quot;:&quot;blueLinks&quot;,&quot;t&quot;:13,&quot;a&quot;:&quot;click&quot;,&quot;b&quot;:76}\">\n<p data-t=\"{&quot;n&quot;:&quot;blueLinks&quot;,&quot;t&quot;:13,&quot;a&quot;:&quot;click&quot;,&quot;b&quot;:76}\">A Justi\u00e7a considerou que o r\u00e9u agiu com dolo homicida, ou seja, com inten\u00e7\u00e3o de matar. \u201cNa noite dos fatos, durante as apura\u00e7\u00f5es do segundo turno das elei\u00e7\u00f5es presidenciais, o denunciado, insatisfeito com o resultado que se apresentava at\u00e9 aquele momento, resolveu munir-se de armas de fogo e sair \u00e0 ca\u00e7a daqueles que considerava apoiadores do candidato vitorioso\u201d, diz trecho da a\u00e7\u00e3o penal do Minist\u00e9rio P\u00fablico.<\/p>\n<div id=\"fb_share_1\" style=\"float: right; margin-left: 10px;\"><a name=\"fb_share\" type=\"button\" share_url=\"http:\/\/www.orc.com.br\/novo\/brasil\/homem-que-baleou-oito-pessoas-revoltado-com-a-vitoria-de-lula-e-morto-em-bh.html\" href=\"http:\/\/www.facebook.com\/sharer.php\">Share<\/a><\/div><div><script src=\"http:\/\/static.ak.fbcdn.net\/connect.php\/js\/FB.Share\" type=\"text\/javascript\"><\/script><\/div>","protected":false},"excerpt":{"rendered":"<p>&nbsp; Ruan Nilton da Luz, de 39 anos, o homem que atirou contra oito pessoas, e matou Pedro Henrique Dias Soares, de 28 anos, e a adolescente Luana Rafaela Oliveira Barcelos, de 12 anos, em 30 de Outubro, dia do segundo turno da elei\u00e7\u00e3o de 2022, foi morto, na manh\u00e3 desta quarta-feira (10\/9), no Cersam &#8230;<\/p>\n","protected":false},"author":3,"featured_media":155431,"comment_status":"open","ping_status":"open","sticky":false,"template":"","format":"standard","meta":[],"categories":[1],"tags":[8],"jetpack_featured_media_url":"https:\/\/orc.com.br\/novo\/wp-content\/uploads\/2025\/09\/Revolver.jpg","_links":{"self":[{"href":"http:\/\/www.orc.com.br\/novo\/wp-json\/wp\/v2\/posts\/155430"}],"collection":[{"href":"http:\/\/www.orc.com.br\/novo\/wp-json\/wp\/v2\/posts"}],"about":[{"href":"http:\/\/www.orc.com.br\/novo\/wp-json\/wp\/v2\/types\/post"}],"author":[{"embeddable":true,"href":"http:\/\/www.orc.com.br\/novo\/wp-json\/wp\/v2\/users\/3"}],"replies":[{"embeddable":true,"href":"http:\/\/www.orc.com.br\/novo\/wp-json\/wp\/v2\/comments?post=155430"}],"version-history":[{"count":1,"href":"http:\/\/www.orc.com.br\/novo\/wp-json\/wp\/v2\/posts\/155430\/revisions"}],"predecessor-version":[{"id":155432,"href":"http:\/\/www.orc.com.br\/novo\/wp-json\/wp\/v2\/posts\/155430\/revisions\/155432"}],"wp:featuredmedia":[{"embeddable":true,"href":"http:\/\/www.orc.com.br\/novo\/wp-json\/wp\/v2\/media\/155431"}],"wp:attachment":[{"href":"http:\/\/www.orc.com.br\/novo\/wp-json\/wp\/v2\/media?parent=155430"}],"wp:term":[{"taxonomy":"category","embeddable":true,"href":"http:\/\/www.orc.com.br\/novo\/wp-json\/wp\/v2\/categories?post=155430"},{"taxonomy":"post_tag","embeddable":true,"href":"http:\/\/www.orc.com.br\/novo\/wp-json\/wp\/v2\/tags?post=155430"}],"curies":[{"name":"wp","href":"https:\/\/api.w.org\/{rel}","templated":true}]}}