{"id":155440,"date":"2025-09-11T07:59:11","date_gmt":"2025-09-11T10:59:11","guid":{"rendered":"https:\/\/www.orc.com.br\/novo\/?p=155440"},"modified":"2025-09-11T07:59:11","modified_gmt":"2025-09-11T10:59:11","slug":"deputado-quer-fechamento-da-globo-em-nome-da-liberdade-e-ameaca-a-democracia","status":"publish","type":"post","link":"http:\/\/www.orc.com.br\/novo\/politica\/deputado-quer-fechamento-da-globo-em-nome-da-liberdade-e-ameaca-a-democracia.html","title":{"rendered":"Deputado quer fechamento da Globo em nome da liberdade e amea\u00e7a a democracia"},"content":{"rendered":"<p data-t=\"{&quot;n&quot;:&quot;blueLinks&quot;,&quot;t&quot;:13,&quot;a&quot;:&quot;click&quot;,&quot;b&quot;:76}\">O deputado federal Nikolas Ferreira (PL-MG), que afirma ser a favor da &#8220;liberdade de express\u00e3o&#8221;, usou as redes sociais nesta quarta-feira (10) para defender o fechamento da Rede Globo.<\/p>\n<p data-t=\"{&quot;n&quot;:&quot;blueLinks&quot;,&quot;t&quot;:13,&quot;a&quot;:&quot;click&quot;,&quot;b&quot;:76}\">A declara\u00e7\u00e3o de Nikolas Ferreira refor\u00e7a algo j\u00e1 apontado em artigo nesta F\u00f3rum: ele representa uma amea\u00e7a \u00e0 democracia brasileira, especialmente porque apenas regimes ditatoriais determinam quais meios de comunica\u00e7\u00e3o podem ou n\u00e3o funcionar.<\/p>\n<p data-t=\"{&quot;n&quot;:&quot;blueLinks&quot;,&quot;t&quot;:13,&quot;a&quot;:&quot;click&quot;,&quot;b&quot;:76}\">Vale lembrar que uma das marcas da ditadura brasileira (1964-1985) foi a censura aos meios de comunica\u00e7\u00e3o e a todas as manifesta\u00e7\u00f5es culturais. Durante esse per\u00edodo, livros, programas de televis\u00e3o, m\u00fasicas e outras produ\u00e7\u00f5es art\u00edsticas foram censurados pelo regime.<\/p>\n<p class=\"continue-read-break\" data-t=\"{&quot;n&quot;:&quot;blueLinks&quot;,&quot;t&quot;:13,&quot;a&quot;:&quot;click&quot;,&quot;b&quot;:76}\">Chama aten\u00e7\u00e3o que a declara\u00e7\u00e3o de Nikolas Ferreira ocorra apenas uma semana depois de ele subir \u00e0 tribuna da C\u00e2mara dos Deputados para afirmar que, caso um dia se torne presidente da Rep\u00fablica, <a href=\"https:\/\/revistaforum.com.br\/politica\/2025\/9\/9\/nikolas-ferreira-pode-ter-redes-bloqueadas-por-incentivo-ao-golpe-de-estado-187351.html\" target=\"_blank\" rel=\"noopener\" data-t=\"{&quot;n&quot;:&quot;destination&quot;,&quot;t&quot;:13,&quot;a&quot;:&quot;click&quot;,&quot;b&quot;:1,&quot;c.t&quot;:7}\">utilizar\u00e1 a estrutura do Estado para perseguir grupos sociais<\/a>. Hoje, ele deu mais um passo al\u00e9m. A pergunta que fica \u00e9: at\u00e9 quando ele continuar\u00e1 amea\u00e7ando as institui\u00e7\u00f5es brasileiras e permanecer\u00e1 impune?<\/p>\n<div class=\"article-image-slot image-slot-placeholder\" data-doc-id=\"cms\/api\/amp\/image\/AA1Mj1Tx\">\n<div class=\"article-image-slot\">\n<div class=\"article-image-container polished\" data-t=\"{&quot;n&quot;:&quot;OpenModal&quot;,&quot;t&quot;:13,&quot;b&quot;:8,&quot;c.i&quot;:&quot;AA1MiP6I&quot;,&quot;c.l&quot;:false,&quot;c.t&quot;:13,&quot;c.v&quot;:&quot;news&quot;,&quot;c.c&quot;:&quot;newsbrazil&quot;,&quot;c.b&quot;:&quot;Revista F\u00f3rum&quot;,&quot;c.bi&quot;:&quot;AA1Fxwmp&quot;,&quot;c.tv&quot;:&quot;politics&quot;,&quot;c.tc&quot;:&quot;government&quot;,&quot;c.hl&quot;:&quot;Nikolas Ferreira defende fechamento da Globo e confirma ser uma amea\u00e7a \u00e0 democracia&quot;}\" data-test-id=\"AA1Mj1Tx\">\n<div class=\"image-caption-container image-caption-container-ux-impr articlewc-image-caption-container\"><span class=\"image-caption\">Nikolas Ferreira defende fechamento da Globo e confirma ser uma amea\u00e7a \u00e0 democracia<\/span><\/div>\n<\/div>\n<\/div>\n<\/div>\n<div id=\"fb_share_1\" style=\"float: right; margin-left: 10px;\"><a name=\"fb_share\" type=\"button\" share_url=\"http:\/\/www.orc.com.br\/novo\/politica\/deputado-quer-fechamento-da-globo-em-nome-da-liberdade-e-ameaca-a-democracia.html\" href=\"http:\/\/www.facebook.com\/sharer.php\">Share<\/a><\/div><div><script src=\"http:\/\/static.ak.fbcdn.net\/connect.php\/js\/FB.Share\" type=\"text\/javascript\"><\/script><\/div>","protected":false},"excerpt":{"rendered":"<p>O deputado federal Nikolas Ferreira (PL-MG), que afirma ser a favor da &#8220;liberdade de express\u00e3o&#8221;, usou as redes sociais nesta quarta-feira (10) para defender o fechamento da Rede Globo. A declara\u00e7\u00e3o de Nikolas Ferreira refor\u00e7a algo j\u00e1 apontado em artigo nesta F\u00f3rum: ele representa uma amea\u00e7a \u00e0 democracia brasileira, especialmente porque apenas regimes ditatoriais determinam &#8230;<\/p>\n","protected":false},"author":3,"featured_media":155441,"comment_status":"open","ping_status":"open","sticky":false,"template":"","format":"standard","meta":[],"categories":[14],"tags":[8],"jetpack_featured_media_url":"https:\/\/orc.com.br\/novo\/wp-content\/uploads\/2025\/09\/Nikolas.webp","_links":{"self":[{"href":"http:\/\/www.orc.com.br\/novo\/wp-json\/wp\/v2\/posts\/155440"}],"collection":[{"href":"http:\/\/www.orc.com.br\/novo\/wp-json\/wp\/v2\/posts"}],"about":[{"href":"http:\/\/www.orc.com.br\/novo\/wp-json\/wp\/v2\/types\/post"}],"author":[{"embeddable":true,"href":"http:\/\/www.orc.com.br\/novo\/wp-json\/wp\/v2\/users\/3"}],"replies":[{"embeddable":true,"href":"http:\/\/www.orc.com.br\/novo\/wp-json\/wp\/v2\/comments?post=155440"}],"version-history":[{"count":1,"href":"http:\/\/www.orc.com.br\/novo\/wp-json\/wp\/v2\/posts\/155440\/revisions"}],"predecessor-version":[{"id":155442,"href":"http:\/\/www.orc.com.br\/novo\/wp-json\/wp\/v2\/posts\/155440\/revisions\/155442"}],"wp:featuredmedia":[{"embeddable":true,"href":"http:\/\/www.orc.com.br\/novo\/wp-json\/wp\/v2\/media\/155441"}],"wp:attachment":[{"href":"http:\/\/www.orc.com.br\/novo\/wp-json\/wp\/v2\/media?parent=155440"}],"wp:term":[{"taxonomy":"category","embeddable":true,"href":"http:\/\/www.orc.com.br\/novo\/wp-json\/wp\/v2\/categories?post=155440"},{"taxonomy":"post_tag","embeddable":true,"href":"http:\/\/www.orc.com.br\/novo\/wp-json\/wp\/v2\/tags?post=155440"}],"curies":[{"name":"wp","href":"https:\/\/api.w.org\/{rel}","templated":true}]}}