{"id":156112,"date":"2025-10-21T09:06:13","date_gmt":"2025-10-21T12:06:13","guid":{"rendered":"https:\/\/www.orc.com.br\/novo\/?p=156112"},"modified":"2025-10-21T09:06:13","modified_gmt":"2025-10-21T12:06:13","slug":"empresario-de-orlandia-se-recupera-depois-de-cirurgia-por-ser-atingido-pela-estrutura-de-torneio-de-beach-tenis-em-ribeirao-preto","status":"publish","type":"post","link":"http:\/\/www.orc.com.br\/novo\/brasil\/empresario-de-orlandia-se-recupera-depois-de-cirurgia-por-ser-atingido-pela-estrutura-de-torneio-de-beach-tenis-em-ribeirao-preto.html","title":{"rendered":"Empres\u00e1rio de Orl\u00e2ndia se recupera depois de cirurgia por ser atingido pela estrutura de torneio de Beach T\u00eanis em Ribeir\u00e3o Preto"},"content":{"rendered":"<h4>O empres\u00e1rio Fabiano Palari, da \u00e1rea de seguran\u00e7a, \u00a0passa bem depois de ser operado e colocado uma placa na cabe\u00e7a, por ter sido atingido por estrutura (cobertura) de torneio de Beach T\u00eanis em Ribi\u00e3o Preto.<\/h4>\n<h1>Pol\u00edcia abre investiga\u00e7\u00e3o e vai ouvir respons\u00e1veis por evento<\/h1>\n<h2>Organizadores apontam rajadas de vento como principal fator para queda de cobertura no \u00faltimo s\u00e1bado, em Ribeir\u00e3o Preto. Dos nove feridos, apenas uma mulher segue internada.<\/h2>\n<p>Por Gustavo Oliva, Kelven Melo, EPTV e g1 Ribeir\u00e3o e Franca<\/p>\n<p>A Pol\u00edcia Civil instaurou um inqu\u00e9rito para investigar a <a href=\"https:\/\/g1.globo.com\/sp\/ribeirao-preto-franca\/noticia\/2025\/10\/18\/cobertura-de-arquibancada-desaba-em-torneio-de-beach-tennis-em-ribeirao-preto-sp.ghtml\">queda da cobertura de uma parte da arquibancada em um torneio de beach tennis<\/a> em <a href=\"https:\/\/g1.globo.com\/sp\/ribeirao-preto-franca\/cidade\/ribeirao-preto\/\">Ribeir\u00e3o Preto (SP)<\/a> no \u00faltimo s\u00e1bado (18).<\/p>\n<p>O acidente feriu nove pessoas. Oito delas j\u00e1 receberam alta m\u00e9dica, incluindo o <a href=\"https:\/\/g1.globo.com\/sp\/ribeirao-preto-franca\/noticia\/2025\/10\/19\/vitima-agradece-oracoes-apos-sobreviver-a-queda-de-cobertura-de-arquibancada-em-torneio-de-beach-tennis-video.ghtml\">gestor Fabiano Palari, socorrido em estado grave<\/a> com traumatismo craniano. Ele foi liberado para casa nesta segunda-feira (20).<\/p>\n<p>Apenas uma mulher de 33 anos continua internada. Ela passou por uma cirurgia na perna e ainda deve ser submetida a um outro procedimento, esse na regi\u00e3o do ombro. No entanto, n\u00e3o corre risco de morte.<\/p>\n<p>Nos pr\u00f3ximos dias, a pol\u00edcia deve ouvir testemunhas e ao menos tr\u00eas pessoas da organiza\u00e7\u00e3o: o <strong>respons\u00e1vel pela arena, o organizador do torneio e o respons\u00e1vel pela montagem da estrutura da cobertura da arquibancada<\/strong>.<\/p>\n<p>Al\u00e9m disso, a Pol\u00edcia Civil pediu documenta\u00e7\u00f5es \u00e0 Prefeitura de Ribeir\u00e3o Preto e ao Corpo de Bombeiros para verificar se o evento tinha autoriza\u00e7\u00e3o para acontecer.<\/p>\n<p>An\u00e1lises da per\u00edcia tamb\u00e9m far\u00e3o parte das investiga\u00e7\u00f5es.<\/p>\n<p>&nbsp;<\/p>\n<h2><strong>O que dizem os respons\u00e1veis?<\/strong><\/h2>\n<p>Organizador do torneio, Anderson Rubinato garantiu que as documenta\u00e7\u00f5es do evento estavam em dia e que a ventania colaborou com o acidente. Ele tamb\u00e9m afirmou que a organiza\u00e7\u00e3o prestou assist\u00eancia imediata \u00e0s v\u00edtimas.<\/p>\n<p>&#8220;O evento tem todas as documenta\u00e7\u00f5es necess\u00e1rias, as autoriza\u00e7\u00f5es. A gente estava em plena opera\u00e7\u00e3o e foi surpreendido com uma chuva seguida de uma forte ventania. Quando isso aconteceu, a gente teve uma situa\u00e7\u00e3o na \u00e1rea vip do evento com a cobertura. A primeira provid\u00eancia que a gente tomou foi evacuar o local, isso com uma equipe local do Corpo de Bombeiros mais os seguran\u00e7as. A gente conseguiu evacuar todas as pessoas que estavam nessa \u00e1rea com seguran\u00e7a e tranquilidade. Depois, a gente foi prestar atendimento aos feridos.&#8221;<\/p>\n<p>J\u00e1 o respons\u00e1vel pela montagem da cobertura \u00e9 Alexandre Pimenta. Segundo ele, a estrutura foi montada dez dias antes do evento e uma equipe da empresa se deslocou para o local logo depois da queda. Pimenta tamb\u00e9m considerou o vento como principal motivo do acidente.<\/p>\n<p>&#8220;Fator predominante na situa\u00e7\u00e3o foi o vento. Foi um vento de rajadas, \u00e9 um vento perigoso. A estrutura foi entregue de uma forma convencional, todos os cuidados espec\u00edficos com travamentos, cintas, ancoragem, tudo dentro dos padr\u00f5es da empresa. Uma equipe j\u00e1 acostumada a fazer esse tipo de instala\u00e7\u00e3o. Lembrando que as estruturas m\u00f3veis n\u00e3o contam com funda\u00e7\u00f5es. Ela tem um c\u00e1lculo b\u00e1sico de vento, mas fica muita suscet\u00edvel a esses ventos de rajada.&#8221;<\/p>\n<div id=\"fb_share_1\" style=\"float: right; margin-left: 10px;\"><a name=\"fb_share\" type=\"button\" share_url=\"http:\/\/www.orc.com.br\/novo\/brasil\/empresario-de-orlandia-se-recupera-depois-de-cirurgia-por-ser-atingido-pela-estrutura-de-torneio-de-beach-tenis-em-ribeirao-preto.html\" href=\"http:\/\/www.facebook.com\/sharer.php\">Share<\/a><\/div><div><script src=\"http:\/\/static.ak.fbcdn.net\/connect.php\/js\/FB.Share\" type=\"text\/javascript\"><\/script><\/div>","protected":false},"excerpt":{"rendered":"<p>O empres\u00e1rio Fabiano Palari, da \u00e1rea de seguran\u00e7a, \u00a0passa bem depois de ser operado e colocado uma placa na cabe\u00e7a, por ter sido atingido por estrutura (cobertura) de torneio de Beach T\u00eanis em Ribi\u00e3o Preto. Pol\u00edcia abre investiga\u00e7\u00e3o e vai ouvir respons\u00e1veis por evento Organizadores apontam rajadas de vento como principal fator para queda de &#8230;<\/p>\n","protected":false},"author":3,"featured_media":156113,"comment_status":"open","ping_status":"open","sticky":false,"template":"","format":"standard","meta":[],"categories":[1],"tags":[8],"jetpack_featured_media_url":"https:\/\/orc.com.br\/novo\/wp-content\/uploads\/2025\/10\/FabiuanoPalari.jpg","_links":{"self":[{"href":"http:\/\/www.orc.com.br\/novo\/wp-json\/wp\/v2\/posts\/156112"}],"collection":[{"href":"http:\/\/www.orc.com.br\/novo\/wp-json\/wp\/v2\/posts"}],"about":[{"href":"http:\/\/www.orc.com.br\/novo\/wp-json\/wp\/v2\/types\/post"}],"author":[{"embeddable":true,"href":"http:\/\/www.orc.com.br\/novo\/wp-json\/wp\/v2\/users\/3"}],"replies":[{"embeddable":true,"href":"http:\/\/www.orc.com.br\/novo\/wp-json\/wp\/v2\/comments?post=156112"}],"version-history":[{"count":1,"href":"http:\/\/www.orc.com.br\/novo\/wp-json\/wp\/v2\/posts\/156112\/revisions"}],"predecessor-version":[{"id":156114,"href":"http:\/\/www.orc.com.br\/novo\/wp-json\/wp\/v2\/posts\/156112\/revisions\/156114"}],"wp:featuredmedia":[{"embeddable":true,"href":"http:\/\/www.orc.com.br\/novo\/wp-json\/wp\/v2\/media\/156113"}],"wp:attachment":[{"href":"http:\/\/www.orc.com.br\/novo\/wp-json\/wp\/v2\/media?parent=156112"}],"wp:term":[{"taxonomy":"category","embeddable":true,"href":"http:\/\/www.orc.com.br\/novo\/wp-json\/wp\/v2\/categories?post=156112"},{"taxonomy":"post_tag","embeddable":true,"href":"http:\/\/www.orc.com.br\/novo\/wp-json\/wp\/v2\/tags?post=156112"}],"curies":[{"name":"wp","href":"https:\/\/api.w.org\/{rel}","templated":true}]}}