{"id":156120,"date":"2025-10-22T08:23:17","date_gmt":"2025-10-22T11:23:17","guid":{"rendered":"https:\/\/www.orc.com.br\/novo\/?p=156120"},"modified":"2025-10-22T08:23:17","modified_gmt":"2025-10-22T11:23:17","slug":"promotora-anne-marie-loureno-karsten-considera-ilegal-ato-de-prefeito-thor-e-cancela-126-cargos-comissionados","status":"publish","type":"post","link":"http:\/\/www.orc.com.br\/novo\/brasil\/promotora-anne-marie-loureno-karsten-considera-ilegal-ato-de-prefeito-thor-e-cancela-126-cargos-comissionados.html","title":{"rendered":"Promotora Anne Marie Loureno Karsten considera ilegal ato de Prefeito Thor e cancela 126 cargos comissionados"},"content":{"rendered":"<p>O MP de Orl\u00e2ndia atrav\u00e9s da Dra. Anne Marie Loureno Karsten e o Prefeito Gabriel Grassi \u2013 Thor,\u00a0 assinaram um\u00a0 TAC \u2013 Termo de Ajuste de Conduta para regularizar esageiro de cargos comissionados.<\/p>\n<p>A Promotoria considera que o Munic\u00edpio de Orl\u00e2ndia, por meio do atual Prefeito, Senhor Jorge Gabriel Grassi, ap\u00f3s as tr\u00eas primeiras decis\u00f5es supracitadas, editou a nova Lei Complementar n. 89, de 15 de janeiro de 2025, que disp\u00f5e sobre a organiza\u00e7\u00e3o administrativa do Executivo Municipal de Orl\u00e2ndia, criando novamente 126 cargos comissionados.<\/p>\n<p>Dos 126 cargos \u00a0foram considerados ilegais:<\/p>\n<p>1) Assessor T\u00e9cnico I;<\/p>\n<p>2) Assessor T\u00e9cnico II\u201d;<\/p>\n<p>3) Assessor T\u00e9cnico III\u201d,<\/p>\n<p>4) Chefe de Se\u00e7\u00e3o de Patrim\u00f4nio P\u00fablico e Almoxarifado\u201d,<\/p>\n<p>5) Chefe de Se\u00e7\u00e3o de Protocolo\u201d,<\/p>\n<p>6) Chefe de Se\u00e7\u00e3o de Transportes\u201d,<\/p>\n<p>7) Chefe do Departamento Administrativo &#8211; DAE\u201d,<\/p>\n<p>8) \u201cChefe da Secretaria Jur\u00eddica\u201d,<\/p>\n<p>9) Chefe do Departamento de A\u00e7\u00e3o Ambiental\u201d,<\/p>\n<p>10) Chefe do Departamento de Arquivos P\u00fablicos\u201d,<\/p>\n<p>11) Chefe do Departamento de Assessoramento do Meio Ambiente\u201d,<\/p>\n<p>12) Chefe do Departamento de Cemit\u00e9rio\u201d,<\/p>\n<p>13) Chefe do Departamento de Compras e Licita\u00e7\u00f5es\u201d,<\/p>\n<p>14) Chefe do Departamento de Comunica\u00e7\u00f5es\u201d,<\/p>\n<p>15) Chefe do Departamento de Eventos\u201d,<\/p>\n<p>16) Chefe do Departamento de Fiscaliza\u00e7\u00e3o Tribut\u00e1ria;<\/p>\n<p>17) Chefe do Departamento de Inform\u00e1tica;<\/p>\n<p>18) Chefe do Departamento de Limpeza P\u00fablica;<\/p>\n<p>19) Chefe do Departamento de Pessoal;<\/p>\n<p>20) Chefe do Departamento de Qualifica\u00e7\u00e3o e Valoriza\u00e7\u00e3o Funcional;<\/p>\n<p>21) Chefe do Departamento de Rendas;<\/p>\n<p>22) Chefe do Departamento de Suprimentos, Patrim\u00f4nio e Transportes;<\/p>\n<p>23) Chefe do Departamento de Teatro;<\/p>\n<p>24) Chefe do Departamento M\u00e9dico;<\/p>\n<p>25) Chefe do Departamento Municipal de Tr\u00e2nsito;<\/p>\n<p>26) Chefe do Departamento Odontol\u00f3gico;<\/p>\n<p>27) Chefe do Departamento Operacional;<\/p>\n<p>28) Diretor da Divis\u00e3o de Administra\u00e7\u00e3o Geral;<\/p>\n<p>29) Diretor da Divis\u00e3o de Agroneg\u00f3cios;<\/p>\n<p>30) Diretor da Divis\u00e3o de \u00c1gua e Esgoto;<\/p>\n<p>31) Diretor da Divis\u00e3o de Comunica\u00e7\u00e3o e Eventos;<\/p>\n<p>32) Diretor da Divis\u00e3o de Engenharia, Obras e Servi\u00e7os P\u00fablicos;<\/p>\n<p>33) Diretor da Divis\u00e3o de Esportes\u201d,<\/p>\n<p>34) Diretor da Divis\u00e3o de Farm\u00e1cia;<\/p>\n<p>PROMOTORIA DE JUSTI\u00c7A DE ORL\u00c2NDIA<\/p>\n<p>Pra\u00e7a Coronel Orlando S\/N\u00ba \u2013 Centro | Orl\u00e2ndia\/SP<\/p>\n<p>&nbsp;<\/p>\n<p>&nbsp;<\/p>\n<p>35) Diretor da Divis\u00e3o de Ind\u00fastria e Com\u00e9rcio;<\/p>\n<p>36) Diretor da Divis\u00e3o de Meio Ambiente;<\/p>\n<p>37) Diretor da Divis\u00e3o de Or\u00e7amento e Finan\u00e7as;<\/p>\n<p>38) Diretor da Divis\u00e3o de Promo\u00e7\u00e3o Cultural;<\/p>\n<p>39) Diretor da Divis\u00e3o de Sa\u00fade P\u00fablica;<\/p>\n<p>40) Diretor da Divis\u00e3o de Tributa\u00e7\u00e3o;<\/p>\n<p>41) Diretor da Divis\u00e3o de Turismo;<\/p>\n<p>42) Diretor da Divis\u00e3o de Vigil\u00e2ncia Sanit\u00e1ria e Epidemiol\u00f3gica.<\/p>\n<p>&nbsp;<\/p>\n<p>&nbsp;<\/p>\n<p>Bem como as fun\u00e7\u00f5es de confian\u00e7a de:<\/p>\n<p>1) Coordenador T\u00e9cnico de Enfermagem I;<\/p>\n<p>2) Coordenador T\u00e9cnico de Enfermagem II;<\/p>\n<p>3) Chefe do Departamento de Biblioteca;<\/p>\n<p>4) Chefe do Departamento de Museu;<\/p>\n<p>5) Chefe do Departamento de Obras Particulares e Fiscaliza\u00e7\u00e3o;<\/p>\n<p>6) \u201cChefe de Departamento de Parcelamento do Solo Urbano;<\/p>\n<p>7) \u201cDiretor da Divis\u00e3o de Assist\u00eancia Especializada;<\/p>\n<p>8) \u201cDiretor da Divis\u00e3o Geral de Assist\u00eancia Social;<\/p>\n<p>9) \u201cCoordenador do CRAS;<\/p>\n<p>10) \u201cCoordenador do CREAS.<\/p>\n<p>&nbsp;<\/p>\n<p>O MP pro\u00edbe a Prefeitura de \u00a0contrata\u00e7\u00e3o de pessoas em cargos comissionados e se obrigue \u00a0no prazo de <strong>90 (noventa) dias <\/strong>a contar da homologa\u00e7\u00e3o deste termo, <strong>deflagrar procedimento administrativo para a contrata\u00e7\u00e3o de empresa id\u00f4nea visando \u00e0 realiza\u00e7\u00e3o de concurso p\u00fablico <\/strong>destinado ao<\/p>\n<p>devida reestrutura\u00e7\u00e3o administrativa, o qual dever\u00e1 ser conclu\u00eddo no prazo m\u00e1ximo de 120 dias a partir da instaura\u00e7\u00e3o.<\/p>\n<h1><\/h1>\n<h1>Exonera\u00e7\u00e3o<\/h1>\n<table>\n<tbody>\n<tr>\n<td width=\"329\">Para cumprimento do disposto nas cl\u00e1usulas anteriores, o <strong>COMPROMISS\u00c1RIO <\/strong>se obriga a <strong>promover a exonera\u00e7\u00e3o, no prazo m\u00e1ximo de 270 (duzentos e setenta) dias <\/strong>a contar da homologa\u00e7\u00e3o deste termo, de todos os servidores nomeados para os seguintes cargos em comiss\u00e3o, podendo ser feito de modo escalonado, mediante concess\u00e3o de f\u00e9rias a fim de diminuir o impacto or\u00e7ament\u00e1rio; Assessor de Administra\u00e7\u00e3o, Suprimento e Recursos<\/td>\n<\/tr>\n<tr>\n<td width=\"329\">Assessor de Insumos, Suprimentos e Materiais de Sa\u00fade<\/td>\n<\/tr>\n<tr>\n<td width=\"329\">Assessor de Regula\u00e7\u00e3o em Sa\u00fade<\/td>\n<\/tr>\n<tr>\n<td width=\"329\">Assessor de Sa\u00fade Digital<\/td>\n<\/tr>\n<tr>\n<td width=\"329\">Assessor(a) de Administra\u00e7\u00e3o, Suprimento e Recursos (Meio Amb.)<\/td>\n<\/tr>\n<tr>\n<td width=\"329\">Assessor(a) de Licita\u00e7\u00e3o, Compras e Contratos<\/td>\n<\/tr>\n<tr>\n<td width=\"329\">Chefe da Se\u00e7\u00e3o de Fiscaliza\u00e7\u00e3o de Limpeza P\u00fablica<\/td>\n<\/tr>\n<tr>\n<td width=\"329\">Chefe da Se\u00e7\u00e3o de Fiscaliza\u00e7\u00e3o e Manuten\u00e7\u00e3o<\/td>\n<\/tr>\n<tr>\n<td width=\"329\">Chefe da Se\u00e7\u00e3o de Folha de Pagamento<\/td>\n<\/tr>\n<tr>\n<td width=\"329\">Chefe da Se\u00e7\u00e3o de Protocolo e Documenta\u00e7\u00e3o<\/td>\n<\/tr>\n<tr>\n<td width=\"329\">Controle Interno em Sa\u00fade<\/td>\n<\/tr>\n<tr>\n<td width=\"329\">Diretor de Aten\u00e7\u00e3o \u00e0 Sa\u00fade<\/td>\n<\/tr>\n<tr>\n<td width=\"329\">Diretor de Manuten\u00e7\u00e3o e Zeladoria<\/td>\n<\/tr>\n<tr>\n<td width=\"329\">Diretor de Planejamento<\/td>\n<\/tr>\n<tr>\n<td width=\"329\">Diretor de Pol\u00edticas Pedag\u00f3gicas e de Forma\u00e7\u00e3o<\/td>\n<\/tr>\n<tr>\n<td width=\"329\">Diretor de Prote\u00e7\u00e3o Social B\u00e1sica<\/td>\n<\/tr>\n<tr>\n<td width=\"329\">Diretor de Prote\u00e7\u00e3o Social Especial<\/td>\n<\/tr>\n<tr>\n<td width=\"329\">Diretor de Recursos Humanos<\/td>\n<\/tr>\n<tr>\n<td width=\"329\">Diretor de Rela\u00e7\u00f5es Comunit\u00e1rias e Institucionais<\/td>\n<\/tr>\n<tr>\n<td width=\"329\">Diretor de Seguran\u00e7a P\u00fablica, Defesa Civil e Mobilidade<\/td>\n<\/tr>\n<tr>\n<td width=\"329\">Diretor de Tr\u00e2nsito, Transportes e Mobilidade<\/td>\n<\/tr>\n<tr>\n<td width=\"329\">Diretor(a) de A\u00e7\u00e3o Ambiental<\/td>\n<\/tr>\n<tr>\n<td width=\"329\">Diretor(a) de Administra\u00e7\u00e3o em Sa\u00fade<\/td>\n<\/tr>\n<tr>\n<td width=\"329\">Diretor(a) de Administra\u00e7\u00e3o Escolar<\/td>\n<\/tr>\n<tr>\n<td width=\"329\">Diretor(a) de Agroneg\u00f3cios<\/td>\n<\/tr>\n<tr>\n<td width=\"329\">Diretor(a) de Apoio e Controle Operacional<\/td>\n<\/tr>\n<tr>\n<td width=\"329\">Diretor(a) de Arrecada\u00e7\u00e3o, Tributa\u00e7\u00e3o e Fiscaliza\u00e7\u00e3o<\/td>\n<\/tr>\n<tr>\n<td width=\"329\">Diretor(a) de Cerimonial e Eventos<\/td>\n<\/tr>\n<tr>\n<td width=\"329\">Diretor(a) de Com\u00e9rcio, Ind\u00fastria e Servi\u00e7os<\/td>\n<\/tr>\n<tr>\n<td width=\"329\">Diretor(a) de Comunica\u00e7\u00e3o Institucional<\/td>\n<\/tr>\n<tr>\n<td width=\"329\">Diretor(a) de Cultura e Promo\u00e7\u00e3o Art\u00edstica<\/td>\n<\/tr>\n<tr>\n<td width=\"329\">Diretor(a) de Engenharia, Obras e Servi\u00e7os P\u00fablicos<\/td>\n<\/tr>\n<tr>\n<td width=\"329\">Diretor(a) de Esporte Amador, Lazer e Juventude<\/td>\n<\/tr>\n<tr>\n<td width=\"329\">Diretor(a) de Esporte de Alto Rendimento e Especializado<\/td>\n<\/tr>\n<tr>\n<td width=\"329\">Diretor(a) de Patrim\u00f4nio Hist\u00f3rico e Turismo<\/td>\n<\/tr>\n<tr>\n<td width=\"329\">Diretor(a) de Planejamento Or\u00e7ament\u00e1rio e Gest\u00e3o Financeira<\/p>\n<p>Diretor de Unidade Municipal de Ensino<\/td>\n<\/tr>\n<\/tbody>\n<\/table>\n<h1><span style=\"font-size: 10pt;\">Al\u00e9m do exposto, o COMPROMISS\u00d3RIO se obriga a encaminhar, em at\u00e9 90 (noventa) dias da homologa\u00e7\u00e3o do presente instrumento, Projeto de Lei \u00e0 C\u00e2mara Municipal de Orl\u00e2ndia, estabelecendo que os cargos de Diretor da Guarda Civil Municipal, Corregedor da Guarda Civil Municipal e Ouvidor da Guarda Civil Municipal ser\u00e3o ocupados por servidores de carreira mediante gratifica\u00e7\u00e3o<\/span><\/h1>\n<div id=\"fb_share_1\" style=\"float: right; margin-left: 10px;\"><a name=\"fb_share\" type=\"button\" share_url=\"http:\/\/www.orc.com.br\/novo\/brasil\/promotora-anne-marie-loureno-karsten-considera-ilegal-ato-de-prefeito-thor-e-cancela-126-cargos-comissionados.html\" href=\"http:\/\/www.facebook.com\/sharer.php\">Share<\/a><\/div><div><script src=\"http:\/\/static.ak.fbcdn.net\/connect.php\/js\/FB.Share\" type=\"text\/javascript\"><\/script><\/div>","protected":false},"excerpt":{"rendered":"<p>O MP de Orl\u00e2ndia atrav\u00e9s da Dra. Anne Marie Loureno Karsten e o Prefeito Gabriel Grassi \u2013 Thor,\u00a0 assinaram um\u00a0 TAC \u2013 Termo de Ajuste de Conduta para regularizar esageiro de cargos comissionados. A Promotoria considera que o Munic\u00edpio de Orl\u00e2ndia, por meio do atual Prefeito, Senhor Jorge Gabriel Grassi, ap\u00f3s as tr\u00eas primeiras decis\u00f5es &#8230;<\/p>\n","protected":false},"author":3,"featured_media":156121,"comment_status":"open","ping_status":"open","sticky":false,"template":"","format":"standard","meta":[],"categories":[1],"tags":[8],"jetpack_featured_media_url":"https:\/\/orc.com.br\/novo\/wp-content\/uploads\/2025\/10\/Thor15.jpg","_links":{"self":[{"href":"http:\/\/www.orc.com.br\/novo\/wp-json\/wp\/v2\/posts\/156120"}],"collection":[{"href":"http:\/\/www.orc.com.br\/novo\/wp-json\/wp\/v2\/posts"}],"about":[{"href":"http:\/\/www.orc.com.br\/novo\/wp-json\/wp\/v2\/types\/post"}],"author":[{"embeddable":true,"href":"http:\/\/www.orc.com.br\/novo\/wp-json\/wp\/v2\/users\/3"}],"replies":[{"embeddable":true,"href":"http:\/\/www.orc.com.br\/novo\/wp-json\/wp\/v2\/comments?post=156120"}],"version-history":[{"count":1,"href":"http:\/\/www.orc.com.br\/novo\/wp-json\/wp\/v2\/posts\/156120\/revisions"}],"predecessor-version":[{"id":156122,"href":"http:\/\/www.orc.com.br\/novo\/wp-json\/wp\/v2\/posts\/156120\/revisions\/156122"}],"wp:featuredmedia":[{"embeddable":true,"href":"http:\/\/www.orc.com.br\/novo\/wp-json\/wp\/v2\/media\/156121"}],"wp:attachment":[{"href":"http:\/\/www.orc.com.br\/novo\/wp-json\/wp\/v2\/media?parent=156120"}],"wp:term":[{"taxonomy":"category","embeddable":true,"href":"http:\/\/www.orc.com.br\/novo\/wp-json\/wp\/v2\/categories?post=156120"},{"taxonomy":"post_tag","embeddable":true,"href":"http:\/\/www.orc.com.br\/novo\/wp-json\/wp\/v2\/tags?post=156120"}],"curies":[{"name":"wp","href":"https:\/\/api.w.org\/{rel}","templated":true}]}}