{"id":156130,"date":"2025-10-22T15:15:29","date_gmt":"2025-10-22T18:15:29","guid":{"rendered":"https:\/\/www.orc.com.br\/novo\/?p=156130"},"modified":"2025-10-22T15:15:29","modified_gmt":"2025-10-22T18:15:29","slug":"nao-quer-largar-oi-osso-bolsonaro-articula-da-prisao-domiciliar-lancar-michelle-senadora-pelo-df-e-eduardo-fora-de-sp","status":"publish","type":"post","link":"http:\/\/www.orc.com.br\/novo\/brasil\/nao-quer-largar-oi-osso-bolsonaro-articula-da-prisao-domiciliar-lancar-michelle-senadora-pelo-df-e-eduardo-fora-de-sp.html","title":{"rendered":"N\u00e3o quer largar oi Osso: Bolsonaro articula, da pris\u00e3o domiciliar, lan\u00e7ar Michelle senadora pelo DF e Eduardo fora de SP"},"content":{"rendered":"<p>A elei\u00e7\u00e3o ao Senado \u00e9 <a title=\"https:\/\/www.estadao.com.br\/politica\/bolsonaro-chora-diz-ter-exagerado-ao-falar-caguei-para-prisao-e-defende-superbancada-no-senado\/?srsltid=AfmBOopHgmxhQAQ5P6gJBtM9m2W-N6P8DSr9pRF4ofT2yu6e3k0jtr2W\" href=\"https:\/\/www.estadao.com.br\/politica\/bolsonaro-chora-diz-ter-exagerado-ao-falar-caguei-para-prisao-e-defende-superbancada-no-senado\/?srsltid=AfmBOopHgmxhQAQ5P6gJBtM9m2W-N6P8DSr9pRF4ofT2yu6e3k0jtr2W\" target=\"_blank\" rel=\"noopener noreferrer\"><strong>considerada crucial pelo ex-presidente<\/strong><\/a>, uma vez que alcan\u00e7ar a maioria das cadeiras pode dar poder ao bolsonarismo de contra-atacar o STF com o impeachment de ministros. Bolsonaro j\u00e1 disse em p\u00fablico que, se tiver mais de 50% de cadeiras no Congresso, vai <a title=\"https:\/\/www.estadao.com.br\/politica\/bolsonaro-usa-manifestacao-na-paulista-para-pedir-50-da-camara-e-do-senado-para-mudar-o-brasil\/?srsltid=AfmBOorllrGk-EGQvE_DiTl7rGJq76rScgiMwjPJUtpSATmywIEPC-qc\" href=\"https:\/\/www.estadao.com.br\/politica\/bolsonaro-usa-manifestacao-na-paulista-para-pedir-50-da-camara-e-do-senado-para-mudar-o-brasil\/?srsltid=AfmBOorllrGk-EGQvE_DiTl7rGJq76rScgiMwjPJUtpSATmywIEPC-qc\" target=\"_blank\" rel=\"noopener noreferrer\"><strong>\u201cmandar mais que o presidente da Rep\u00fablica\u201d<\/strong><\/a>, ainda que ele esteja fora do jogo.<\/p>\n<div class=\"paragraph\">\n<p>Os pr\u00e9-candidatos que v\u00eam procurando o presidente nacional do PL, <a title=\"https:\/\/www.estadao.com.br\/tudo-sobre\/valdemar-costa-neto\/?srsltid=AfmBOorG7ib-gLcMrv_sTo-hOd5ptyxWlnotDTqwRbtu_DqxRLlS4bBl\" href=\"https:\/\/www.estadao.com.br\/tudo-sobre\/valdemar-costa-neto\/?srsltid=AfmBOorG7ib-gLcMrv_sTo-hOd5ptyxWlnotDTqwRbtu_DqxRLlS4bBl\" target=\"_blank\" rel=\"noopener noreferrer\"><strong>Valdemar Costa Neto<\/strong><\/a>, para tentar viabilizar a candidatura costuma ouvir dele, segundo relatos feitos ao <strong>Estad\u00e3o<\/strong>, que a escolha passa necessariamente pelo ex-presidente, por se tratar de uma elei\u00e7\u00e3o fundamental para se aprovar o impeachment de ministros do STF \u2014 uma esp\u00e9cie de fixa\u00e7\u00e3o do bolsonarismo.<\/p>\n<p>O ex-presidente est\u00e1 convicto de que sua esposa, a ex-primeira-dama <a title=\"https:\/\/www.estadao.com.br\/tudo-sobre\/michelle-de-paula-bolsonaro\/?srsltid=AfmBOoo7cOcpJr2fjAzvxM9TApH8XvykNBgqe2uR4Tg4HpwZN4YWuXBP\" href=\"https:\/\/www.estadao.com.br\/tudo-sobre\/michelle-de-paula-bolsonaro\/?srsltid=AfmBOoo7cOcpJr2fjAzvxM9TApH8XvykNBgqe2uR4Tg4HpwZN4YWuXBP\" target=\"_blank\" rel=\"noopener noreferrer\"><strong>Michelle Bolsonaro<\/strong><\/a>, deve concorrer a uma vaga no Senado, de acordo com o deputado federal <a title=\"https:\/\/www.estadao.com.br\/tudo-sobre\/sostenes-cavalcante\/?srsltid=AfmBOoqkTFKWpCWUExmvyChu-lv8cb3jw3IzobXbC1QE-jtv8XvtCcx9\" href=\"https:\/\/www.estadao.com.br\/tudo-sobre\/sostenes-cavalcante\/?srsltid=AfmBOoqkTFKWpCWUExmvyChu-lv8cb3jw3IzobXbC1QE-jtv8XvtCcx9\" target=\"_blank\" rel=\"noopener noreferrer\"><strong>S\u00f3stenes Cavalcante (PL-RJ)<\/strong><\/a>, que o visitou na sexta-feira, 17. Este cen\u00e1rio a colocaria fora da disputa presidencial, para a qual \u00e9 cotada.<\/p>\n<p class=\"styles__ParagraphStyled-sc-6adecn-0 gsLklW  \" data-component-name=\"paragraph\">\u201cEm Bras\u00edlia est\u00e1 muito definido que a Michelle \u00e9 candidata a Senado. Isso est\u00e1 muito cristalizado na mente dele (Bolsonaro). Ele entende que (\u00e9) para proteger a Michelle, (porque) as pessoas sempre saem do Executivo com problemas judiciais infinitos. \u00c9 prote\u00e7\u00e3o de marido\u201d, afirma S\u00f3stenes.<\/p>\n<p class=\"styles__ParagraphStyled-sc-6adecn-0 gsLklW  \" data-component-name=\"paragraph\">Uma aliada de Michelle diz, sob reserva, que uma eventual candidatura da ex-primeira-dama \u201cn\u00e3o vai partir dela, mas se Bolsonaro pedir\u201d, e que ela tem manifestado o desapego em declara\u00e7\u00f5es p\u00fablicas que tem dado. Num evento do PL em Rond\u00f4nia em setembro, por exemplo, ela afirmou que \u201cn\u00e3o quer ser presidente, quer ser primeira-dama\u201d.<\/p>\n<p class=\"styles__ParagraphStyled-sc-6adecn-0 gsLklW  \" data-component-name=\"paragraph\"><a title=\"https:\/\/www.estadao.com.br\/politica\/bolsonaro-confunde-aliados-ao-sugerir-michelle-como-vice-de-tarcisio-e-tambem-candidata-ao-senado\/?srsltid=AfmBOoouEGPqJO69Q7dvWI3MyaHERALwMLneBnhZeOSWlN92wUV0M140\" href=\"https:\/\/www.estadao.com.br\/politica\/bolsonaro-confunde-aliados-ao-sugerir-michelle-como-vice-de-tarcisio-e-tambem-candidata-ao-senado\/?srsltid=AfmBOoouEGPqJO69Q7dvWI3MyaHERALwMLneBnhZeOSWlN92wUV0M140\" target=\"_blank\" rel=\"noopener\"><strong>Bolsonaro vem confundindo aliados com sinais trocados em rela\u00e7\u00e3o a Michelle<\/strong><\/a>, uma vez que ele j\u00e1 sugeriu que a esposa seja vice em uma chapa encabe\u00e7ada pelo governador de S\u00e3o Paulo, Tarc\u00edsio de Freitas (Republicanos), ao Pal\u00e1cio do Planalto.<\/p>\n<p class=\"styles__ParagraphStyled-sc-6adecn-0 gsLklW  \" data-component-name=\"paragraph\">De qualquer forma, ele disse que nenhum an\u00fancio de candidatura \u00e0 sucess\u00e3o do presidente <a title=\"https:\/\/www.estadao.com.br\/tudo-sobre\/lula-luiz-inacio-lula-da-silva\/?srsltid=AfmBOorBORZiVQ51g0Mrw5TBu1XnVlujn1g9Q5sB_S1mY8XKcIBefbek\" href=\"https:\/\/www.estadao.com.br\/tudo-sobre\/lula-luiz-inacio-lula-da-silva\/?srsltid=AfmBOorBORZiVQ51g0Mrw5TBu1XnVlujn1g9Q5sB_S1mY8XKcIBefbek\" target=\"_blank\" rel=\"noopener\"><strong>Luiz In\u00e1cio Lula da Silva (PT)<\/strong><\/a> pode ser feito antes de fevereiro do ano que vem, segundo parlamentares que estiveram com ele no m\u00eas passado.<\/p>\n<p class=\"styles__ParagraphStyled-sc-6adecn-0 gsLklW  \" data-component-name=\"paragraph\">O Estado de S\u00e3o Paulo se tornou um dilema para o bolsonarismo. O nome mais forte para o pleito \u00e9 do deputado federal <a title=\"https:\/\/www.estadao.com.br\/tudo-sobre\/eduardo-bolsonaro\/?srsltid=AfmBOorKkrGyaSLTL5aFIaJ_zsnLOQnS9RomFb4SrIInAgxmeAimN6sD\" href=\"https:\/\/www.estadao.com.br\/tudo-sobre\/eduardo-bolsonaro\/?srsltid=AfmBOorKkrGyaSLTL5aFIaJ_zsnLOQnS9RomFb4SrIInAgxmeAimN6sD\" target=\"_blank\" rel=\"noopener\"><strong>Eduardo Bolsonaro <\/strong><\/a>(PL-SP), que se mudou para os Estados Unidos em mar\u00e7o e n\u00e3o deve voltar ao Brasil t\u00e3o cedo. Em 2018, ele foi o deputado federal mais votado da Hist\u00f3ria, com 1,84 milh\u00e3o de votos; em 2022, teve 741 mil votos, atr\u00e1s apenas de<a title=\"https:\/\/www.estadao.com.br\/tudo-sobre\/guilherme-boulos\/?srsltid=AfmBOoqUYixgYYKZJvxxFPCSCqroVSZMQAoEclvWcu4JfdrDvUg-NZiY\" href=\"https:\/\/www.estadao.com.br\/tudo-sobre\/guilherme-boulos\/?srsltid=AfmBOoqUYixgYYKZJvxxFPCSCqroVSZMQAoEclvWcu4JfdrDvUg-NZiY\" target=\"_blank\" rel=\"noopener\"><strong> Guilherme Boulos<\/strong><\/a> (PSOL, com 1 milh\u00e3o de votos) e <a title=\"https:\/\/www.estadao.com.br\/tudo-sobre\/carla-zambelli\/?srsltid=AfmBOoqB6Oba9w0HPJzBrNDh9zj1jzujH4ahhPDaXR_ndgYXCgF8fi4Y\" href=\"https:\/\/www.estadao.com.br\/tudo-sobre\/carla-zambelli\/?srsltid=AfmBOoqB6Oba9w0HPJzBrNDh9zj1jzujH4ahhPDaXR_ndgYXCgF8fi4Y\" target=\"_blank\" rel=\"noopener\"><strong>Carla Zambelli <\/strong><\/a>(PL, 946,2 mil votos)<\/p>\n<p class=\"styles__ParagraphStyled-sc-6adecn-0 gsLklW  \" data-component-name=\"paragraph\">Bolsonaro discutiu com S\u00f3stenes um cen\u00e1rio sem o filho, em que o secret\u00e1rio de Seguran\u00e7a P\u00fablica de S\u00e3o Paulo, <a title=\"https:\/\/www.estadao.com.br\/tudo-sobre\/guilherme-derrite\/?srsltid=AfmBOooNGu_OziKyXg2d-o3abSLVzwIDZIXbyExvUbA73TVX3tRm_buO\" href=\"https:\/\/www.estadao.com.br\/tudo-sobre\/guilherme-derrite\/?srsltid=AfmBOooNGu_OziKyXg2d-o3abSLVzwIDZIXbyExvUbA73TVX3tRm_buO\" target=\"_blank\" rel=\"noopener\"><strong>Guilherme Derrite <\/strong><\/a>(PP), e o deputado federal <a title=\"https:\/\/www.estadao.com.br\/tudo-sobre\/marco-feliciano\/?srsltid=AfmBOooUCPCGEqKoe-lg2xDPryRe6Rafa5rllnI6lui2a-sb6tAbBBx6\" href=\"https:\/\/www.estadao.com.br\/tudo-sobre\/marco-feliciano\/?srsltid=AfmBOooUCPCGEqKoe-lg2xDPryRe6Rafa5rllnI6lui2a-sb6tAbBBx6\" target=\"_blank\" rel=\"noopener\"><strong>Marcos Feliciano<\/strong><\/a> (PL) foram mencionados como competitivos. Assim como em outros Estados governados por aliados, um dos nomes da chapa ao Senado \u00e9 indica\u00e7\u00e3o do governador (no caso, Derrite \u00e9 escolha de Tarc\u00edsio), e o outro fica a cargo de Bolsonaro.<\/p>\n<p class=\"styles__ParagraphStyled-sc-6adecn-0 gsLklW  \" data-component-name=\"paragraph\">O pleito paulista, no entanto, pode acabar disputado fora do controle do ex-presidente. Isso porque o deputado federal<a title=\"https:\/\/www.estadao.com.br\/tudo-sobre\/ricardo-salles\/?srsltid=AfmBOorETKh_p-pHpKAOEXxEEVPV176x6teYzF2vVfO48sJYhwFEiQ5a\" href=\"https:\/\/www.estadao.com.br\/tudo-sobre\/ricardo-salles\/?srsltid=AfmBOorETKh_p-pHpKAOEXxEEVPV176x6teYzF2vVfO48sJYhwFEiQ5a\" target=\"_blank\" rel=\"noopener\"><strong> Ricardo Salles <\/strong><\/a>(Novo) \u2014 o quarto deputado federal mais votado no Estado em 2022, com 640,9 mil votos \u2014 deve sair candidato sem a b\u00ean\u00e7\u00e3o do ex-presidente, o que pode prejudicar o PL.<\/p>\n<p class=\"styles__ParagraphStyled-sc-6adecn-0 gsLklW  \" data-component-name=\"paragraph\">A chapa em S\u00e3o Paulo \u00e9 diretamente dependente da decis\u00e3o de Tarc\u00edsio de disputar ou n\u00e3o a Presid\u00eancia da Rep\u00fablica. Sem o governador na corrida pela reelei\u00e7\u00e3o, abre espa\u00e7o para Bolsonaro emplacar um nome competitivo.<\/p>\n<\/div>\n<div id=\"fb_share_1\" style=\"float: right; margin-left: 10px;\"><a name=\"fb_share\" type=\"button\" share_url=\"http:\/\/www.orc.com.br\/novo\/brasil\/nao-quer-largar-oi-osso-bolsonaro-articula-da-prisao-domiciliar-lancar-michelle-senadora-pelo-df-e-eduardo-fora-de-sp.html\" href=\"http:\/\/www.facebook.com\/sharer.php\">Share<\/a><\/div><div><script src=\"http:\/\/static.ak.fbcdn.net\/connect.php\/js\/FB.Share\" type=\"text\/javascript\"><\/script><\/div>","protected":false},"excerpt":{"rendered":"<p>A elei\u00e7\u00e3o ao Senado \u00e9 considerada crucial pelo ex-presidente, uma vez que alcan\u00e7ar a maioria das cadeiras pode dar poder ao bolsonarismo de contra-atacar o STF com o impeachment de ministros. Bolsonaro j\u00e1 disse em p\u00fablico que, se tiver mais de 50% de cadeiras no Congresso, vai \u201cmandar mais que o presidente da Rep\u00fablica\u201d, ainda &#8230;<\/p>\n","protected":false},"author":3,"featured_media":156131,"comment_status":"open","ping_status":"open","sticky":false,"template":"","format":"standard","meta":[],"categories":[1],"tags":[8],"jetpack_featured_media_url":"https:\/\/orc.com.br\/novo\/wp-content\/uploads\/2025\/10\/MicheleBolsonaro.jpg","_links":{"self":[{"href":"http:\/\/www.orc.com.br\/novo\/wp-json\/wp\/v2\/posts\/156130"}],"collection":[{"href":"http:\/\/www.orc.com.br\/novo\/wp-json\/wp\/v2\/posts"}],"about":[{"href":"http:\/\/www.orc.com.br\/novo\/wp-json\/wp\/v2\/types\/post"}],"author":[{"embeddable":true,"href":"http:\/\/www.orc.com.br\/novo\/wp-json\/wp\/v2\/users\/3"}],"replies":[{"embeddable":true,"href":"http:\/\/www.orc.com.br\/novo\/wp-json\/wp\/v2\/comments?post=156130"}],"version-history":[{"count":1,"href":"http:\/\/www.orc.com.br\/novo\/wp-json\/wp\/v2\/posts\/156130\/revisions"}],"predecessor-version":[{"id":156132,"href":"http:\/\/www.orc.com.br\/novo\/wp-json\/wp\/v2\/posts\/156130\/revisions\/156132"}],"wp:featuredmedia":[{"embeddable":true,"href":"http:\/\/www.orc.com.br\/novo\/wp-json\/wp\/v2\/media\/156131"}],"wp:attachment":[{"href":"http:\/\/www.orc.com.br\/novo\/wp-json\/wp\/v2\/media?parent=156130"}],"wp:term":[{"taxonomy":"category","embeddable":true,"href":"http:\/\/www.orc.com.br\/novo\/wp-json\/wp\/v2\/categories?post=156130"},{"taxonomy":"post_tag","embeddable":true,"href":"http:\/\/www.orc.com.br\/novo\/wp-json\/wp\/v2\/tags?post=156130"}],"curies":[{"name":"wp","href":"https:\/\/api.w.org\/{rel}","templated":true}]}}