{"id":156136,"date":"2025-10-23T06:11:16","date_gmt":"2025-10-23T09:11:16","guid":{"rendered":"https:\/\/www.orc.com.br\/novo\/?p=156136"},"modified":"2025-10-23T06:11:16","modified_gmt":"2025-10-23T09:11:16","slug":"lula-sobe-tom-critica-protecionismo-e-propoe-comercio-sem-dolar-as-vesperas-de-reuniao-com-trump","status":"publish","type":"post","link":"http:\/\/www.orc.com.br\/novo\/internacional\/lula-sobe-tom-critica-protecionismo-e-propoe-comercio-sem-dolar-as-vesperas-de-reuniao-com-trump.html","title":{"rendered":"Lula sobe tom, critica protecionismo e prop\u00f5e com\u00e9rcio sem d\u00f3lar \u00e0s v\u00e9speras de reuni\u00e3o com Trump"},"content":{"rendered":"<p class=\"styles__ParagraphStyled-sc-6adecn-0 gsLklW  \" data-component-name=\"paragraph\">Felipe Fraz\u00e3o &#8211; O Estado de SP<\/p>\n<p class=\"styles__ParagraphStyled-sc-6adecn-0 gsLklW  \" data-component-name=\"paragraph\">\u00c0s v\u00e9speras de uma reuni\u00e3o com o presidente dos Estados Unidos, Donald Trump, planejada para ocorrer na Mal\u00e1sia, o presidente <strong>Luiz In\u00e1cio Lula da Silva<\/strong> voltou a subir o tom nesta quinta-feira, dia 23, com cr\u00edticas ao protecionismo, a uma nova Guerra Fria e prop\u00f4s com\u00e9rcio em moeda nacional com a <strong>Indon\u00e9sia<\/strong>, uma alternativa ao d\u00f3lar americano. Lula afirmou que os pa\u00edses n\u00e3o podem ser \u201cdependentes de ningu\u00e9m\u201d.<\/p>\n<p class=\"styles__ParagraphStyled-sc-6adecn-0 gsLklW  \" data-component-name=\"paragraph\">\u201cIndon\u00e9sia e Brasil n\u00e3o querem uma segunda Guerra Fria. N\u00f3s queremos com\u00e9rcio livre. E, mais ainda, tanto a Indon\u00e9sia quanto o Brasil t\u00eam interesse em discutir a possibilidade de comercializa\u00e7\u00e3o entre n\u00f3s dois ser com as nossas moedas\u201d, disse o petista. \u201cEssa \u00e9 uma coisa que n\u00f3s precisamos mudar. O S\u00e9culo XXI exige que tenhamos a coragem que n\u00e3o tivemos no S\u00e9culo XX. Exige que a gente mude alguma forma de agirmos comercialmente para n\u00e3o ficarmos dependentes de ningu\u00e9m.\u201d<\/p>\n<div class=\"paragraph\">\n<p>A mensagem \u00e9 uma cr\u00edtica direta \u00e0s a\u00e7\u00f5es do presidente americano, que deflagrou uma guerra comercial e tarif\u00e1ria ao voltar ao poder neste ano. Em abril, Trump anunciou um tarifa\u00e7o rec\u00edproco global, que atingiu com 10% as exporta\u00e7\u00f5es brasileiras. Em julho, aplicou uma sobretaxa de 40%, alegando raz\u00f5es pol\u00edticas e emerg\u00eancia nacional.<\/p>\n<p>O presidente americano j\u00e1 reclamou publicamente de governos que pretendem avan\u00e7ar na pauta da \u201cdesdolariza\u00e7\u00e3o\u201d, como o uso de moedas nacionais ou at\u00e9 a cria\u00e7\u00e3o de uma moeda alternativa para com\u00e9rcio exterior no Brics, grupo do qual Brasil e Indon\u00e9sia fazem parte. Trump chegou a amea\u00e7ar impor uma taxa de 100% aos pa\u00edses do Brics caso os planos prosseguissem. A pauta seguiu, mas com menos \u00eanfase nas reuni\u00f5es deste ano, presididas pelo governo brasileiro. Segundo integrantes do Pal\u00e1cio do Planalto, o assunto n\u00e3o foi debatido nas pr\u00e9vias da pr\u00f3xima reuni\u00e3o entre os presidentes.<\/p>\n<\/div>\n<figure class=\"styles__FigureImageWrapper-sc-1qk1vbn-0 NaVlt figure-image-wrapper   \">\n<div class=\"figure-image-container\"><\/div>\n<\/figure>\n<p>&nbsp;<\/p>\n<div id=\"fb_share_1\" style=\"float: right; margin-left: 10px;\"><a name=\"fb_share\" type=\"button\" share_url=\"http:\/\/www.orc.com.br\/novo\/internacional\/lula-sobe-tom-critica-protecionismo-e-propoe-comercio-sem-dolar-as-vesperas-de-reuniao-com-trump.html\" href=\"http:\/\/www.facebook.com\/sharer.php\">Share<\/a><\/div><div><script src=\"http:\/\/static.ak.fbcdn.net\/connect.php\/js\/FB.Share\" type=\"text\/javascript\"><\/script><\/div>","protected":false},"excerpt":{"rendered":"<p>Felipe Fraz\u00e3o &#8211; O Estado de SP \u00c0s v\u00e9speras de uma reuni\u00e3o com o presidente dos Estados Unidos, Donald Trump, planejada para ocorrer na Mal\u00e1sia, o presidente Luiz In\u00e1cio Lula da Silva voltou a subir o tom nesta quinta-feira, dia 23, com cr\u00edticas ao protecionismo, a uma nova Guerra Fria e prop\u00f4s com\u00e9rcio em moeda &#8230;<\/p>\n","protected":false},"author":3,"featured_media":156137,"comment_status":"open","ping_status":"open","sticky":false,"template":"","format":"standard","meta":[],"categories":[24],"tags":[8],"jetpack_featured_media_url":"https:\/\/orc.com.br\/novo\/wp-content\/uploads\/2025\/10\/Lula1.jpg","_links":{"self":[{"href":"http:\/\/www.orc.com.br\/novo\/wp-json\/wp\/v2\/posts\/156136"}],"collection":[{"href":"http:\/\/www.orc.com.br\/novo\/wp-json\/wp\/v2\/posts"}],"about":[{"href":"http:\/\/www.orc.com.br\/novo\/wp-json\/wp\/v2\/types\/post"}],"author":[{"embeddable":true,"href":"http:\/\/www.orc.com.br\/novo\/wp-json\/wp\/v2\/users\/3"}],"replies":[{"embeddable":true,"href":"http:\/\/www.orc.com.br\/novo\/wp-json\/wp\/v2\/comments?post=156136"}],"version-history":[{"count":1,"href":"http:\/\/www.orc.com.br\/novo\/wp-json\/wp\/v2\/posts\/156136\/revisions"}],"predecessor-version":[{"id":156138,"href":"http:\/\/www.orc.com.br\/novo\/wp-json\/wp\/v2\/posts\/156136\/revisions\/156138"}],"wp:featuredmedia":[{"embeddable":true,"href":"http:\/\/www.orc.com.br\/novo\/wp-json\/wp\/v2\/media\/156137"}],"wp:attachment":[{"href":"http:\/\/www.orc.com.br\/novo\/wp-json\/wp\/v2\/media?parent=156136"}],"wp:term":[{"taxonomy":"category","embeddable":true,"href":"http:\/\/www.orc.com.br\/novo\/wp-json\/wp\/v2\/categories?post=156136"},{"taxonomy":"post_tag","embeddable":true,"href":"http:\/\/www.orc.com.br\/novo\/wp-json\/wp\/v2\/tags?post=156136"}],"curies":[{"name":"wp","href":"https:\/\/api.w.org\/{rel}","templated":true}]}}