{"id":156154,"date":"2025-10-23T15:39:18","date_gmt":"2025-10-23T18:39:18","guid":{"rendered":"https:\/\/www.orc.com.br\/novo\/?p=156154"},"modified":"2025-10-23T15:39:18","modified_gmt":"2025-10-23T18:39:18","slug":"eduardo-bolsonaro-dobra-aposta-para-disputa-presidencial","status":"publish","type":"post","link":"http:\/\/www.orc.com.br\/novo\/brasil\/eduardo-bolsonaro-dobra-aposta-para-disputa-presidencial.html","title":{"rendered":"Eduardo Bolsonaro dobra aposta para disputa presidencial"},"content":{"rendered":"<p>Fonte: CNN<\/p>\n<p>&nbsp;<\/p>\n<p>Eduardo Bolsonaro (PL-SP) tem manifestado a aliados sua inten\u00e7\u00e3o de disputar a elei\u00e7\u00e3o presidencial em 2026, em meio a um cen\u00e1rio de articula\u00e7\u00f5es pol\u00edticas no campo da direita. A movimenta\u00e7\u00e3o ocorre ap\u00f3s o Conselho de \u00c9tica da C\u00e2mara dos Deputados arquivar, na \u00faltima quarta-feira (22), uma a\u00e7\u00e3o que poderia resultar na perda de seu mandato de deputado federal. A an\u00e1lise \u00e9 de Clarissa Oliveira no Live CNN.<\/p>\n<p>O parlamentar enfrenta um momento delicado em sua atua\u00e7\u00e3o pol\u00edtica. &#8220;A aproxima\u00e7\u00e3o entre Donald Trump e Lula resultou em um esvaziamento da pauta do Eduardo Bolsonaro em solo americano. Pessoas ligadas ao filho do ex-presidente relatam um clima de desolamento em seu c\u00edrculo mais pr\u00f3ximo, embora mantenha um discurso resiliente sobre a presen\u00e7a do sobrenome Bolsonaro nas urnas em 2026&#8221;, explica a analista de Pol\u00edtica da CNN.<\/p>\n<p data-t=\"{&quot;n&quot;:&quot;blueLinks&quot;,&quot;t&quot;:13,&quot;a&quot;:&quot;click&quot;,&quot;b&quot;:76}\">Nos bastidores, surgem ind\u00edcios de tens\u00f5es familiares, com relatos de atritos crescentes entre os filhos Bolsonaro e Michelle Bolsonaro. Segundo Clarissa, Eduardo tem manifestado que, caso n\u00e3o seja ele pr\u00f3prio o candidato, sua prefer\u00eancia recai sobre seu irm\u00e3o Fl\u00e1vio Bolsonaro (PL-RJ), que tem aumentado sua exposi\u00e7\u00e3o p\u00fablica e dado mais entrevistas, ao inv\u00e9s da esposa do pai.<\/p>\n<p data-t=\"{&quot;n&quot;:&quot;blueLinks&quot;,&quot;t&quot;:13,&quot;a&quot;:&quot;click&quot;,&quot;b&quot;:76}\">Clarissa destaque que Fl\u00e1vio emerge como uma alternativa dentro do campo bolsonarista, apresentando menos fragilidades jur\u00eddicas em compara\u00e7\u00e3o a Eduardo, que enfrenta investiga\u00e7\u00f5es que poderiam resultar em medidas judiciais caso retorne ao Brasil.<\/p>\n<p data-t=\"{&quot;n&quot;:&quot;blueLinks&quot;,&quot;t&quot;:13,&quot;a&quot;:&quot;click&quot;,&quot;b&quot;:76}\">A defini\u00e7\u00e3o de um nome para unificar as for\u00e7as pol\u00edticas da direita nas elei\u00e7\u00f5es de 2026 permanece como um desafio central. A uni\u00e3o desse campo seria fundamental para criar condi\u00e7\u00f5es de competitividade no pr\u00f3ximo pleito presidencial.<\/p>\n<div id=\"fb_share_1\" style=\"float: right; margin-left: 10px;\"><a name=\"fb_share\" type=\"button\" share_url=\"http:\/\/www.orc.com.br\/novo\/brasil\/eduardo-bolsonaro-dobra-aposta-para-disputa-presidencial.html\" href=\"http:\/\/www.facebook.com\/sharer.php\">Share<\/a><\/div><div><script src=\"http:\/\/static.ak.fbcdn.net\/connect.php\/js\/FB.Share\" type=\"text\/javascript\"><\/script><\/div>","protected":false},"excerpt":{"rendered":"<p>Fonte: CNN &nbsp; Eduardo Bolsonaro (PL-SP) tem manifestado a aliados sua inten\u00e7\u00e3o de disputar a elei\u00e7\u00e3o presidencial em 2026, em meio a um cen\u00e1rio de articula\u00e7\u00f5es pol\u00edticas no campo da direita. A movimenta\u00e7\u00e3o ocorre ap\u00f3s o Conselho de \u00c9tica da C\u00e2mara dos Deputados arquivar, na \u00faltima quarta-feira (22), uma a\u00e7\u00e3o que poderia resultar na perda &#8230;<\/p>\n","protected":false},"author":3,"featured_media":156155,"comment_status":"open","ping_status":"open","sticky":false,"template":"","format":"standard","meta":[],"categories":[1],"tags":[8],"jetpack_featured_media_url":"https:\/\/orc.com.br\/novo\/wp-content\/uploads\/2025\/10\/EduardoBolsonaro1.jpg","_links":{"self":[{"href":"http:\/\/www.orc.com.br\/novo\/wp-json\/wp\/v2\/posts\/156154"}],"collection":[{"href":"http:\/\/www.orc.com.br\/novo\/wp-json\/wp\/v2\/posts"}],"about":[{"href":"http:\/\/www.orc.com.br\/novo\/wp-json\/wp\/v2\/types\/post"}],"author":[{"embeddable":true,"href":"http:\/\/www.orc.com.br\/novo\/wp-json\/wp\/v2\/users\/3"}],"replies":[{"embeddable":true,"href":"http:\/\/www.orc.com.br\/novo\/wp-json\/wp\/v2\/comments?post=156154"}],"version-history":[{"count":1,"href":"http:\/\/www.orc.com.br\/novo\/wp-json\/wp\/v2\/posts\/156154\/revisions"}],"predecessor-version":[{"id":156156,"href":"http:\/\/www.orc.com.br\/novo\/wp-json\/wp\/v2\/posts\/156154\/revisions\/156156"}],"wp:featuredmedia":[{"embeddable":true,"href":"http:\/\/www.orc.com.br\/novo\/wp-json\/wp\/v2\/media\/156155"}],"wp:attachment":[{"href":"http:\/\/www.orc.com.br\/novo\/wp-json\/wp\/v2\/media?parent=156154"}],"wp:term":[{"taxonomy":"category","embeddable":true,"href":"http:\/\/www.orc.com.br\/novo\/wp-json\/wp\/v2\/categories?post=156154"},{"taxonomy":"post_tag","embeddable":true,"href":"http:\/\/www.orc.com.br\/novo\/wp-json\/wp\/v2\/tags?post=156154"}],"curies":[{"name":"wp","href":"https:\/\/api.w.org\/{rel}","templated":true}]}}