{"id":156157,"date":"2025-10-23T15:46:43","date_gmt":"2025-10-23T18:46:43","guid":{"rendered":"https:\/\/www.orc.com.br\/novo\/?p=156157"},"modified":"2025-10-23T15:46:43","modified_gmt":"2025-10-23T18:46:43","slug":"ciro-nogueira-parece-disposto-a-deixar-bolsonarismo-e-voltar-ao-lulismo","status":"publish","type":"post","link":"http:\/\/www.orc.com.br\/novo\/brasil\/ciro-nogueira-parece-disposto-a-deixar-bolsonarismo-e-voltar-ao-lulismo.html","title":{"rendered":"Ciro Nogueira parece disposto a deixar Bolsonarismo e voltar ao Lulismo"},"content":{"rendered":"<p>O senador Ciro Nogueira (PP-PI) parece mesmo disposto a refor\u00e7ar os rumores de que ele quer se reaproximar do governo Lula (PT) e deixar paulatinamente a imagem de \u201co maior bolsonarista do mundo\u201d. Pois \u00e9, o parlamentar piauiense, que ganhou corpo na pol\u00edtica e chegou ao Senado da Rep\u00fablica ap\u00f3s uma forte ades\u00e3o aos governos petistas do passado, para depois insultar e demonizar a sigla, embarcando de cabe\u00e7a na gest\u00e3o de Jair Bolsonaro (PL), na qual foi at\u00e9 ministro-chefe da Casa Civil, agora faz inclusive elogios a projetos do atual Executivo federal.<\/p>\n<p class=\"continue-read-break\" data-t=\"{&quot;n&quot;:&quot;blueLinks&quot;,&quot;t&quot;:13,&quot;a&quot;:&quot;click&quot;,&quot;b&quot;:76}\">Nesta quinta (23), Ciro foi ao seu perfil oficial na rede X (antigo Twitter) para \u201cdar apoio\u201d<a href=\"https:\/\/revistaforum.com.br\/politica\/2025\/10\/23\/governo-emplaca-pl-da-segurana-publica-com-projeto-antifaco-190427.html\" target=\"_blank\" rel=\"noopener\" data-t=\"{&quot;n&quot;:&quot;destination&quot;,&quot;t&quot;:13,&quot;a&quot;:&quot;click&quot;,&quot;b&quot;:1,&quot;c.t&quot;:7}\"> ao projeto antifac\u00e7\u00e3o, como instrumento de combate ao crime organizado, apresentado recentemente pelo ministro da Justi\u00e7a e Seguran\u00e7a P\u00fablica<\/a>, Ricardo Lewandowski.<\/p>\n<p data-t=\"{&quot;n&quot;:&quot;blueLinks&quot;,&quot;t&quot;:13,&quot;a&quot;:&quot;click&quot;,&quot;b&quot;:76}\">\u201cNada \u00e9 mais urgente no Brasil do que enfrentar o crime. Sufocar suas fontes de financiamento \u00e9 o primeiro passo. Desde o ano passado, tenho, inclusive, um projeto de lei que ataca o caixa das fac\u00e7\u00f5es e confisca seus recursos. A rec\u00e9m apresentada iniciativa do ministro Lewandowski com o projeto antifac\u00e7\u00e3o est\u00e1 no caminho certo, mas a jornada \u00e9 bem maior. Por isso, o Progressistas re\u00fane hoje em S\u00e3o Paulo especialistas de todo o pa\u00eds, em mais uma edi\u00e7\u00e3o do F\u00f3rum de Seguran\u00e7a P\u00fablica Pelo Brasil, em que discutimos solu\u00e7\u00f5es reais e duradouras. Seguran\u00e7a exige rigor, urg\u00eancia e coragem. \u00c9 o que o Brasil espera de n\u00f3s\u201d, postou o senador at\u00e9 ent\u00e3o \u201csuperbolsonarista\u201d.<\/p>\n<p data-t=\"{&quot;n&quot;:&quot;blueLinks&quot;,&quot;t&quot;:13,&quot;a&quot;:&quot;click&quot;,&quot;b&quot;:76}\">A manifesta\u00e7\u00e3o de Ciro vem na esteira de muitas especula\u00e7\u00f5es de que ele estaria \u201carrependido\u201d da convers\u00e3o ao bolsonarismo, e que agora, mesmo sem jeito e desconcertado, gostaria de voltar a integrar a base do governo Lula, como j\u00e1 fez no passado. A bem da verdade, as aspas no arrependimento t\u00eam raz\u00e3o: pol\u00edtico oriundo de um dos estados mais lulistas do Brasil, o Piau\u00ed, no qual o atual presidente teve quase 77% dos votos na elei\u00e7\u00e3o de 2022 no 2\u00ba turno, Ciro est\u00e1 desgastad\u00edssimo por l\u00e1.<\/p>\n<p data-t=\"{&quot;n&quot;:&quot;blueLinks&quot;,&quot;t&quot;:13,&quot;a&quot;:&quot;click&quot;,&quot;b&quot;:76}\">Uma pesquisa Real Time Big Data recente, realizada entre os dias 27 e 29 de setembro, mostrou que o quase ex-bolsonarista n\u00e3o conseguir\u00e1 se reeleger para o Senado em 2026. Embora sejam duas vagas no pleito do ano que vem, ele aparece apenas em terceiro lugar com 18% das inten\u00e7\u00f5es de voto, atr\u00e1s de Marcelo Castro (MDB) e J\u00falio C\u00e9sar (PSD), ambos da base do governo Lula.<\/p>\n<div id=\"fb_share_1\" style=\"float: right; margin-left: 10px;\"><a name=\"fb_share\" type=\"button\" share_url=\"http:\/\/www.orc.com.br\/novo\/brasil\/ciro-nogueira-parece-disposto-a-deixar-bolsonarismo-e-voltar-ao-lulismo.html\" href=\"http:\/\/www.facebook.com\/sharer.php\">Share<\/a><\/div><div><script src=\"http:\/\/static.ak.fbcdn.net\/connect.php\/js\/FB.Share\" type=\"text\/javascript\"><\/script><\/div>","protected":false},"excerpt":{"rendered":"<p>O senador Ciro Nogueira (PP-PI) parece mesmo disposto a refor\u00e7ar os rumores de que ele quer se reaproximar do governo Lula (PT) e deixar paulatinamente a imagem de \u201co maior bolsonarista do mundo\u201d. Pois \u00e9, o parlamentar piauiense, que ganhou corpo na pol\u00edtica e chegou ao Senado da Rep\u00fablica ap\u00f3s uma forte ades\u00e3o aos governos &#8230;<\/p>\n","protected":false},"author":3,"featured_media":156158,"comment_status":"open","ping_status":"open","sticky":false,"template":"","format":"standard","meta":[],"categories":[1],"tags":[8],"jetpack_featured_media_url":"https:\/\/orc.com.br\/novo\/wp-content\/uploads\/2025\/10\/CiroNogueira1-1.jpg","_links":{"self":[{"href":"http:\/\/www.orc.com.br\/novo\/wp-json\/wp\/v2\/posts\/156157"}],"collection":[{"href":"http:\/\/www.orc.com.br\/novo\/wp-json\/wp\/v2\/posts"}],"about":[{"href":"http:\/\/www.orc.com.br\/novo\/wp-json\/wp\/v2\/types\/post"}],"author":[{"embeddable":true,"href":"http:\/\/www.orc.com.br\/novo\/wp-json\/wp\/v2\/users\/3"}],"replies":[{"embeddable":true,"href":"http:\/\/www.orc.com.br\/novo\/wp-json\/wp\/v2\/comments?post=156157"}],"version-history":[{"count":1,"href":"http:\/\/www.orc.com.br\/novo\/wp-json\/wp\/v2\/posts\/156157\/revisions"}],"predecessor-version":[{"id":156159,"href":"http:\/\/www.orc.com.br\/novo\/wp-json\/wp\/v2\/posts\/156157\/revisions\/156159"}],"wp:featuredmedia":[{"embeddable":true,"href":"http:\/\/www.orc.com.br\/novo\/wp-json\/wp\/v2\/media\/156158"}],"wp:attachment":[{"href":"http:\/\/www.orc.com.br\/novo\/wp-json\/wp\/v2\/media?parent=156157"}],"wp:term":[{"taxonomy":"category","embeddable":true,"href":"http:\/\/www.orc.com.br\/novo\/wp-json\/wp\/v2\/categories?post=156157"},{"taxonomy":"post_tag","embeddable":true,"href":"http:\/\/www.orc.com.br\/novo\/wp-json\/wp\/v2\/tags?post=156157"}],"curies":[{"name":"wp","href":"https:\/\/api.w.org\/{rel}","templated":true}]}}