{"id":156165,"date":"2025-10-24T05:34:05","date_gmt":"2025-10-24T08:34:05","guid":{"rendered":"https:\/\/www.orc.com.br\/novo\/?p=156165"},"modified":"2025-10-24T05:34:05","modified_gmt":"2025-10-24T08:34:05","slug":"palmeiras-faz-a-pior-partida-em-quase-cinco-anos-de-abel-em-plena-semifinal-da-libertadores","status":"publish","type":"post","link":"http:\/\/www.orc.com.br\/novo\/esportes\/palmeiras-faz-a-pior-partida-em-quase-cinco-anos-de-abel-em-plena-semifinal-da-libertadores.html","title":{"rendered":"Palmeiras faz a pior partida em quase cinco anos de Abel em plena semifinal da Libertadores"},"content":{"rendered":"<p>Por Mauro Beting &#8211; Estad\u00e3o<\/p>\n<p class=\"styles__ParagraphStyled-sc-6adecn-0 gsLklW  \" data-component-name=\"paragraph\">Desde novembro de 2020 eu n\u00e3o via o <a title=\"https:\/\/www.estadao.com.br\/tudo-sobre\/palmeiras\" href=\"https:\/\/www.estadao.com.br\/tudo-sobre\/palmeiras\" target=\"_blank\" rel=\"noopener noreferrer\"><strong>Palmeiras<\/strong><\/a> ter jogado <a title=\"https:\/\/www.estadao.com.br\/esportes\/futebol\/palmeiras-faz-jogo-tenebroso-leva-baile-da-ldu-e-se-complica-na-libertadores\/\" href=\"https:\/\/www.estadao.com.br\/esportes\/futebol\/palmeiras-faz-jogo-tenebroso-leva-baile-da-ldu-e-se-complica-na-libertadores\/\" target=\"_blank\" rel=\"noopener noreferrer\">90 minutos t\u00e3o ruins como fez em Quito<\/a>. Bem piores do que a atua\u00e7\u00e3o do <a title=\"https:\/\/www.estadao.com.br\/tudo-sobre\/flamengo\" href=\"https:\/\/www.estadao.com.br\/tudo-sobre\/flamengo\" target=\"_blank\" rel=\"noopener noreferrer\"><strong>Flamengo<\/strong><\/a> no empate na fase de grupos, e muito pior do que as derrotas de <a title=\"https:\/\/www.estadao.com.br\/tudo-sobre\/botafogo\" href=\"https:\/\/www.estadao.com.br\/tudo-sobre\/botafogo\" target=\"_blank\" rel=\"noopener noreferrer\"><strong>Botafogo<\/strong><\/a> e <a title=\"https:\/\/www.estadao.com.br\/tudo-sobre\/sao-paulo-futebol-clube\/\" href=\"https:\/\/www.estadao.com.br\/tudo-sobre\/sao-paulo-futebol-clube\/\" target=\"_blank\" rel=\"noopener noreferrer\"><strong>S\u00e3o Paulo<\/strong><\/a> na capital equatoriana. O time da virada e do amor virou o fio nos 2.800m de altitude. N\u00e3o foi s\u00f3 isso &#8211; at\u00e9 pela equipe terminar o jogo pavoroso com g\u00e1s. Mas com o <a title=\"https:\/\/www.estadao.com.br\/esportes\/futebol\/palmeiras-conseguiu-placar-necessario-para-reverter-desvantagem-da-ldu-em-sete-decisoes-na-era-abel-npres\/\" href=\"https:\/\/www.estadao.com.br\/esportes\/futebol\/palmeiras-conseguiu-placar-necessario-para-reverter-desvantagem-da-ldu-em-sete-decisoes-na-era-abel-npres\/\" target=\"_blank\" rel=\"noopener noreferrer\">pior placar alviverde em 30 anos na Libertadores<\/a>.<\/p>\n<div class=\"styles__MultiParagraphAdStyled-sc-1yb8ue6-0 dAAozZ\" data-component-name=\"multi-paragraph\">\n<div class=\" ads-container\">\n<div class=\"styles__Container-sc-1v8tg5g-0 fGpMYp\">\n<p class=\"ads-placeholder-label\">\n<\/div>\n<\/div>\n<div class=\"paragraph\">\n<p>A LDU de Tiago Nunes deu show na primeira etapa. Parecia o Barcelona &#8211; n\u00e3o o de Guayaquil, mas o de Messi. Deve ter sido a melhor partida da hist\u00f3ria da LDU em Libertadores. Melhor do que qualquer atua\u00e7\u00e3o quando foi campe\u00e3, em 2008.<\/p>\n<p>Poss\u00edvel que a estrat\u00e9gia palmeirense de <a title=\"https:\/\/www.estadao.com.br\/esportes\/futebol\/altitude-na-libertadores-semifinalistas-chegam-a-ser-quase-5-vezes-melhores-quando-jogam-no-alto\/\" href=\"https:\/\/www.estadao.com.br\/esportes\/futebol\/altitude-na-libertadores-semifinalistas-chegam-a-ser-quase-5-vezes-melhores-quando-jogam-no-alto\/\" target=\"_blank\" rel=\"noopener noreferrer\">chegar na segunda-feira n\u00e3o tenha dado certo em rela\u00e7\u00e3o \u00e0 altitude<\/a>. O time pareceu prostrado e assustado, como esteve Khellven (que falhou no primeiro gol). E toda a equipe. Dentro e fora de campo.<\/p>\n<p class=\"styles__ParagraphStyled-sc-6adecn-0 gsLklW  \" data-component-name=\"paragraph\">Com menos de seis minutos, s\u00f3 n\u00e3o tinha aberto o placar, como merecia a LDU, porque Carlos Miguel, em menos de 90 segundos, fez duas grandes defesas.<\/p>\n<p class=\"styles__ParagraphStyled-sc-6adecn-0 gsLklW  \" data-component-name=\"paragraph\">O gol enfim saiu aos 15, com Villamil (que atuava pelo Bol\u00edvar, em 2023, na \u00faltima derrota palmeirense como visitante no torneio). Aos 24, um bala\u00e7o que bateu no bra\u00e7o aberto de Andreas Pereira virou p\u00eanalti. Lance discut\u00edvel. Mas marc\u00e1vel e bem executado por Alzugaray.<\/p>\n<div id=\"content\" class=\"styles__ContentWrapperContainerStyled-sc-1ehbu6v-0 iMMgpd content-wrapper -paywall-parent box\">\n<div class=\"styles__ContentWrapperContainerStyled-sc-1ehbu6v-0 iMMgpd content-wrapper news-body container content template-coluna already-sliced already-checked\" data-paywall-wrapper=\"true\">\n<p class=\"styles__ParagraphStyled-sc-6adecn-0 gsLklW  \" data-component-name=\"paragraph\">O Palmeiras resolveu lembrar quem era. Mas ningu\u00e9m se reconhecia ou era reconhecido. Outra bola longa, agora \u00e0 esquerda, e mais um gol de Villamil, aos 46.<\/p>\n<p class=\"styles__ParagraphStyled-sc-6adecn-0 gsLklW  \" data-component-name=\"paragraph\">A boa nova \u00e9 que o primeiro tempo pavoroso terminara para os palmeirenses. A boa sensa\u00e7\u00e3o \u00e9 que lembrava os 3 a 0 do primeiro tempo no Nilton Santos, no Brasileir\u00e3o de 2023, e que terminariam com espetacular virada por 4 a 3.<\/p>\n<p class=\"styles__ParagraphStyled-sc-6adecn-0 gsLklW  \" data-component-name=\"paragraph\">Ent\u00e3o, Abel s\u00f3 usou duas mexidas. Em Quito, tudo foi diferente. Trocou corretamente Khellven por Giay, e abriu Sosa \u00e0 direita no lugar do p\u00e1lido Raphael Veiga, infeliz escolha inicial.<\/p>\n<p class=\"styles__ParagraphStyled-sc-6adecn-0 gsLklW  \" data-component-name=\"paragraph\">Mas o sistema se manteve: Piquerez foi o terceiro zagueiro \u00e0 esquerda, com Felipe Anderson sacrificado como ala pela esquerda. Andreas n\u00e3o manteve o padr\u00e3o de excel\u00eancia. Lucas Evangelista faz muita falta no meio. Martinez entrou pior do que An\u00edbal. E Allan, de novo, podia ter entrado antes.<\/p>\n<p class=\"styles__ParagraphStyled-sc-6adecn-0 gsLklW  \" data-component-name=\"paragraph\">Faltaram ideias e chances. Mais oportunidades foram criadas. Mas, na maior delas, o <a title=\"https:\/\/www.estadao.com.br\/esportes\/futebol\/goleiro-da-ldu-que-enfrentara-o-palmeiras-falhou-no-ultimo-encontro-dos-times-veja-como-foi-npres\/\" href=\"https:\/\/www.estadao.com.br\/esportes\/futebol\/goleiro-da-ldu-que-enfrentara-o-palmeiras-falhou-no-ultimo-encontro-dos-times-veja-como-foi-npres\/\" target=\"_blank\" rel=\"noopener noreferrer\">goleiro reserva Dominguez salvou gol certo de Sosa<\/a>, em noite toda errada palmeirense, de Abel ao apito final. Bom mesmo aos palmeirenses foi a LDU perder por expuls\u00e3o o \u00f3timo ala Bryan Ramirez, que j\u00e1 devia ter sido exclu\u00eddo no recome\u00e7o da partida, ao agredir Giay.<\/p>\n<p class=\"styles__ParagraphStyled-sc-6adecn-0 gsLklW  \" data-component-name=\"paragraph\">Palpite? Ainda teremos a final esperada: Flamengo x Palmeiras.<\/p>\n<p class=\"styles__ParagraphStyled-sc-6adecn-0 gsLklW  \" data-component-name=\"paragraph\">A quest\u00e3o \u00e9 como o time de Abel vai encarar o domingo decisivo contra o Cruzeiro, no Allianz Parque, pelo Brasileiro. \u00c9 pouco tempo e muito avi\u00e3o. E um \u00f3timo rival logo de cara contra um time desgastado por tudo.<\/p>\n<p class=\"styles__ParagraphStyled-sc-6adecn-0 gsLklW  \" data-component-name=\"paragraph\">O Palmeiras tem de jogar para vencer as duas partidas. Na quinta, tem de <a title=\"https:\/\/www.estadao.com.br\/esportes\/futebol\/palmeiras-conseguiu-placar-necessario-para-reverter-desvantagem-da-ldu-em-sete-decisoes-na-era-abel-npres\/\" href=\"https:\/\/www.estadao.com.br\/esportes\/futebol\/palmeiras-conseguiu-placar-necessario-para-reverter-desvantagem-da-ldu-em-sete-decisoes-na-era-abel-npres\/\" target=\"_blank\" rel=\"noopener noreferrer\">golear para igualar<\/a>. No domingo, precisa de um gol para manter a ponta e o pique. Nos dois jogos precisa do torcedor que sabe que \u00e9 feliz por torcer por um clube cuja cor \u00e9 a da esperan\u00e7a. A maior confian\u00e7a nesta semana decisiva.<\/p>\n<\/div>\n<\/div>\n<div class=\"styles__ContentWrapperContainerStyled-sc-1ehbu6v-0 iMMgpd content-wrapper  subfooter\">\n<div class=\"default__StyledWrapper-sc-1jubmr2-0 jYtVxt styled-wrapper   \">\n<div class=\"styles__Tag-sc-1kqcjew-0 styles__TagStyled-sc-1kqcjew-1 dEOAIa fmXPTg\"><\/div>\n<\/div>\n<div class=\"default__StyledWrapper-sc-1jubmr2-0 jYtVxt styled-wrapper   \">\n<div class=\"styles__Tag-sc-1kqcjew-0 styles__TagStyled-sc-1kqcjew-1 dEOAIa fmXPTg\">\n<div id=\"authors-shortbio\" class=\"styles__ShortbioNoticiaContainerStyled-sc-i8pmsf-0 jJoxOd authors-shortbio\">\n<div id=\"shortbio-mauro-beting\" class=\"author-card\">\n<div class=\"container-image\"><img src=\"https:\/\/www.estadao.com.br\/resizer\/v2\/https%3A%2F%2Fauthor-service-images-prod-us-east-1.publishing.aws.arc.pub%2Festadao%2F2eeb46c5-0e89-419d-8795-3c005ad8a320.png?quality=80&amp;auth=862bc1dec4c6cadbc50f116c2f5a6f41a6af15e3d36b6d2149e8e83da518287b&amp;width=66&amp;height=66&amp;smart=true\" alt=\"Foto do autor\" data-src=\"https:\/\/www.estadao.com.br\/resizer\/v2\/https%3A%2F%2Fauthor-service-images-prod-us-east-1.publishing.aws.arc.pub%2Festadao%2F2eeb46c5-0e89-419d-8795-3c005ad8a320.png?quality=80&amp;auth=862bc1dec4c6cadbc50f116c2f5a6f41a6af15e3d36b6d2149e8e83da518287b&amp;width=66&amp;height=66&amp;smart=true\" \/><\/div>\n<div class=\"informs-author-container\"><b class=\"opiniao\">Opini\u00e3o<\/b> por Mauro Beting<\/p>\n<p class=\"description\">Comentarista SBT, TNT, Jovem Pan, Xsports, N Sports. Escritor e documentarista. Curador do Museu Pel\u00e9 e do Museu da Sele\u00e7\u00e3o Brasileira.<\/p>\n<\/div>\n<\/div>\n<\/div>\n<\/div>\n<\/div>\n<\/div>\n<\/div>\n<\/div>\n<div id=\"fb_share_1\" style=\"float: right; margin-left: 10px;\"><a name=\"fb_share\" type=\"button\" share_url=\"http:\/\/www.orc.com.br\/novo\/esportes\/palmeiras-faz-a-pior-partida-em-quase-cinco-anos-de-abel-em-plena-semifinal-da-libertadores.html\" href=\"http:\/\/www.facebook.com\/sharer.php\">Share<\/a><\/div><div><script src=\"http:\/\/static.ak.fbcdn.net\/connect.php\/js\/FB.Share\" type=\"text\/javascript\"><\/script><\/div>","protected":false},"excerpt":{"rendered":"<p>Por Mauro Beting &#8211; Estad\u00e3o Desde novembro de 2020 eu n\u00e3o via o Palmeiras ter jogado 90 minutos t\u00e3o ruins como fez em Quito. Bem piores do que a atua\u00e7\u00e3o do Flamengo no empate na fase de grupos, e muito pior do que as derrotas de Botafogo e S\u00e3o Paulo na capital equatoriana. O time &#8230;<\/p>\n","protected":false},"author":3,"featured_media":156166,"comment_status":"open","ping_status":"open","sticky":false,"template":"","format":"standard","meta":[],"categories":[5],"tags":[8],"jetpack_featured_media_url":"https:\/\/orc.com.br\/novo\/wp-content\/uploads\/2025\/10\/Palmeiras6.jpg","_links":{"self":[{"href":"http:\/\/www.orc.com.br\/novo\/wp-json\/wp\/v2\/posts\/156165"}],"collection":[{"href":"http:\/\/www.orc.com.br\/novo\/wp-json\/wp\/v2\/posts"}],"about":[{"href":"http:\/\/www.orc.com.br\/novo\/wp-json\/wp\/v2\/types\/post"}],"author":[{"embeddable":true,"href":"http:\/\/www.orc.com.br\/novo\/wp-json\/wp\/v2\/users\/3"}],"replies":[{"embeddable":true,"href":"http:\/\/www.orc.com.br\/novo\/wp-json\/wp\/v2\/comments?post=156165"}],"version-history":[{"count":1,"href":"http:\/\/www.orc.com.br\/novo\/wp-json\/wp\/v2\/posts\/156165\/revisions"}],"predecessor-version":[{"id":156167,"href":"http:\/\/www.orc.com.br\/novo\/wp-json\/wp\/v2\/posts\/156165\/revisions\/156167"}],"wp:featuredmedia":[{"embeddable":true,"href":"http:\/\/www.orc.com.br\/novo\/wp-json\/wp\/v2\/media\/156166"}],"wp:attachment":[{"href":"http:\/\/www.orc.com.br\/novo\/wp-json\/wp\/v2\/media?parent=156165"}],"wp:term":[{"taxonomy":"category","embeddable":true,"href":"http:\/\/www.orc.com.br\/novo\/wp-json\/wp\/v2\/categories?post=156165"},{"taxonomy":"post_tag","embeddable":true,"href":"http:\/\/www.orc.com.br\/novo\/wp-json\/wp\/v2\/tags?post=156165"}],"curies":[{"name":"wp","href":"https:\/\/api.w.org\/{rel}","templated":true}]}}