{"id":156173,"date":"2025-10-24T06:57:36","date_gmt":"2025-10-24T09:57:36","guid":{"rendered":"https:\/\/www.orc.com.br\/novo\/?p=156173"},"modified":"2025-10-24T06:57:36","modified_gmt":"2025-10-24T09:57:36","slug":"flamengo-pode-comprar-o-maracana","status":"publish","type":"post","link":"http:\/\/www.orc.com.br\/novo\/brasil\/flamengo-pode-comprar-o-maracana.html","title":{"rendered":"Flamengo pode comprar o Maracan\u00e3\u00a0\u00a0\u00a0\u00a0\u00a0\u00a0"},"content":{"rendered":"<p><strong>\u00a0<\/strong>A <a href=\"https:\/\/g1.globo.com\/rj\/rio-de-janeiro\/noticia\/2025\/10\/22\/comissao-da-alerj-inclui-o-maracana-em-lista-de-imoveis-que-podem-ser-vendidos-pelo-governo-do-rj.ghtml\">inclus\u00e3o do Complexo do Maracan\u00e3 no projeto de lei que lista im\u00f3veis a serem vendidos<\/a> pelo Governo do Rio de Janeiro<\/p>\n<p>O receio de Deputados carioas \u00e9 que se o Flamengo construir um Est\u00e1dio, o Maracan\u00e3 vire um elefante branco<\/p>\n<p>A venda do Maracan\u00e3 de forma definitiva para o Flamengo seria um atalho para que o time com maior torcida do estado tenha sua casa, e de quebra tiraria do prefeito Eduardo Paes o trunfo por ter ajudado o rubro-negro nessa quest\u00e3o.<\/p>\n<div id=\"fb_share_1\" style=\"float: right; margin-left: 10px;\"><a name=\"fb_share\" type=\"button\" share_url=\"http:\/\/www.orc.com.br\/novo\/brasil\/flamengo-pode-comprar-o-maracana.html\" href=\"http:\/\/www.facebook.com\/sharer.php\">Share<\/a><\/div><div><script src=\"http:\/\/static.ak.fbcdn.net\/connect.php\/js\/FB.Share\" type=\"text\/javascript\"><\/script><\/div>","protected":false},"excerpt":{"rendered":"<p>\u00a0A inclus\u00e3o do Complexo do Maracan\u00e3 no projeto de lei que lista im\u00f3veis a serem vendidos pelo Governo do Rio de Janeiro O receio de Deputados carioas \u00e9 que se o Flamengo construir um Est\u00e1dio, o Maracan\u00e3 vire um elefante branco A venda do Maracan\u00e3 de forma definitiva para o Flamengo seria um atalho para &#8230;<\/p>\n","protected":false},"author":3,"featured_media":156174,"comment_status":"open","ping_status":"open","sticky":false,"template":"","format":"standard","meta":[],"categories":[1],"tags":[8],"jetpack_featured_media_url":"https:\/\/orc.com.br\/novo\/wp-content\/uploads\/2025\/10\/Maracana.jpg","_links":{"self":[{"href":"http:\/\/www.orc.com.br\/novo\/wp-json\/wp\/v2\/posts\/156173"}],"collection":[{"href":"http:\/\/www.orc.com.br\/novo\/wp-json\/wp\/v2\/posts"}],"about":[{"href":"http:\/\/www.orc.com.br\/novo\/wp-json\/wp\/v2\/types\/post"}],"author":[{"embeddable":true,"href":"http:\/\/www.orc.com.br\/novo\/wp-json\/wp\/v2\/users\/3"}],"replies":[{"embeddable":true,"href":"http:\/\/www.orc.com.br\/novo\/wp-json\/wp\/v2\/comments?post=156173"}],"version-history":[{"count":1,"href":"http:\/\/www.orc.com.br\/novo\/wp-json\/wp\/v2\/posts\/156173\/revisions"}],"predecessor-version":[{"id":156175,"href":"http:\/\/www.orc.com.br\/novo\/wp-json\/wp\/v2\/posts\/156173\/revisions\/156175"}],"wp:featuredmedia":[{"embeddable":true,"href":"http:\/\/www.orc.com.br\/novo\/wp-json\/wp\/v2\/media\/156174"}],"wp:attachment":[{"href":"http:\/\/www.orc.com.br\/novo\/wp-json\/wp\/v2\/media?parent=156173"}],"wp:term":[{"taxonomy":"category","embeddable":true,"href":"http:\/\/www.orc.com.br\/novo\/wp-json\/wp\/v2\/categories?post=156173"},{"taxonomy":"post_tag","embeddable":true,"href":"http:\/\/www.orc.com.br\/novo\/wp-json\/wp\/v2\/tags?post=156173"}],"curies":[{"name":"wp","href":"https:\/\/api.w.org\/{rel}","templated":true}]}}