{"id":156182,"date":"2025-10-24T15:16:12","date_gmt":"2025-10-24T18:16:12","guid":{"rendered":"https:\/\/www.orc.com.br\/novo\/?p=156182"},"modified":"2025-10-24T15:16:12","modified_gmt":"2025-10-24T18:16:12","slug":"atlasintel-bloomberg-avaliacao-positiva-do-governo-lula-passou-de-462-a-48-negativa-e-de-472","status":"publish","type":"post","link":"http:\/\/www.orc.com.br\/novo\/politica\/atlasintel-bloomberg-avaliacao-positiva-do-governo-lula-passou-de-462-a-48-negativa-e-de-472.html","title":{"rendered":"AtlasIntel\/Bloomberg: Avalia\u00e7\u00e3o positiva do governo Lula passou de 46,2% a 48%; negativa \u00e9 de 47,2%"},"content":{"rendered":"<div class=\"photos\">\n<div class=\"photo\"><img title=\"Raisa Toledo\" src=\"https:\/\/www.estadao.com.br\/resizer\/v2\/https%3A%2F%2Fauthor-service-images-prod-us-east-1.publishing.aws.arc.pub%2Festadao%2F13c05478-eaca-44ac-b0ba-64605ddf56c5.jpeg?quality=80&amp;auth=fee6346c36bfb8cf8863ab45a2aef2f7429ead911b18a1d63493b0861a35d19d&amp;width=60&amp;height=60&amp;smart=true\" alt=\"Foto do autor Raisa Toledo\" \/><\/div>\n<\/div>\n<div class=\"informs\">\n<div class=\"names\">Por <a title=\"Ir para p\u00e1gina do autor\" href=\"https:\/\/www.estadao.com.br\/autores\/gabriel-de-sousa\/\" data-component-name=\"pagina-autor\">Gabriel de Sousa (Broadcast)<\/a>, <a title=\"Ir para p\u00e1gina do autor\" href=\"https:\/\/www.estadao.com.br\/autores\/victor-ohana\/\" data-component-name=\"pagina-autor\">Victor Ohana (Broadcast)<\/a> e Raisa Toledo<\/div>\n<\/div>\n<p data-component-name=\"paragraph\">Estad\u00e3o<\/p>\n<p class=\"styles__ParagraphStyled-sc-6adecn-0 gsLklW  \" data-component-name=\"paragraph\">Pesquisa AtlasIntel\/Bloomberg divulgada nesta sexta-feira, 24, mostra que a avalia\u00e7\u00e3o positiva do governo do presidente <a title=\"https:\/\/www.estadao.com.br\/tudo-sobre\/lula-luiz-inacio-lula-da-silva\/\" href=\"https:\/\/www.estadao.com.br\/tudo-sobre\/lula-luiz-inacio-lula-da-silva\/\" target=\"_blank\" rel=\"noopener\"><strong>Luiz In\u00e1cio Lula da Silva<\/strong><\/a> (PT) ultrapassou numericamente a negativa pela primeira vez desde novembro de 2024. Segundo o levantamento, 48% acham a gest\u00e3o \u00f3tima ou boa, enquanto 47,2% acham ela ruim ou p\u00e9ssima. Outros 4,8% consideram o <a title=\"https:\/\/www.estadao.com.br\/tudo-sobre\/governo-lula\/\" href=\"https:\/\/www.estadao.com.br\/tudo-sobre\/governo-lula\/\" target=\"_blank\" rel=\"noopener\"><strong>governo Lula<\/strong><\/a> regular.<\/p>\n<p class=\"styles__ParagraphStyled-sc-6adecn-0 gsLklW  \" data-component-name=\"paragraph\"><a title=\"https:\/\/www.estadao.com.br\/politica\/aprovacao-lula-supera-desaprovacao-primeira-vez-ano-atlas-bloomberg-nprp\/\" href=\"https:\/\/www.estadao.com.br\/politica\/aprovacao-lula-supera-desaprovacao-primeira-vez-ano-atlas-bloomberg-nprp\/\" target=\"_blank\" rel=\"noopener\"><strong>Na pesquisa anterior, divulgada em setembro<\/strong><\/a>, o terceiro mandato de Lula era considerado bom ou \u00f3timo por 46,2% e ruim ou p\u00e9ssimo por 48%. J\u00e1 os que consideravam regular somavam 5,8%.<\/p>\n<div class=\"paragraph\">\n<p>A pesquisa tamb\u00e9m mostra que 51,2% dos brasileiros aprovam Lula, enquanto 48,1% o rejeitam. N\u00e3o souberam ou n\u00e3o quiseram responder 0,6% dos entrevistados. Em um m\u00eas, a aprova\u00e7\u00e3o oscilou 0,4 ponto porcentual para cima, enquanto a rejei\u00e7\u00e3o oscilou 0,2 ponto porcentual para baixo.<\/p>\n<p>Os grupos que mais aprovam Lula s\u00e3o os idosos (67,9%) e os agn\u00f3sticos ou ateus (61,3%). J\u00e1 os grupos que mais avaliam negativamente o presidente s\u00e3o os evang\u00e9licos (72,2%) e os moradores da regi\u00e3o Centro-Oeste (62,6%).<\/p>\n<\/div>\n<div id=\"fb_share_1\" style=\"float: right; margin-left: 10px;\"><a name=\"fb_share\" type=\"button\" share_url=\"http:\/\/www.orc.com.br\/novo\/politica\/atlasintel-bloomberg-avaliacao-positiva-do-governo-lula-passou-de-462-a-48-negativa-e-de-472.html\" href=\"http:\/\/www.facebook.com\/sharer.php\">Share<\/a><\/div><div><script src=\"http:\/\/static.ak.fbcdn.net\/connect.php\/js\/FB.Share\" type=\"text\/javascript\"><\/script><\/div>","protected":false},"excerpt":{"rendered":"<p>Por Gabriel de Sousa (Broadcast), Victor Ohana (Broadcast) e Raisa Toledo Estad\u00e3o Pesquisa AtlasIntel\/Bloomberg divulgada nesta sexta-feira, 24, mostra que a avalia\u00e7\u00e3o positiva do governo do presidente Luiz In\u00e1cio Lula da Silva (PT) ultrapassou numericamente a negativa pela primeira vez desde novembro de 2024. Segundo o levantamento, 48% acham a gest\u00e3o \u00f3tima ou boa, enquanto &#8230;<\/p>\n","protected":false},"author":3,"featured_media":156183,"comment_status":"open","ping_status":"open","sticky":false,"template":"","format":"standard","meta":[],"categories":[14],"tags":[8],"jetpack_featured_media_url":"https:\/\/orc.com.br\/novo\/wp-content\/uploads\/2025\/10\/Lula8.jpg","_links":{"self":[{"href":"http:\/\/www.orc.com.br\/novo\/wp-json\/wp\/v2\/posts\/156182"}],"collection":[{"href":"http:\/\/www.orc.com.br\/novo\/wp-json\/wp\/v2\/posts"}],"about":[{"href":"http:\/\/www.orc.com.br\/novo\/wp-json\/wp\/v2\/types\/post"}],"author":[{"embeddable":true,"href":"http:\/\/www.orc.com.br\/novo\/wp-json\/wp\/v2\/users\/3"}],"replies":[{"embeddable":true,"href":"http:\/\/www.orc.com.br\/novo\/wp-json\/wp\/v2\/comments?post=156182"}],"version-history":[{"count":1,"href":"http:\/\/www.orc.com.br\/novo\/wp-json\/wp\/v2\/posts\/156182\/revisions"}],"predecessor-version":[{"id":156184,"href":"http:\/\/www.orc.com.br\/novo\/wp-json\/wp\/v2\/posts\/156182\/revisions\/156184"}],"wp:featuredmedia":[{"embeddable":true,"href":"http:\/\/www.orc.com.br\/novo\/wp-json\/wp\/v2\/media\/156183"}],"wp:attachment":[{"href":"http:\/\/www.orc.com.br\/novo\/wp-json\/wp\/v2\/media?parent=156182"}],"wp:term":[{"taxonomy":"category","embeddable":true,"href":"http:\/\/www.orc.com.br\/novo\/wp-json\/wp\/v2\/categories?post=156182"},{"taxonomy":"post_tag","embeddable":true,"href":"http:\/\/www.orc.com.br\/novo\/wp-json\/wp\/v2\/tags?post=156182"}],"curies":[{"name":"wp","href":"https:\/\/api.w.org\/{rel}","templated":true}]}}