{"id":156191,"date":"2025-10-26T06:36:34","date_gmt":"2025-10-26T09:36:34","guid":{"rendered":"https:\/\/www.orc.com.br\/novo\/?p=156191"},"modified":"2025-10-26T06:36:34","modified_gmt":"2025-10-26T09:36:34","slug":"lula-e-trump-americano-diz-que-pode-avancar-rapido-sobre-rever-tarifaco-e-fala-em-fazer-acordos","status":"publish","type":"post","link":"http:\/\/www.orc.com.br\/novo\/internacional\/lula-e-trump-americano-diz-que-pode-avancar-rapido-sobre-rever-tarifaco-e-fala-em-fazer-acordos.html","title":{"rendered":"Lula e Trump: americano diz que pode avan\u00e7ar r\u00e1pido sobre rever tarifa\u00e7o e fala em fazer acordos"},"content":{"rendered":"<p>Os presidentes do Brasil, <a href=\"https:\/\/www.estadao.com.br\/tudo-sobre\/lula-luiz-inacio-lula-da-silva\/\"><strong>Luiz In\u00e1cio Lula da Silva<\/strong><\/a>, e dos <a href=\"https:\/\/www.estadao.com.br\/tudo-sobre\/estados-unidos-america-do-norte\/\"><strong>Estados Unidos<\/strong><\/a>, <a href=\"https:\/\/www.estadao.com.br\/tudo-sobre\/donald-trump\/\"><strong>Donald Trump<\/strong><\/a>, se reuniram neste domingo, dia 26, na <a href=\"https:\/\/www.estadao.com.br\/tudo-sobre\/malasia-asia\/\"><strong>Mal\u00e1sia<\/strong><\/a>, para discutir a crise pol\u00edtica entre os governos e o <a href=\"https:\/\/www.estadao.com.br\/tudo-sobre\/tarifaco-de-trump\/\"><strong>tarifa\u00e7o<\/strong><\/a> sobre as exporta\u00e7\u00f5es brasileiras.<\/p>\n<p data-component-name=\"paragraph\">O encontro come\u00e7ou \u00e0s 15h30, hor\u00e1rio local, no Centro de Conven\u00e7\u00f5es de Kuala Lumpur (KLCC). Os dois governos confirmaram a realiza\u00e7\u00e3o da conversa, em paralelo \u00e0 C\u00fapula de L\u00edderes da Asean (Associa\u00e7\u00e3o de Na\u00e7\u00f5es do Sudeste Asi\u00e1tico).<\/p>\n<p>Questionado no in\u00edcio se poderia rever o tarifa\u00e7o sobre o Brasil ainda neste domingo, Trump disse que estavam abertos a \u201cavan\u00e7ar r\u00e1pido\u201d nesta discuss\u00e3o.<\/p>\n<p>Trump negou que sejam injustas as raz\u00f5es para aplicar o tarifa\u00e7o ao Brasil, como defende o governo brasileiro. \u201cN\u00e3o, acho que tudo \u00e9 justo. Temos muito respeito pelo seu presidente e pelo Brasil. Provavelmente faremos alguns acordos\u201d, respondeu Trump. \u201cEles podem oferecer muita coisa, e n\u00f3s podemos oferecer muita coisa\u201d<\/p>\n<p>\u201c\u00c9 uma grande honra estar com o presidente do Brasil. \u00c9 um pa\u00eds grande e bonito e vai muito bem. Acho que seremos capazes de fazer alguns bons acordos para os dois pa\u00edses. Vou deixar isso para Jamieson, Scott e Marco\u201d, disse Trump. \u201cVamos acabar tendo uma rela\u00e7\u00e3o muito boa, sempre tivemos.\u201d<\/p>\n<p data-component-name=\"paragraph\">Trump desconversou quando questionado sobre quais eram as condi\u00e7\u00f5es que o fariam reduzir as tarifas ao Brasil: \u201cVamos discutir por um tempo e provavelmente chegaremos a uma conclus\u00e3o muito rapidamente\u201d.<\/p>\n<p>&nbsp;<\/p>\n<p>Comece o dia com as principais not\u00edcias, al\u00e9m de colunas e links selecionados, de segunda a sexta.<\/p>\n<p>Ao se cadastrar nas newsletters, voc\u00ea concorda com os <a href=\"https:\/\/www.estadao.com.br\/termo-de-uso\">Termos de Uso<\/a> e <a href=\"https:\/\/www.estadao.com.br\/termo-de-uso#politica-privacidade\">Pol\u00edtica de Privacidade<\/a>.<\/p>\n<p data-component-name=\"paragraph\">Ele negou ter interesse em falar sobre a crise na Venezuela, a n\u00e3o ser que Lula desejasse pautar o asssunto. Questionado sobre o ex-presidente Jair Bolsonaro, Trump afirmou apenas que \u201csempre gostou dele\u201d e que se entristeceu com a condena\u00e7\u00e3o por golpe de Estado.<\/p>\n<p data-component-name=\"paragraph\">\u201cEu sempre gostei dele, fiquei muito mal com o que aconteceu com ele\u201d, respondeu o americano, sem dizer se desejava tratar do tema.<\/p>\n<p>O <strong>Estad\u00e3o<\/strong> quesitonou se Trump estava preocupado a rela\u00e7\u00e3o privilegiada do Brasil com a China, principal parceiro comercial do Pa\u00eds e rival dos EUA, mas Trump disse apenas que vai se reunir com a China depois.<\/p>\n<p data-component-name=\"paragraph\">\u201cAcho que teremos um acordo com a China. Vou me reunir com o presidente Xi na Coreia do Sul. Eles querem fazer um acordo e n\u00f3s queremos fazer um acordo. Vamos nos encontrar depois na China e nos EUA em Mar-a-Lago, Palm Beach. Tivemos muitas conversas antes de nos reunir, tivemos conversas com o Brasil. Acho que terminaremos com um bom acordo para os dois pa\u00edses, com a China isso vai acontecer. As pessoas parecem estar muito interessadas na China, acho que teremos uma reuni\u00e3o muito justa com a China.\u201d<\/p>\n<p data-component-name=\"paragraph\">Lula afirmou que tinha uma pauta por escrito para entregar a Trump. Ele mostrou a pasta e disse que deixaria a c\u00f3pia com o americano.<\/p>\n<p data-component-name=\"paragraph\">A conversa com jornalistas ocorreu antes de a discuss\u00e3o entre eles come\u00e7ar. Aparentemente desconfort\u00e1vel com a situa\u00e7\u00e3o, o petista pediu que a imprensa fosse retirada da sala, para que n\u00e3o perdessem tempo de negocia\u00e7\u00e3o. Trump concordou e reclamou que as perguntas estavam entendiantes.<\/p>\n<p>\u00a0\u201cA imprensa vai ter boas not\u00edcias assim que acabar a reuni\u00e3o. Antes, s\u00e3o s\u00f3 suposi\u00e7\u00f5es. O Brasil tem interesse em ter uma rela\u00e7\u00e3o extraordin\u00e1ria com os EUA, como temos h\u00e1 201 anos. N\u00e3o h\u00e1 nenhuma raz\u00e3o para desaven\u00e7a entre Brasil e EUA\u201d, afirmou o petista. \u201cQuando dois presidentes sentam na mesa, cada um coloca os seus problemas, a tend\u00eancia natural \u00e9 encaminhar para um acordo. Antes de vir aqui eu disse que estava muito otimista com a possibilidade para avan\u00e7armos para ter uma rela\u00e7\u00e3o mais civilizada com os EUA e pretendemos manter.\u201d<\/p>\n<p>&nbsp;<\/p>\n<div id=\"fb_share_1\" style=\"float: right; margin-left: 10px;\"><a name=\"fb_share\" type=\"button\" share_url=\"http:\/\/www.orc.com.br\/novo\/internacional\/lula-e-trump-americano-diz-que-pode-avancar-rapido-sobre-rever-tarifaco-e-fala-em-fazer-acordos.html\" href=\"http:\/\/www.facebook.com\/sharer.php\">Share<\/a><\/div><div><script src=\"http:\/\/static.ak.fbcdn.net\/connect.php\/js\/FB.Share\" type=\"text\/javascript\"><\/script><\/div>","protected":false},"excerpt":{"rendered":"<p>Os presidentes do Brasil, Luiz In\u00e1cio Lula da Silva, e dos Estados Unidos, Donald Trump, se reuniram neste domingo, dia 26, na Mal\u00e1sia, para discutir a crise pol\u00edtica entre os governos e o tarifa\u00e7o sobre as exporta\u00e7\u00f5es brasileiras. O encontro come\u00e7ou \u00e0s 15h30, hor\u00e1rio local, no Centro de Conven\u00e7\u00f5es de Kuala Lumpur (KLCC). Os dois &#8230;<\/p>\n","protected":false},"author":3,"featured_media":156192,"comment_status":"open","ping_status":"open","sticky":false,"template":"","format":"standard","meta":[],"categories":[24],"tags":[8],"jetpack_featured_media_url":"https:\/\/orc.com.br\/novo\/wp-content\/uploads\/2025\/10\/Lula22.jpg","_links":{"self":[{"href":"http:\/\/www.orc.com.br\/novo\/wp-json\/wp\/v2\/posts\/156191"}],"collection":[{"href":"http:\/\/www.orc.com.br\/novo\/wp-json\/wp\/v2\/posts"}],"about":[{"href":"http:\/\/www.orc.com.br\/novo\/wp-json\/wp\/v2\/types\/post"}],"author":[{"embeddable":true,"href":"http:\/\/www.orc.com.br\/novo\/wp-json\/wp\/v2\/users\/3"}],"replies":[{"embeddable":true,"href":"http:\/\/www.orc.com.br\/novo\/wp-json\/wp\/v2\/comments?post=156191"}],"version-history":[{"count":1,"href":"http:\/\/www.orc.com.br\/novo\/wp-json\/wp\/v2\/posts\/156191\/revisions"}],"predecessor-version":[{"id":156193,"href":"http:\/\/www.orc.com.br\/novo\/wp-json\/wp\/v2\/posts\/156191\/revisions\/156193"}],"wp:featuredmedia":[{"embeddable":true,"href":"http:\/\/www.orc.com.br\/novo\/wp-json\/wp\/v2\/media\/156192"}],"wp:attachment":[{"href":"http:\/\/www.orc.com.br\/novo\/wp-json\/wp\/v2\/media?parent=156191"}],"wp:term":[{"taxonomy":"category","embeddable":true,"href":"http:\/\/www.orc.com.br\/novo\/wp-json\/wp\/v2\/categories?post=156191"},{"taxonomy":"post_tag","embeddable":true,"href":"http:\/\/www.orc.com.br\/novo\/wp-json\/wp\/v2\/tags?post=156191"}],"curies":[{"name":"wp","href":"https:\/\/api.w.org\/{rel}","templated":true}]}}