{"id":156226,"date":"2025-10-29T06:07:16","date_gmt":"2025-10-29T09:07:16","guid":{"rendered":"https:\/\/www.orc.com.br\/novo\/?p=156226"},"modified":"2025-10-29T06:07:16","modified_gmt":"2025-10-29T09:07:16","slug":"furacao-melissa-atinge-jamaica-com-categoria-maxima-e-pode-ser-a-tempestade-do-seculo","status":"publish","type":"post","link":"http:\/\/www.orc.com.br\/novo\/internacional\/furacao-melissa-atinge-jamaica-com-categoria-maxima-e-pode-ser-a-tempestade-do-seculo.html","title":{"rendered":"Furac\u00e3o Melissa atinge Jamaica com categoria m\u00e1xima e pode ser a &#8216;tempestade do s\u00e9culo&#8217;"},"content":{"rendered":"<p>O furac\u00e3o Melissa atingiu o solo da Jamaica nesta ter\u00e7a-feira (28) como um fen\u00f4meno de categoria m\u00e1xima, segundo o Centro Nacional de Furac\u00f5es dos EUA. Mais cedo, a Organiza\u00e7\u00e3o Meteorol\u00f3gica Mundial (OMM) afirmou que espera uma situa\u00e7\u00e3o catastr\u00f3fica no pa\u00eds caribenho, em decorr\u00eancia das rajadas de vento superiores a 300 quil\u00f4metros por hora, sendo a pior tempestade a atingir a ilha neste s\u00e9culo. A costa da cidade de New Hope, a oeste do pa\u00eds, foi a primeira regi\u00e3o atingida pelos ventos.<\/p>\n<p data-t=\"{&quot;n&quot;:&quot;blueLinks&quot;,&quot;t&quot;:13,&quot;a&quot;:&quot;click&quot;,&quot;b&quot;:76}\">Pelo menos tr\u00eas pessoas j\u00e1 morreram por causas relacionadas \u00e0 tempestade, informaram as autoridades do pa\u00eds. O Minist\u00e9rio da Sa\u00fade e Bem-Estar informou que esses \u00f3bitos ocorreram durante os preparativos para a chegada do furac\u00e3o Melissa.<\/p>\n<p data-t=\"{&quot;n&quot;:&quot;blueLinks&quot;,&quot;t&quot;:13,&quot;a&quot;:&quot;click&quot;,&quot;b&quot;:76}\">&#8220;\u00c9 uma situa\u00e7\u00e3o catastr\u00f3fica esperada na Jamaica&#8221;, disse a especialista em ciclones tropicais da OMM, Anne-Claire Fontan, em uma entrevista coletiva em Genebra. &#8220;Para a Jamaica, ser\u00e1 com certeza a tempestade do s\u00e9culo.&#8221;<\/p>\n<p data-t=\"{&quot;n&quot;:&quot;blueLinks&quot;,&quot;t&quot;:13,&quot;a&quot;:&quot;click&quot;,&quot;b&quot;:76}\">A tempestade de categoria 5, a mais forte poss\u00edvel na escala Saffir-Simpson, deve levar rajadas de vento de mais de 300 km por hora e uma devasta\u00e7\u00e3o generalizada \u00e0 ilha, onde as autoridades ordenaram retiradas obrigat\u00f3rias.<\/p>\n<p class=\"continue-read-break\" data-t=\"{&quot;n&quot;:&quot;blueLinks&quot;,&quot;t&quot;:13,&quot;a&quot;:&quot;click&quot;,&quot;b&quot;:76}\">Ondas de at\u00e9 quatro metros de altura s\u00e3o esperadas, disse Fontan, com precipita\u00e7\u00e3o que deve ultrapassar 700 mm, cerca do dobro da quantidade normalmente esperada durante toda a esta\u00e7\u00e3o chuvosa. &#8220;Isso significa que haver\u00e1 inunda\u00e7\u00f5es repentinas e deslizamentos de terra catastr\u00f3ficos&#8221;, disse ela.<\/p>\n<div id=\"fb_share_1\" style=\"float: right; margin-left: 10px;\"><a name=\"fb_share\" type=\"button\" share_url=\"http:\/\/www.orc.com.br\/novo\/internacional\/furacao-melissa-atinge-jamaica-com-categoria-maxima-e-pode-ser-a-tempestade-do-seculo.html\" href=\"http:\/\/www.facebook.com\/sharer.php\">Share<\/a><\/div><div><script src=\"http:\/\/static.ak.fbcdn.net\/connect.php\/js\/FB.Share\" type=\"text\/javascript\"><\/script><\/div>","protected":false},"excerpt":{"rendered":"<p>O furac\u00e3o Melissa atingiu o solo da Jamaica nesta ter\u00e7a-feira (28) como um fen\u00f4meno de categoria m\u00e1xima, segundo o Centro Nacional de Furac\u00f5es dos EUA. Mais cedo, a Organiza\u00e7\u00e3o Meteorol\u00f3gica Mundial (OMM) afirmou que espera uma situa\u00e7\u00e3o catastr\u00f3fica no pa\u00eds caribenho, em decorr\u00eancia das rajadas de vento superiores a 300 quil\u00f4metros por hora, sendo a &#8230;<\/p>\n","protected":false},"author":3,"featured_media":156227,"comment_status":"open","ping_status":"open","sticky":false,"template":"","format":"standard","meta":[],"categories":[24],"tags":[],"jetpack_featured_media_url":"https:\/\/orc.com.br\/novo\/wp-content\/uploads\/2025\/10\/Furacao1.webp","_links":{"self":[{"href":"http:\/\/www.orc.com.br\/novo\/wp-json\/wp\/v2\/posts\/156226"}],"collection":[{"href":"http:\/\/www.orc.com.br\/novo\/wp-json\/wp\/v2\/posts"}],"about":[{"href":"http:\/\/www.orc.com.br\/novo\/wp-json\/wp\/v2\/types\/post"}],"author":[{"embeddable":true,"href":"http:\/\/www.orc.com.br\/novo\/wp-json\/wp\/v2\/users\/3"}],"replies":[{"embeddable":true,"href":"http:\/\/www.orc.com.br\/novo\/wp-json\/wp\/v2\/comments?post=156226"}],"version-history":[{"count":1,"href":"http:\/\/www.orc.com.br\/novo\/wp-json\/wp\/v2\/posts\/156226\/revisions"}],"predecessor-version":[{"id":156228,"href":"http:\/\/www.orc.com.br\/novo\/wp-json\/wp\/v2\/posts\/156226\/revisions\/156228"}],"wp:featuredmedia":[{"embeddable":true,"href":"http:\/\/www.orc.com.br\/novo\/wp-json\/wp\/v2\/media\/156227"}],"wp:attachment":[{"href":"http:\/\/www.orc.com.br\/novo\/wp-json\/wp\/v2\/media?parent=156226"}],"wp:term":[{"taxonomy":"category","embeddable":true,"href":"http:\/\/www.orc.com.br\/novo\/wp-json\/wp\/v2\/categories?post=156226"},{"taxonomy":"post_tag","embeddable":true,"href":"http:\/\/www.orc.com.br\/novo\/wp-json\/wp\/v2\/tags?post=156226"}],"curies":[{"name":"wp","href":"https:\/\/api.w.org\/{rel}","templated":true}]}}