{"id":156229,"date":"2025-10-29T06:10:48","date_gmt":"2025-10-29T09:10:48","guid":{"rendered":"https:\/\/www.orc.com.br\/novo\/?p=156229"},"modified":"2025-10-29T06:10:48","modified_gmt":"2025-10-29T09:10:48","slug":"kim-kataguiri-familia-bolsonaro-e-projeto-hegemonico-de-poder-que-nao-esta-preocupado-com-o-pais","status":"publish","type":"post","link":"http:\/\/www.orc.com.br\/novo\/politica\/kim-kataguiri-familia-bolsonaro-e-projeto-hegemonico-de-poder-que-nao-esta-preocupado-com-o-pais.html","title":{"rendered":"Kim Kataguiri: \u2018Fam\u00edlia Bolsonaro \u00e9 projeto hegem\u00f4nico de poder que n\u00e3o est\u00e1 preocupado com o Pa\u00eds\u2019"},"content":{"rendered":"<p data-t=\"{&quot;n&quot;:&quot;blueLinks&quot;,&quot;t&quot;:13,&quot;a&quot;:&quot;click&quot;,&quot;b&quot;:76}\">O deputado federal <a title=\"https:\/\/www.estadao.com.br\/tudo-sobre\/kim-kataguiri\/\" href=\"https:\/\/www.estadao.com.br\/tudo-sobre\/kim-kataguiri\/\" target=\"_blank\" rel=\"noopener\" data-t=\"{&quot;n&quot;:&quot;destination&quot;,&quot;t&quot;:13,&quot;a&quot;:&quot;click&quot;,&quot;b&quot;:1,&quot;c.t&quot;:7}\"><b>Kim Kataguiri<\/b><\/a> (Uni\u00e3o) afirmou que n\u00e3o voltaria a apoiar <a title=\"https:\/\/www.estadao.com.br\/tudo-sobre\/jair-bolsonaro\/\" href=\"https:\/\/www.estadao.com.br\/tudo-sobre\/jair-bolsonaro\/\" target=\"_blank\" rel=\"noopener\" data-t=\"{&quot;n&quot;:&quot;destination&quot;,&quot;t&quot;:13,&quot;a&quot;:&quot;click&quot;,&quot;b&quot;:1,&quot;c.t&quot;:7}\"><b>Jair Bolsonaro<\/b><\/a> (PL) e que n\u00e3o votaria em ningu\u00e9m da fam\u00edlia do ex-presidente.<\/p>\n<p data-t=\"{&quot;n&quot;:&quot;blueLinks&quot;,&quot;t&quot;:13,&quot;a&quot;:&quot;click&quot;,&quot;b&quot;:76}\">\u201cAnularia o voto de novo\u201d, disse em entrevista \u00e0 <i>BBC News Brasil<\/i> publicada nesta ter\u00e7a-feira, 28. \u201cA fam\u00edlia Bolsonaro \u00e9 um projeto hegem\u00f4nico de poder que s\u00f3 est\u00e1 preocupado com si pr\u00f3prio. N\u00e3o est\u00e1 preocupada com o pa\u00eds\u201d, declarou.<\/p>\n<p data-t=\"{&quot;n&quot;:&quot;blueLinks&quot;,&quot;t&quot;:13,&quot;a&quot;:&quot;click&quot;,&quot;b&quot;:76}\">Segundo o parlamentar, que surgiu na vida p\u00fablica aos 19 anos como um dos principais nomes do <a title=\"https:\/\/www.estadao.com.br\/tudo-sobre\/mbl-movimento-brasil-livre\/\" href=\"https:\/\/www.estadao.com.br\/tudo-sobre\/mbl-movimento-brasil-livre\/\" target=\"_blank\" rel=\"noopener\" data-t=\"{&quot;n&quot;:&quot;destination&quot;,&quot;t&quot;:13,&quot;a&quot;:&quot;click&quot;,&quot;b&quot;:1,&quot;c.t&quot;:7}\"><b>Movimento Brasil Livre (MBL)<\/b><\/a>, Bolsonaro desperdi\u00e7ou a oportunidade de \u201cfazer um governo de fato de direita e coerente\u201d.<\/p>\n<div id=\"fb_share_1\" style=\"float: right; margin-left: 10px;\"><a name=\"fb_share\" type=\"button\" share_url=\"http:\/\/www.orc.com.br\/novo\/politica\/kim-kataguiri-familia-bolsonaro-e-projeto-hegemonico-de-poder-que-nao-esta-preocupado-com-o-pais.html\" href=\"http:\/\/www.facebook.com\/sharer.php\">Share<\/a><\/div><div><script src=\"http:\/\/static.ak.fbcdn.net\/connect.php\/js\/FB.Share\" type=\"text\/javascript\"><\/script><\/div>","protected":false},"excerpt":{"rendered":"<p>O deputado federal Kim Kataguiri (Uni\u00e3o) afirmou que n\u00e3o voltaria a apoiar Jair Bolsonaro (PL) e que n\u00e3o votaria em ningu\u00e9m da fam\u00edlia do ex-presidente. \u201cAnularia o voto de novo\u201d, disse em entrevista \u00e0 BBC News Brasil publicada nesta ter\u00e7a-feira, 28. \u201cA fam\u00edlia Bolsonaro \u00e9 um projeto hegem\u00f4nico de poder que s\u00f3 est\u00e1 preocupado com &#8230;<\/p>\n","protected":false},"author":3,"featured_media":156230,"comment_status":"open","ping_status":"open","sticky":false,"template":"","format":"standard","meta":[],"categories":[14],"tags":[8],"jetpack_featured_media_url":"https:\/\/orc.com.br\/novo\/wp-content\/uploads\/2025\/10\/KimCataguiri.jpg","_links":{"self":[{"href":"http:\/\/www.orc.com.br\/novo\/wp-json\/wp\/v2\/posts\/156229"}],"collection":[{"href":"http:\/\/www.orc.com.br\/novo\/wp-json\/wp\/v2\/posts"}],"about":[{"href":"http:\/\/www.orc.com.br\/novo\/wp-json\/wp\/v2\/types\/post"}],"author":[{"embeddable":true,"href":"http:\/\/www.orc.com.br\/novo\/wp-json\/wp\/v2\/users\/3"}],"replies":[{"embeddable":true,"href":"http:\/\/www.orc.com.br\/novo\/wp-json\/wp\/v2\/comments?post=156229"}],"version-history":[{"count":1,"href":"http:\/\/www.orc.com.br\/novo\/wp-json\/wp\/v2\/posts\/156229\/revisions"}],"predecessor-version":[{"id":156231,"href":"http:\/\/www.orc.com.br\/novo\/wp-json\/wp\/v2\/posts\/156229\/revisions\/156231"}],"wp:featuredmedia":[{"embeddable":true,"href":"http:\/\/www.orc.com.br\/novo\/wp-json\/wp\/v2\/media\/156230"}],"wp:attachment":[{"href":"http:\/\/www.orc.com.br\/novo\/wp-json\/wp\/v2\/media?parent=156229"}],"wp:term":[{"taxonomy":"category","embeddable":true,"href":"http:\/\/www.orc.com.br\/novo\/wp-json\/wp\/v2\/categories?post=156229"},{"taxonomy":"post_tag","embeddable":true,"href":"http:\/\/www.orc.com.br\/novo\/wp-json\/wp\/v2\/tags?post=156229"}],"curies":[{"name":"wp","href":"https:\/\/api.w.org\/{rel}","templated":true}]}}