{"id":156232,"date":"2025-10-29T06:18:08","date_gmt":"2025-10-29T09:18:08","guid":{"rendered":"https:\/\/www.orc.com.br\/novo\/?p=156232"},"modified":"2025-10-29T06:18:08","modified_gmt":"2025-10-29T09:18:08","slug":"homem-suspeito-de-matar-dono-de-bar-a-tiros-em-miguelopolis-e-preso","status":"publish","type":"post","link":"http:\/\/www.orc.com.br\/novo\/brasil\/homem-suspeito-de-matar-dono-de-bar-a-tiros-em-miguelopolis-e-preso.html","title":{"rendered":"Homem suspeito de matar dono de bar a tiros em Miguel\u00f3polis, \u00e9 preso"},"content":{"rendered":"<div class=\"row content-head mc-column non-featured \">\n<div class=\"medium-centered subtitle\">\n<h2 class=\"content-head__subtitle\">Marcos Vin\u00edcius Sacardo, de 35 anos, se apresentou \u00e0 Pol\u00edcia Civil nesta ter\u00e7a-feira (28) ap\u00f3s a Justi\u00e7a decretar a pris\u00e3o tempor\u00e1ria dele. C\u00e2meras de seguran\u00e7a registraram a\u00e7\u00e3o na \u00faltima quarta-feira (22).<\/h2>\n<\/div>\n<\/div>\n<div><\/div>\n<div class=\"content__signa-share mc-column\">\n<div class=\"content__signature\">\n<div class=\"content-publication-data\">\n<div class=\"content-publication-data__text\">\n<p class=\"content-publication-data__from\" title=\"g1 Ribeir\u00e3o e Franca\">Por g1 Ribeir\u00e3o e Franca<\/p>\n<\/div>\n<\/div>\n<\/div>\n<\/div>\n<div id=\"chunk-3ulj6\">\n<div class=\"cxm-video-block mc-column  content-media content-video\" data-block-type=\"backstage-video\" data-block-id=\"2\">\n<div class=\"content-media__container content-media__container--codex-fallback\">\n<div class=\"content-video__bigger-player-description-fixer\">\n<article class=\"content-video\">\n<section class=\"content-video__video-container\">\n<div class=\"content-video__video\">\n<div class=\"content-video__placeholder\" data-video-id=\"14050940\">\n<div>\n<div class=\"clappr-detach clappr-detach--visible\">\n<div class=\"clappr-detach__placeholder-background\"><\/div>\n<\/div>\n<\/div>\n<\/div>\n<\/div>\n<\/section>\n<\/article>\n<\/div>\n<div class=\"bs-block-video__container\"><\/div>\n<\/div>\n<\/div>\n<\/div>\n<div id=\"chunk-2014q\">\n<div class=\"mc-column content-text active-extra-styles \" data-block-type=\"unstyled\" data-block-weight=\"42\" data-block-id=\"3\">\n<p class=\" content-text__container \" data-track-category=\"Link no Texto\" data-track-links=\"\" data-mrf-recirculation=\"Mat\u00e9ria - Links no Texto\">A\u00a0 Pol\u00edcia Civil prendeu nesta ter\u00e7a-feira (28) Marcos Vin\u00edcius Sacardo, de 35 anos, apontado como autor dos <a class=\"\" href=\"https:\/\/g1.globo.com\/sp\/ribeirao-preto-franca\/noticia\/2025\/10\/23\/quem-era-o-empresario-morto-a-tiros-apos-discussao-na-porta-de-bar-em-miguelopolis-sp.ghtml\" data-mrf-link=\"https:\/\/g1.globo.com\/sp\/ribeirao-preto-franca\/noticia\/2025\/10\/23\/quem-era-o-empresario-morto-a-tiros-apos-discussao-na-porta-de-bar-em-miguelopolis-sp.ghtml\">tiros que mataram o empres\u00e1rio Pedro J\u00fanior Batista Campos<\/a>, em <a class=\"\" href=\"https:\/\/g1.globo.com\/sp\/ribeirao-preto-franca\/cidade\/miguelopolis\/\" data-mrf-link=\"https:\/\/g1.globo.com\/sp\/ribeirao-preto-franca\/cidade\/miguelopolis\/\">Miguel\u00f3polis (SP)<\/a>. O crime aconteceu na \u00faltima quarta-feira (22) na porta de um bar.<\/p>\n<\/div>\n<\/div>\n<div class=\"wall protected-content\">\n<div id=\"chunk-5ujul\">\n<div class=\"mc-column content-text active-extra-styles \" data-block-type=\"unstyled\" data-block-weight=\"19\" data-block-id=\"5\">\n<p class=\" content-text__container \" data-track-category=\"Link no Texto\" data-track-links=\"\" data-mrf-recirculation=\"Mat\u00e9ria - Links no Texto\">Segundo a defesa, Sacardo se apresentou espontaneamente \u00e0 Pol\u00edcia Civil ap\u00f3s ter a pris\u00e3o tempor\u00e1ria decretada pela Justi\u00e7a.<\/p>\n<\/div>\n<\/div>\n<div id=\"chunk-foqq\">\n<div class=\"mc-column content-text active-extra-styles \" data-block-type=\"unstyled\" data-block-weight=\"21\" data-block-id=\"6\">\n<p class=\" content-text__container \" data-track-category=\"Link no Texto\" data-track-links=\"\" data-mrf-recirculation=\"Mat\u00e9ria - Links no Texto\">Advogado dele, Fernando Lima informou que s\u00f3 vai se manifestar em ju\u00edzo. A pris\u00e3o tempor\u00e1ria tem prazo de cinco dias.<\/p>\n<\/div>\n<\/div>\n<div id=\"chunk-816fi\">\n<div class=\"mc-column content-text active-extra-styles\" data-block-type=\"raw\" data-block-weight=\"11\" data-block-id=\"7\">\n<p class=\"content-text__container\" data-mrf-recirculation=\"Mat\u00e9ria - Links no Texto\">\n<ul class=\"content-unordered-list\">\n<li><\/li>\n<\/ul>\n<\/div>\n<\/div>\n<div id=\"chunk-43kp0\">\n<div class=\"row medium-uncollapsed content-media content-photo\" data-block-type=\"backstage-photo\" data-block-id=\"8\">\n<div class=\" mc-column  content-media__container\">\n<div class=\"content-media-container glb-skeleton-box\">\n<figure class=\"content-media-figure\"><img class=\"i-amphtml-fill-content i-amphtml-replaced-content\" src=\"https:\/\/s2-g1.glbimg.com\/5NTAznF2QBGlyOC4ZLvdqDeoCtk=\/0x0:1700x1100\/984x0\/smart\/filters:strip_icc()\/i.s3.glbimg.com\/v1\/AUTH_59edd422c0c84a879bd37670ae4f538a\/internal_photos\/bs\/2025\/K\/B\/0zkf7tSBaTRPbBVSfvxg\/empresario-morte-miguelopolis.jpg\" sizes=\"(max-width: 1366px) 648px, 100vw\" srcset=\"https:\/\/s2-g1.glbimg.com\/WVSja5EounBrqq7PMKbT_lZ5Ajk=\/0x0:1700x1100\/1000x0\/smart\/filters:strip_icc()\/i.s3.glbimg.com\/v1\/AUTH_59edd422c0c84a879bd37670ae4f538a\/internal_photos\/bs\/2025\/K\/B\/0zkf7tSBaTRPbBVSfvxg\/empresario-morte-miguelopolis.jpg 1000w, https:\/\/s2-g1.glbimg.com\/5NTAznF2QBGlyOC4ZLvdqDeoCtk=\/0x0:1700x1100\/984x0\/smart\/filters:strip_icc()\/i.s3.glbimg.com\/v1\/AUTH_59edd422c0c84a879bd37670ae4f538a\/internal_photos\/bs\/2025\/K\/B\/0zkf7tSBaTRPbBVSfvxg\/empresario-morte-miguelopolis.jpg 984w, https:\/\/s2-g1.glbimg.com\/ujIdNO1rQpmDuizCx_hLFllbw9o=\/0x0:1700x1100\/640x0\/smart\/filters:strip_icc()\/i.s3.glbimg.com\/v1\/AUTH_59edd422c0c84a879bd37670ae4f538a\/internal_photos\/bs\/2025\/K\/B\/0zkf7tSBaTRPbBVSfvxg\/empresario-morte-miguelopolis.jpg 640w, https:\/\/s2-g1.glbimg.com\/Xxq3LSw05hiLal4n6ghJls04DkE=\/0x0:1700x1100\/600x0\/smart\/filters:strip_icc()\/i.s3.glbimg.com\/v1\/AUTH_59edd422c0c84a879bd37670ae4f538a\/internal_photos\/bs\/2025\/K\/B\/0zkf7tSBaTRPbBVSfvxg\/empresario-morte-miguelopolis.jpg 600w\" alt=\"Pedro J\u00fanior Batista Campos (\u00e0 esquerda) foi morto por Marcos Vin\u00edcius Sacardo em Miguel\u00f3polis, SP \u2014 Foto: Reprodu\u00e7\u00e3o\/Redes Sociais\" \/><\/figure>\n<\/div>\n<p class=\"content-media__description  \">Pedro J\u00fanior Batista Campos (\u00e0 esquerda) foi morto por Marcos Vin\u00edcius Sacardo em Miguel\u00f3polis, SP \u2014 Foto: Reprodu\u00e7\u00e3o\/Redes Sociais<\/p>\n<\/div>\n<\/div>\n<\/div>\n<div id=\"chunk-nirf\">\n<div class=\"content-ads content-ads--reveal\" data-block-type=\"ads\" data-block-id=\"10\">\n<div id=\"banner_materia2\" class=\"tag-manager-publicidade-container tag-manager-publicidade-banner_materia2 tag-manager-publicidade-container--carregado tag-manager-publicidade-container--visivel\" data-google-query-id=\"CLDXr4WJyZADFbE1uQYdbIsGjw\">\n<div id=\"google_ads_iframe_\/95377733\/tvg_G1\/Sua_Regiao&gt;Sudeste&gt;Sao_Paulo_(Ribeirao_Preto)_3__container__\"><\/div>\n<\/div>\n<\/div>\n<\/div>\n<div id=\"chunk-clh1o\">\n<div class=\"mc-column content-text active-extra-styles \" data-block-type=\"unstyled\" data-block-weight=\"20\" data-block-id=\"11\">\n<p class=\" content-text__container \" data-track-category=\"Link no Texto\" data-track-links=\"\" data-mrf-recirculation=\"Mat\u00e9ria - Links no Texto\">Pedro J\u00fanior foi <a class=\"\" href=\"https:\/\/g1.globo.com\/sp\/ribeirao-preto-franca\/noticia\/2025\/10\/23\/dono-de-restaurante-em-miguelopolis-sp-e-morto-apos-discussao-por-causa-de-divida.ghtml\" data-mrf-link=\"https:\/\/g1.globo.com\/sp\/ribeirao-preto-franca\/noticia\/2025\/10\/23\/dono-de-restaurante-em-miguelopolis-sp-e-morto-apos-discussao-por-causa-de-divida.ghtml\">assassinado na porta de um bar na Avenida Leopoldo Carlos de Oliveira<\/a>, uma das principais da cidade.<\/p>\n<\/div>\n<\/div>\n<div id=\"chunk-14acf\">\n<div class=\"mc-column content-text active-extra-styles \" data-block-type=\"unstyled\" data-block-weight=\"60\" data-block-id=\"12\">\n<p class=\" content-text__container \" data-track-category=\"Link no Texto\" data-track-links=\"\" data-mrf-recirculation=\"Mat\u00e9ria - Links no Texto\">Imagens de c\u00e2meras de seguran\u00e7a <strong><em>(assista ao v\u00eddeo acima)<\/em><\/strong> mostram o momento em que Pedro J\u00fanior chegou ao bar onde Sacardo estava e os dois come\u00e7aram a conversar. Em determinando momento, eles passaram a discutir ao lado de algumas pessoas. Na sequ\u00eancia, Sacardo pegou uma arma e atirou na dire\u00e7\u00e3o do empres\u00e1rio, que correu para o interior do bar.<\/p>\n<\/div>\n<\/div>\n<div id=\"chunk-3skbj\">\n<div class=\"mc-column content-text active-extra-styles \" data-block-type=\"unstyled\" data-block-weight=\"20\" data-block-id=\"13\">\n<p class=\" content-text__container \" data-track-category=\"Link no Texto\" data-track-links=\"\" data-mrf-recirculation=\"Mat\u00e9ria - Links no Texto\">As imagens ainda mostram Pedro J\u00fanior caminhando para fora do estabelecimento e caindo ferido na cal\u00e7ada. Sacardo foi embora depois.<\/p>\n<\/div>\n<\/div>\n<div id=\"chunk-ctb1m\">\n<div class=\"mc-column content-text active-extra-styles \" data-block-type=\"unstyled\" data-block-weight=\"23\" data-block-id=\"14\">\n<p class=\" content-text__container \" data-track-category=\"Link no Texto\" data-track-links=\"\" data-mrf-recirculation=\"Mat\u00e9ria - Links no Texto\">A v\u00edtima chegou a ser socorrida pelo Servi\u00e7o de Atendimento M\u00f3vel de Urg\u00eancia (Samu), mas morreu ao dar entrada no pronto-socorro de Miguel\u00f3polis.<\/p>\n<\/div>\n<\/div>\n<\/div>\n<div id=\"fb_share_1\" style=\"float: right; margin-left: 10px;\"><a name=\"fb_share\" type=\"button\" share_url=\"http:\/\/www.orc.com.br\/novo\/brasil\/homem-suspeito-de-matar-dono-de-bar-a-tiros-em-miguelopolis-e-preso.html\" href=\"http:\/\/www.facebook.com\/sharer.php\">Share<\/a><\/div><div><script src=\"http:\/\/static.ak.fbcdn.net\/connect.php\/js\/FB.Share\" type=\"text\/javascript\"><\/script><\/div>","protected":false},"excerpt":{"rendered":"<p>Marcos Vin\u00edcius Sacardo, de 35 anos, se apresentou \u00e0 Pol\u00edcia Civil nesta ter\u00e7a-feira (28) ap\u00f3s a Justi\u00e7a decretar a pris\u00e3o tempor\u00e1ria dele. C\u00e2meras de seguran\u00e7a registraram a\u00e7\u00e3o na \u00faltima quarta-feira (22). Por g1 Ribeir\u00e3o e Franca A\u00a0 Pol\u00edcia Civil prendeu nesta ter\u00e7a-feira (28) Marcos Vin\u00edcius Sacardo, de 35 anos, apontado como autor dos tiros que &#8230;<\/p>\n","protected":false},"author":3,"featured_media":156233,"comment_status":"open","ping_status":"open","sticky":false,"template":"","format":"standard","meta":[],"categories":[1],"tags":[8],"jetpack_featured_media_url":"https:\/\/orc.com.br\/novo\/wp-content\/uploads\/2025\/10\/Miguelopolis1-1.png","_links":{"self":[{"href":"http:\/\/www.orc.com.br\/novo\/wp-json\/wp\/v2\/posts\/156232"}],"collection":[{"href":"http:\/\/www.orc.com.br\/novo\/wp-json\/wp\/v2\/posts"}],"about":[{"href":"http:\/\/www.orc.com.br\/novo\/wp-json\/wp\/v2\/types\/post"}],"author":[{"embeddable":true,"href":"http:\/\/www.orc.com.br\/novo\/wp-json\/wp\/v2\/users\/3"}],"replies":[{"embeddable":true,"href":"http:\/\/www.orc.com.br\/novo\/wp-json\/wp\/v2\/comments?post=156232"}],"version-history":[{"count":1,"href":"http:\/\/www.orc.com.br\/novo\/wp-json\/wp\/v2\/posts\/156232\/revisions"}],"predecessor-version":[{"id":156234,"href":"http:\/\/www.orc.com.br\/novo\/wp-json\/wp\/v2\/posts\/156232\/revisions\/156234"}],"wp:featuredmedia":[{"embeddable":true,"href":"http:\/\/www.orc.com.br\/novo\/wp-json\/wp\/v2\/media\/156233"}],"wp:attachment":[{"href":"http:\/\/www.orc.com.br\/novo\/wp-json\/wp\/v2\/media?parent=156232"}],"wp:term":[{"taxonomy":"category","embeddable":true,"href":"http:\/\/www.orc.com.br\/novo\/wp-json\/wp\/v2\/categories?post=156232"},{"taxonomy":"post_tag","embeddable":true,"href":"http:\/\/www.orc.com.br\/novo\/wp-json\/wp\/v2\/tags?post=156232"}],"curies":[{"name":"wp","href":"https:\/\/api.w.org\/{rel}","templated":true}]}}