{"id":156782,"date":"2025-12-10T06:31:10","date_gmt":"2025-12-10T09:31:10","guid":{"rendered":"https:\/\/www.orc.com.br\/novo\/?p=156782"},"modified":"2025-12-10T06:31:10","modified_gmt":"2025-12-10T09:31:10","slug":"camara-aprova-projeto-que-reduz-penas-dos-condenados-pelo-8-de-janeiro-e-pode-beneficiar-bolsonaro","status":"publish","type":"post","link":"http:\/\/www.orc.com.br\/novo\/politica\/camara-aprova-projeto-que-reduz-penas-dos-condenados-pelo-8-de-janeiro-e-pode-beneficiar-bolsonaro.html","title":{"rendered":"C\u00e2mara aprova projeto que reduz penas dos condenados pelo 8 de Janeiro e pode beneficiar Bolsonaro"},"content":{"rendered":"<h2>Projeto pode reduzir as penas de Bolsonaro de 27 anos e tr\u00eas meses de pris\u00e3o para 20 anos e rebaixar o tempo em regime fechado a dois anos e quatro meses; texto vai ao Senado<\/h2>\n<p>Por <a href=\"https:\/\/www.estadao.com.br\/autores\/guilherme-caetano\/\" data-component-name=\"pagina-autor\">Guilherme Caetano<\/a><\/p>\n<p>BRAS\u00cdLIA \u2013 Ap\u00f3s mais de um ano de press\u00e3o bolsonarista e sob protesto da esquerda, a <a href=\"https:\/\/www.estadao.com.br\/tudo-sobre\/camara-dos-deputados\/\"><strong>C\u00e2mara dos Deputados<\/strong><\/a> aprovou o projeto de lei que reduz as penas de envolvidos nos ataques do 8 de Janeiro e <a href=\"https:\/\/www.estadao.com.br\/politica\/bolsonaro-deve-ter-a-pena-reduzida-para-dois-anos-e-quatro-meses-com-pl-da-dosimetria\/\"><strong>que pode beneficiar<\/strong><\/a> o ex-presidente <a href=\"https:\/\/www.estadao.com.br\/tudo-sobre\/jair-bolsonaro\/?srsltid=AfmBOoric5zRwfLVYBPaz7wNt-dmhjYTpanP9Ucw8HZGIV-xVlV1_K3o\"><strong>Jair Bolsonaro<\/strong><\/a> (PL). A proposta agora vai tramitar no Senado.<\/p>\n<p data-component-name=\"paragraph\">A aprova\u00e7\u00e3o do chamado <a href=\"https:\/\/www.estadao.com.br\/politica\/lider-do-pl-diz-que-bolsonaro-orientou-voto-a-favor-de-projeto-que-reduz-penas-a-condenados-pelo-81\/?srsltid=AfmBOoojdxbaScy20SWXbKJeQckG2AZZDsZzN17aNidDECi-2BdXyQjH\"><strong>projeto de lei da Dosimetria<\/strong><\/a> se deu por um placar de 291 a 148 na madrugada desta quarta-feira, 10. O resultado foi proclamado \u00e0s 2h27.<\/p>\n<p data-component-name=\"paragraph\">O texto \u201cconcede anistia aos participantes das manifesta\u00e7\u00f5es reivindicat\u00f3rias de motiva\u00e7\u00e3o pol\u00edtica\u201d ocorridas entre 30 de outubro de 2022 e a data de entrada em vigor a lei.<\/p>\n<p>O prazo extenso compreende desde os acampamentos golpistas erguidos a partir da derrota eleitoral de Bolsonaro e a insurrei\u00e7\u00e3o que culminou nos ataques aos pr\u00e9dios dos Tr\u00eas Poderes, em 8 de janeiro de 2023.<\/p>\n<p>Isto \u00e9, a anistia beneficia toda a c\u00fapula que virou r\u00e9 no STF no julgamento da trama golpista, incluindo generais e ex-ministros do governo Bolsonaro, e os bolsonaristas que acamparam em frente ao QG do Ex\u00e9rcito e participaram dos ataques na Pra\u00e7a dos Tr\u00eas Poderes.<\/p>\n<p data-component-name=\"paragraph\">O relator do PL da Dosimetria na C\u00e2mara dos Deputados, <a href=\"https:\/\/www.estadao.com.br\/tudo-sobre\/paulinho-da-forca\/\"><strong>Paulinho da For\u00e7a<\/strong><\/a> (Solidariedade-SP) afirmou que o projeto de redu\u00e7\u00e3o de penas est\u00e1 restrito aos condenados pelos atos golpistas de 8 de Janeiro. A declara\u00e7\u00e3o ocorreu durante vota\u00e7\u00e3o da proposta no plen\u00e1rio, na madrugada desta quarta-feira.<\/p>\n<p data-component-name=\"paragraph\">\u201cEsse texto foi organizado por uma s\u00e9rie de juristas, dos mais importantes do Brasil\u201d, disse o relator. \u201cQuero deixar claro que trata apenas do 8 de Janeiro. N\u00e3o tem nenhuma possibilidade de esse texto beneficiar crime comum.\u201d<\/p>\n<p data-component-name=\"paragraph\">O projeto pode reduzir as penas de Bolsonaro de 27 anos e tr\u00eas meses de pris\u00e3o para 20 anos, segundo anunciou o relator. Assim, o tempo em regime fechado cairia de seis anos e dez meses para dois anos e quatro meses; a partir disso ele poderia progredir para um regime menos restrito.<\/p>\n<p>&nbsp;<\/p>\n<div id=\"fb_share_1\" style=\"float: right; margin-left: 10px;\"><a name=\"fb_share\" type=\"button\" share_url=\"http:\/\/www.orc.com.br\/novo\/politica\/camara-aprova-projeto-que-reduz-penas-dos-condenados-pelo-8-de-janeiro-e-pode-beneficiar-bolsonaro.html\" href=\"http:\/\/www.facebook.com\/sharer.php\">Share<\/a><\/div><div><script src=\"http:\/\/static.ak.fbcdn.net\/connect.php\/js\/FB.Share\" type=\"text\/javascript\"><\/script><\/div>","protected":false},"excerpt":{"rendered":"<p>Projeto pode reduzir as penas de Bolsonaro de 27 anos e tr\u00eas meses de pris\u00e3o para 20 anos e rebaixar o tempo em regime fechado a dois anos e quatro meses; texto vai ao Senado Por Guilherme Caetano BRAS\u00cdLIA \u2013 Ap\u00f3s mais de um ano de press\u00e3o bolsonarista e sob protesto da esquerda, a C\u00e2mara &#8230;<\/p>\n","protected":false},"author":3,"featured_media":156783,"comment_status":"open","ping_status":"open","sticky":false,"template":"","format":"standard","meta":[],"categories":[14],"tags":[8],"jetpack_featured_media_url":"https:\/\/orc.com.br\/novo\/wp-content\/uploads\/2025\/12\/Congresso1.jpg","_links":{"self":[{"href":"http:\/\/www.orc.com.br\/novo\/wp-json\/wp\/v2\/posts\/156782"}],"collection":[{"href":"http:\/\/www.orc.com.br\/novo\/wp-json\/wp\/v2\/posts"}],"about":[{"href":"http:\/\/www.orc.com.br\/novo\/wp-json\/wp\/v2\/types\/post"}],"author":[{"embeddable":true,"href":"http:\/\/www.orc.com.br\/novo\/wp-json\/wp\/v2\/users\/3"}],"replies":[{"embeddable":true,"href":"http:\/\/www.orc.com.br\/novo\/wp-json\/wp\/v2\/comments?post=156782"}],"version-history":[{"count":1,"href":"http:\/\/www.orc.com.br\/novo\/wp-json\/wp\/v2\/posts\/156782\/revisions"}],"predecessor-version":[{"id":156784,"href":"http:\/\/www.orc.com.br\/novo\/wp-json\/wp\/v2\/posts\/156782\/revisions\/156784"}],"wp:featuredmedia":[{"embeddable":true,"href":"http:\/\/www.orc.com.br\/novo\/wp-json\/wp\/v2\/media\/156783"}],"wp:attachment":[{"href":"http:\/\/www.orc.com.br\/novo\/wp-json\/wp\/v2\/media?parent=156782"}],"wp:term":[{"taxonomy":"category","embeddable":true,"href":"http:\/\/www.orc.com.br\/novo\/wp-json\/wp\/v2\/categories?post=156782"},{"taxonomy":"post_tag","embeddable":true,"href":"http:\/\/www.orc.com.br\/novo\/wp-json\/wp\/v2\/tags?post=156782"}],"curies":[{"name":"wp","href":"https:\/\/api.w.org\/{rel}","templated":true}]}}