{"id":156790,"date":"2025-12-11T07:00:10","date_gmt":"2025-12-11T10:00:10","guid":{"rendered":"https:\/\/www.orc.com.br\/novo\/?p=156790"},"modified":"2025-12-11T07:00:10","modified_gmt":"2025-12-11T10:00:10","slug":"camara-rejeita-cassacao-de-mandato-de-carla-zambelli","status":"publish","type":"post","link":"http:\/\/www.orc.com.br\/novo\/brasil\/camara-rejeita-cassacao-de-mandato-de-carla-zambelli.html","title":{"rendered":"C\u00e2mara rejeita cassa\u00e7\u00e3o de mandato de Carla Zambelli"},"content":{"rendered":"<div class=\"photos\">\n<div class=\"photo\"><img title=\"Levy Teles\" src=\"https:\/\/www.estadao.com.br\/resizer\/v2\/https%3A%2F%2Fs3.amazonaws.com%2Farc-authors%2Festadao%2F9143e36d-d61d-40e9-b87a-ec1fa595a2af.JPG?quality=80&amp;auth=bd43ceb7d02c34587be9c4c4eb562311ab733ee3ea59858d284854310a4ad515&amp;width=60&amp;height=60&amp;smart=true\" alt=\"Foto do autor Levy Teles\" \/><\/div>\n<\/div>\n<div class=\"informs\">\n<div class=\"names\">Por <a title=\"Ir para p\u00e1gina do autor\" href=\"https:\/\/www.estadao.com.br\/autores\/levy-teles\/\" data-component-name=\"pagina-autor\">Levy Teles<\/a><\/div>\n<\/div>\n<div>\n<p class=\"styles__ParagraphStyled-sc-6adecn-0 gsLklW  \" data-component-name=\"paragraph\">A <a title=\"https:\/\/www.estadao.com.br\/tudo-sobre\/camara-dos-deputados\/\" href=\"https:\/\/www.estadao.com.br\/tudo-sobre\/camara-dos-deputados\/\" target=\"_blank\" rel=\"noopener noreferrer\"><strong>C\u00e2mara dos Deputados<\/strong><\/a> rejeitou a cassa\u00e7\u00e3o da deputada federal <a title=\"https:\/\/www.estadao.com.br\/tudo-sobre\/carla-zambelli\" href=\"https:\/\/www.estadao.com.br\/tudo-sobre\/carla-zambelli\" target=\"_blank\" rel=\"noopener\"><strong>Carla Zambelli<\/strong><\/a> (PL-SP) em vota\u00e7\u00e3o no plen\u00e1rio na madrugada desta quinta-feira, 11, poucas horas depois de o mesmo plen\u00e1rio decidir <a title=\"https:\/\/www.estadao.com.br\/politica\/camara-suspende-mandato-de-glauber-braga-por-6-meses-por-chute-em-militante\/?srsltid=AfmBOoqe0Wt1SoR3QwNGJDppAZZvplyF1ypJwpMoGdhjYtmSlhJwCjJd\" href=\"https:\/\/www.estadao.com.br\/politica\/camara-suspende-mandato-de-glauber-braga-por-6-meses-por-chute-em-militante\/?srsltid=AfmBOoqe0Wt1SoR3QwNGJDppAZZvplyF1ypJwpMoGdhjYtmSlhJwCjJd\" target=\"_blank\" rel=\"noopener noreferrer\"><strong>trocar a cassa\u00e7\u00e3o pela suspens\u00e3o do mandato de Glauber Braga (PSOL-RJ)<\/strong><\/a>.<\/p>\n<div class=\"styles__MultiParagraphAdStyled-sc-1yb8ue6-0 dAAozZ\" data-component-name=\"multi-paragraph\">\n<div class=\"paragraph\">\n<p>Foram 227 votos pela cassa\u00e7\u00e3o, 170 votos contr\u00e1rios e dez absten\u00e7\u00f5es. Eram necess\u00e1rios 257 votos para que ela perdesse o mandato. A vota\u00e7\u00e3o contrariou a decis\u00e3o da Comiss\u00e3o de Constitui\u00e7\u00e3o e Justi\u00e7a (CCJ) da Casa, que, na na tarde desta quarta-feira, 10, <a title=\"https:\/\/www.estadao.com.br\/politica\/ccj-da-camara-vota-cassacao-de-zambelli-tres-meses-apos-condenacao-pelo-stf\/?srsltid=AfmBOorTgbzvbdBR4Zd438ZS9w-I4oUM2pZMWzuQcAac8s7m8Y0_nslz\" href=\"https:\/\/www.estadao.com.br\/politica\/ccj-da-camara-vota-cassacao-de-zambelli-tres-meses-apos-condenacao-pelo-stf\/?srsltid=AfmBOorTgbzvbdBR4Zd438ZS9w-I4oUM2pZMWzuQcAac8s7m8Y0_nslz\" target=\"_blank\" rel=\"noopener noreferrer\"><strong>aprovou a cassa\u00e7\u00e3o<\/strong><\/a>.<\/p>\n<p>Ao manter Zambelli no cargo, a C\u00e2mara descumpriu a decis\u00e3o do <a title=\"https:\/\/www.estadao.com.br\/tudo-sobre\/stf-supremo-tribunal-federal\/?srsltid=AfmBOorov5U6gXQHlt1FIttj4qeHNPxN-fFC19iDfpbQv82qHnFY55NF\" href=\"https:\/\/www.estadao.com.br\/tudo-sobre\/stf-supremo-tribunal-federal\/?srsltid=AfmBOorov5U6gXQHlt1FIttj4qeHNPxN-fFC19iDfpbQv82qHnFY55NF\" target=\"_blank\" rel=\"noopener noreferrer\"><strong>Supremo Tribunal Federal (STF)<\/strong><\/a>, que decretou a perda do mandato da parlamentar. Desde julho, <a title=\"https:\/\/www.estadao.com.br\/politica\/carla-zambelli-deputada-presa-italia\/\" href=\"https:\/\/www.estadao.com.br\/politica\/carla-zambelli-deputada-presa-italia\/\" target=\"_blank\" rel=\"noopener noreferrer\"><strong>ela est\u00e1 presa na It\u00e1lia<\/strong><\/a>, para onde fugiu ap\u00f3s ser condenada pela Corte.<\/p>\n<\/div>\n<\/div>\n<figure class=\"styles__FigureImageWrapper-sc-1qk1vbn-0 NaVlt figure-image-wrapper   \">\n<div class=\"figure-image-container\"><\/div>\n<\/figure>\n<p><img class=\"lazy-load-img\" data-srcset=\"https:\/\/www.estadao.com.br\/resizer\/v2\/HM6CH7NP3VFNVPT6N6EAR3PHDA.jpg?quality=80&amp;auth=e59cae99c697ee0576de3b2df6621046d47a6cddb72d0be4bf39eea8afec35bb&amp;width=380 768w, https:\/\/www.estadao.com.br\/resizer\/v2\/HM6CH7NP3VFNVPT6N6EAR3PHDA.jpg?quality=80&amp;auth=e59cae99c697ee0576de3b2df6621046d47a6cddb72d0be4bf39eea8afec35bb&amp;width=768 1024w, https:\/\/www.estadao.com.br\/resizer\/v2\/HM6CH7NP3VFNVPT6N6EAR3PHDA.jpg?quality=80&amp;auth=e59cae99c697ee0576de3b2df6621046d47a6cddb72d0be4bf39eea8afec35bb&amp;width=1200 1322w\" \/><\/div>\n<div class=\"informs\">\n<div><\/div>\n<\/div>\n<div id=\"fb_share_1\" style=\"float: right; margin-left: 10px;\"><a name=\"fb_share\" type=\"button\" share_url=\"http:\/\/www.orc.com.br\/novo\/brasil\/camara-rejeita-cassacao-de-mandato-de-carla-zambelli.html\" href=\"http:\/\/www.facebook.com\/sharer.php\">Share<\/a><\/div><div><script src=\"http:\/\/static.ak.fbcdn.net\/connect.php\/js\/FB.Share\" type=\"text\/javascript\"><\/script><\/div>","protected":false},"excerpt":{"rendered":"<p>Por Levy Teles A C\u00e2mara dos Deputados rejeitou a cassa\u00e7\u00e3o da deputada federal Carla Zambelli (PL-SP) em vota\u00e7\u00e3o no plen\u00e1rio na madrugada desta quinta-feira, 11, poucas horas depois de o mesmo plen\u00e1rio decidir trocar a cassa\u00e7\u00e3o pela suspens\u00e3o do mandato de Glauber Braga (PSOL-RJ). Foram 227 votos pela cassa\u00e7\u00e3o, 170 votos contr\u00e1rios e dez absten\u00e7\u00f5es. &#8230;<\/p>\n","protected":false},"author":3,"featured_media":156791,"comment_status":"open","ping_status":"open","sticky":false,"template":"","format":"standard","meta":[],"categories":[1],"tags":[8],"jetpack_featured_media_url":"https:\/\/orc.com.br\/novo\/wp-content\/uploads\/2025\/12\/CarlaZabelli1.webp","_links":{"self":[{"href":"http:\/\/www.orc.com.br\/novo\/wp-json\/wp\/v2\/posts\/156790"}],"collection":[{"href":"http:\/\/www.orc.com.br\/novo\/wp-json\/wp\/v2\/posts"}],"about":[{"href":"http:\/\/www.orc.com.br\/novo\/wp-json\/wp\/v2\/types\/post"}],"author":[{"embeddable":true,"href":"http:\/\/www.orc.com.br\/novo\/wp-json\/wp\/v2\/users\/3"}],"replies":[{"embeddable":true,"href":"http:\/\/www.orc.com.br\/novo\/wp-json\/wp\/v2\/comments?post=156790"}],"version-history":[{"count":1,"href":"http:\/\/www.orc.com.br\/novo\/wp-json\/wp\/v2\/posts\/156790\/revisions"}],"predecessor-version":[{"id":156792,"href":"http:\/\/www.orc.com.br\/novo\/wp-json\/wp\/v2\/posts\/156790\/revisions\/156792"}],"wp:featuredmedia":[{"embeddable":true,"href":"http:\/\/www.orc.com.br\/novo\/wp-json\/wp\/v2\/media\/156791"}],"wp:attachment":[{"href":"http:\/\/www.orc.com.br\/novo\/wp-json\/wp\/v2\/media?parent=156790"}],"wp:term":[{"taxonomy":"category","embeddable":true,"href":"http:\/\/www.orc.com.br\/novo\/wp-json\/wp\/v2\/categories?post=156790"},{"taxonomy":"post_tag","embeddable":true,"href":"http:\/\/www.orc.com.br\/novo\/wp-json\/wp\/v2\/tags?post=156790"}],"curies":[{"name":"wp","href":"https:\/\/api.w.org\/{rel}","templated":true}]}}