{"id":156793,"date":"2025-12-11T08:25:21","date_gmt":"2025-12-11T11:25:21","guid":{"rendered":"https:\/\/www.orc.com.br\/novo\/?p=156793"},"modified":"2025-12-11T08:25:33","modified_gmt":"2025-12-11T11:25:33","slug":"neymar-fica-no-santos-em-2026","status":"publish","type":"post","link":"http:\/\/www.orc.com.br\/novo\/esportes\/neymar-fica-no-santos-em-2026.html","title":{"rendered":"Neymar fica no Santos em 2026"},"content":{"rendered":"<p>Respirando mais aliviado ap\u00f3s escapar do rebaixamento para a S\u00e9rie B, o <a title=\"https:\/\/www.estadao.com.br\/tudo-sobre\/santos-futebol-clube\/?srsltid=AfmBOoobYR4bYVs89yWhP1J561inwZtWfeQY3FUUgdJHR5mX1ypCv2K5\" href=\"https:\/\/www.estadao.com.br\/tudo-sobre\/santos-futebol-clube\/?srsltid=AfmBOoobYR4bYVs89yWhP1J561inwZtWfeQY3FUUgdJHR5mX1ypCv2K5\" target=\"_blank\" rel=\"noopener noreferrer\" data-t=\"{&quot;n&quot;:&quot;destination&quot;,&quot;t&quot;:13,&quot;a&quot;:&quot;click&quot;,&quot;b&quot;:1,&quot;c.t&quot;:7}\"><b>Santos <\/b><\/a>j\u00e1 iniciou o planejamento para 2026. Um dos principais pontos de interroga\u00e7\u00e3o para o torcedor \u00e9 a continuidade de <a title=\"https:\/\/www.estadao.com.br\/tudo-sobre\/neymar\/?srsltid=AfmBOopJJkyBcGpO-95rdRmDxQFVn3YdkIUeEMtLDeYBOLj6vycveOHa\" href=\"https:\/\/www.estadao.com.br\/tudo-sobre\/neymar\/?srsltid=AfmBOopJJkyBcGpO-95rdRmDxQFVn3YdkIUeEMtLDeYBOLj6vycveOHa\" target=\"_blank\" rel=\"noopener noreferrer\" data-t=\"{&quot;n&quot;:&quot;destination&quot;,&quot;t&quot;:13,&quot;a&quot;:&quot;click&quot;,&quot;b&quot;:1,&quot;c.t&quot;:7}\"><b>Neymar<\/b><\/a>, cujo v\u00ednculo com o clube encerra-se neste m\u00eas de dezembro. No que depender da diretoria santista, o craque deve permanecer no clube.<\/p>\n<p data-t=\"{&quot;n&quot;:&quot;blueLinks&quot;,&quot;t&quot;:13,&quot;a&quot;:&quot;click&quot;,&quot;b&quot;:76}\">O <b>Estad\u00e3o <\/b>apurou que as conversas pela renova\u00e7\u00e3o de Neymar come\u00e7aram a ser alinhadas nos \u00faltimos meses, mas foram colocadas em modo de espera com o risco de o Santos ser rebaixado para a segunda divis\u00e3o \u2014 a perman\u00eancia do craque para uma eventual disputa da S\u00e9rie B estava praticamente descartada.<\/p>\n<p class=\"continue-read-break\" data-t=\"{&quot;n&quot;:&quot;blueLinks&quot;,&quot;t&quot;:13,&quot;a&quot;:&quot;click&quot;,&quot;b&quot;:76}\">Agora, a expectativa \u00e9 de que, at\u00e9 o Natal, as partes cheguem a um acordo pela extens\u00e3o do v\u00ednculo por mais seis meses, ou seja, at\u00e9 a Copa do Mundo de 2026. O Santos entende ser a melhor op\u00e7\u00e3o para Neymar encontrar a sua melhor vers\u00e3o para servir o Brasil no Mundial. O camisa 10 ainda n\u00e3o foi convocado por Carlo Ancelotti desde que o italiano assumiu o comando t\u00e9cnico da sele\u00e7\u00e3o.<\/p>\n<p data-t=\"{&quot;n&quot;:&quot;blueLinks&quot;,&quot;t&quot;:13,&quot;a&quot;:&quot;click&quot;,&quot;b&quot;:76}\">Neymar foi cuidadoso quando comentou publicamente sobre a renova\u00e7\u00e3o. Ap\u00f3s a vit\u00f3ria sobre o Cruzeiro, por 3 a 0, na rodada final do Brasileir\u00e3o, ele despistou ao ser questionado se ficaria no clube. \u201cPedi para esperassem esse jogos, agora quero descansar uma semana, esquecer futebol. Mas, obviamente, meu cora\u00e7\u00e3o \u00e9 sempre do Santos. Vou deixar o Santos em primeiro lugar\u201d, finalizou.<\/p>\n<div id=\"fb_share_1\" style=\"float: right; margin-left: 10px;\"><a name=\"fb_share\" type=\"button\" share_url=\"http:\/\/www.orc.com.br\/novo\/esportes\/neymar-fica-no-santos-em-2026.html\" href=\"http:\/\/www.facebook.com\/sharer.php\">Share<\/a><\/div><div><script src=\"http:\/\/static.ak.fbcdn.net\/connect.php\/js\/FB.Share\" type=\"text\/javascript\"><\/script><\/div>","protected":false},"excerpt":{"rendered":"<p>Respirando mais aliviado ap\u00f3s escapar do rebaixamento para a S\u00e9rie B, o Santos j\u00e1 iniciou o planejamento para 2026. Um dos principais pontos de interroga\u00e7\u00e3o para o torcedor \u00e9 a continuidade de Neymar, cujo v\u00ednculo com o clube encerra-se neste m\u00eas de dezembro. No que depender da diretoria santista, o craque deve permanecer no clube. &#8230;<\/p>\n","protected":false},"author":3,"featured_media":156794,"comment_status":"open","ping_status":"open","sticky":false,"template":"","format":"standard","meta":[],"categories":[5],"tags":[8],"jetpack_featured_media_url":"https:\/\/orc.com.br\/novo\/wp-content\/uploads\/2025\/12\/Neymar6.jpg","_links":{"self":[{"href":"http:\/\/www.orc.com.br\/novo\/wp-json\/wp\/v2\/posts\/156793"}],"collection":[{"href":"http:\/\/www.orc.com.br\/novo\/wp-json\/wp\/v2\/posts"}],"about":[{"href":"http:\/\/www.orc.com.br\/novo\/wp-json\/wp\/v2\/types\/post"}],"author":[{"embeddable":true,"href":"http:\/\/www.orc.com.br\/novo\/wp-json\/wp\/v2\/users\/3"}],"replies":[{"embeddable":true,"href":"http:\/\/www.orc.com.br\/novo\/wp-json\/wp\/v2\/comments?post=156793"}],"version-history":[{"count":1,"href":"http:\/\/www.orc.com.br\/novo\/wp-json\/wp\/v2\/posts\/156793\/revisions"}],"predecessor-version":[{"id":156795,"href":"http:\/\/www.orc.com.br\/novo\/wp-json\/wp\/v2\/posts\/156793\/revisions\/156795"}],"wp:featuredmedia":[{"embeddable":true,"href":"http:\/\/www.orc.com.br\/novo\/wp-json\/wp\/v2\/media\/156794"}],"wp:attachment":[{"href":"http:\/\/www.orc.com.br\/novo\/wp-json\/wp\/v2\/media?parent=156793"}],"wp:term":[{"taxonomy":"category","embeddable":true,"href":"http:\/\/www.orc.com.br\/novo\/wp-json\/wp\/v2\/categories?post=156793"},{"taxonomy":"post_tag","embeddable":true,"href":"http:\/\/www.orc.com.br\/novo\/wp-json\/wp\/v2\/tags?post=156793"}],"curies":[{"name":"wp","href":"https:\/\/api.w.org\/{rel}","templated":true}]}}