{"id":156796,"date":"2025-12-11T08:28:44","date_gmt":"2025-12-11T11:28:44","guid":{"rendered":"https:\/\/www.orc.com.br\/novo\/?p=156796"},"modified":"2025-12-11T08:28:44","modified_gmt":"2025-12-11T11:28:44","slug":"hoje-11-tem-apresentacao-da-cia-jazz-com-concerto-de-natal-na-praca-cel-orlando","status":"publish","type":"post","link":"http:\/\/www.orc.com.br\/novo\/brasil\/hoje-11-tem-apresentacao-da-cia-jazz-com-concerto-de-natal-na-praca-cel-orlando.html","title":{"rendered":"Hoje (11) tem apresenta\u00e7\u00e3o da Cia jazz com concerto de Natal na Pra\u00e7a Cel. Orlando"},"content":{"rendered":"<p><strong>Brejeiro vai trazer Quarteto Cia do Sax para se apresentar em Orl\u00e2ndia<\/strong><\/p>\n<p>O Brejeiro traz \u00e0 Orl\u00e2ndia a Cia do Sax, \u00a0um quarteto de saxofones com bolsistas do Cultura Art\u00edstica. Ser\u00e1 dia 11 na Pra\u00e7a Coronel Orlando.<\/p>\n<p>O quarteto \u00e9 \u00a0\u00a0formado por Samuel Alves, Gabriel Fanzeres, Matheus Carvalho e Bruno Khaleb e j\u00e1 se apresentaram no Gramado in Concert &#8211; Festival Internacional de M\u00fasica na modalidade M\u00fasica de C\u00e2mara (2020), N\u00facleo de Desenvolvimento de Carreira (2022) e 2\u00b0 Festival de Ver\u00e3o de Campos do Jord\u00e3o (2023). Al\u00e9m disso, puderam tamb\u00e9m ter a oportunidade de estudar com grandes professores como Douglas Braga, Michael Rene Torres, S\u00e9rgio Burgani e Nailor Proveta. Os integrantes tiveram a experi\u00eancia de tocar em palcos brasileiros renomados, como Sala S\u00e3o Paulo, Audit\u00f3rio Claudio Santoro, Theatro S\u00e3o Pedro e Teatro J. Safra. O objetivo do grupo \u00e9 contribuir com a cultura, n\u00e3o somente a brasileira, mas a que agrega tamb\u00e9m outras etnias e estilos.<\/p>\n<p>O grupo busca compartilhar m\u00fasica de uma maneira leve e aberta para o p\u00fablico em geral.<\/p>\n<p>O grupo apresentar\u00e1 um repert\u00f3rio diversificado, de aproximadamente 45 minutos, com obras de compositores como Pixinguinha, Astor Piazzolla, Frank Sinatra, al\u00e9m de obras natalinas.<\/p>\n<p>&nbsp;<\/p>\n<div id=\"fb_share_1\" style=\"float: right; margin-left: 10px;\"><a name=\"fb_share\" type=\"button\" share_url=\"http:\/\/www.orc.com.br\/novo\/brasil\/hoje-11-tem-apresentacao-da-cia-jazz-com-concerto-de-natal-na-praca-cel-orlando.html\" href=\"http:\/\/www.facebook.com\/sharer.php\">Share<\/a><\/div><div><script src=\"http:\/\/static.ak.fbcdn.net\/connect.php\/js\/FB.Share\" type=\"text\/javascript\"><\/script><\/div>","protected":false},"excerpt":{"rendered":"<p>Brejeiro vai trazer Quarteto Cia do Sax para se apresentar em Orl\u00e2ndia O Brejeiro traz \u00e0 Orl\u00e2ndia a Cia do Sax, \u00a0um quarteto de saxofones com bolsistas do Cultura Art\u00edstica. Ser\u00e1 dia 11 na Pra\u00e7a Coronel Orlando. O quarteto \u00e9 \u00a0\u00a0formado por Samuel Alves, Gabriel Fanzeres, Matheus Carvalho e Bruno Khaleb e j\u00e1 se apresentaram &#8230;<\/p>\n","protected":false},"author":3,"featured_media":156797,"comment_status":"open","ping_status":"open","sticky":false,"template":"","format":"standard","meta":[],"categories":[1],"tags":[8],"jetpack_featured_media_url":"https:\/\/orc.com.br\/novo\/wp-content\/uploads\/2025\/12\/CiaJazz.jpg","_links":{"self":[{"href":"http:\/\/www.orc.com.br\/novo\/wp-json\/wp\/v2\/posts\/156796"}],"collection":[{"href":"http:\/\/www.orc.com.br\/novo\/wp-json\/wp\/v2\/posts"}],"about":[{"href":"http:\/\/www.orc.com.br\/novo\/wp-json\/wp\/v2\/types\/post"}],"author":[{"embeddable":true,"href":"http:\/\/www.orc.com.br\/novo\/wp-json\/wp\/v2\/users\/3"}],"replies":[{"embeddable":true,"href":"http:\/\/www.orc.com.br\/novo\/wp-json\/wp\/v2\/comments?post=156796"}],"version-history":[{"count":1,"href":"http:\/\/www.orc.com.br\/novo\/wp-json\/wp\/v2\/posts\/156796\/revisions"}],"predecessor-version":[{"id":156798,"href":"http:\/\/www.orc.com.br\/novo\/wp-json\/wp\/v2\/posts\/156796\/revisions\/156798"}],"wp:featuredmedia":[{"embeddable":true,"href":"http:\/\/www.orc.com.br\/novo\/wp-json\/wp\/v2\/media\/156797"}],"wp:attachment":[{"href":"http:\/\/www.orc.com.br\/novo\/wp-json\/wp\/v2\/media?parent=156796"}],"wp:term":[{"taxonomy":"category","embeddable":true,"href":"http:\/\/www.orc.com.br\/novo\/wp-json\/wp\/v2\/categories?post=156796"},{"taxonomy":"post_tag","embeddable":true,"href":"http:\/\/www.orc.com.br\/novo\/wp-json\/wp\/v2\/tags?post=156796"}],"curies":[{"name":"wp","href":"https:\/\/api.w.org\/{rel}","templated":true}]}}