{"id":156808,"date":"2025-12-11T08:41:19","date_gmt":"2025-12-11T11:41:19","guid":{"rendered":"https:\/\/www.orc.com.br\/novo\/?p=156808"},"modified":"2025-12-11T08:41:19","modified_gmt":"2025-12-11T11:41:19","slug":"mae-e-padrasto-sao-presos-suspeitos-de-estuprar-e-filmar-menina-de-3-anos-em-ribeirao-preto","status":"publish","type":"post","link":"http:\/\/www.orc.com.br\/novo\/brasil\/mae-e-padrasto-sao-presos-suspeitos-de-estuprar-e-filmar-menina-de-3-anos-em-ribeirao-preto.html","title":{"rendered":"M\u00e3e e padrasto s\u00e3o presos suspeitos de estuprar e filmar menina de 3 anos em Ribeir\u00e3o Preto"},"content":{"rendered":"<div id=\"chunk-425a5\">\n<div class=\"mc-column content-text active-extra-styles \" data-block-type=\"unstyled\" data-block-weight=\"48\" data-block-id=\"3\">\n<p class=\" content-text__container \" data-track-category=\"Link no Texto\" data-track-links=\"\" data-mrf-recirculation=\"Mat\u00e9ria - Links no Texto\">Um homem de 23 anos e uma mulher, de 22, foram presos na noite desta quarta-feira (10) por suspeita de estuprar uma menina de 3 anos em <a class=\"\" href=\"https:\/\/g1.globo.com\/sp\/ribeirao-preto-franca\/cidade\/ribeirao-preto\/\" data-mrf-link=\"https:\/\/g1.globo.com\/sp\/ribeirao-preto-franca\/cidade\/ribeirao-preto\/\">Ribeir\u00e3o Preto (SP)<\/a>. De acordo com a Pol\u00edcia Civil, os <span class=\"highlight highlighted\">atos contra a crian\u00e7a, que \u00e9 filha da mulher, eram gravados<\/span>.<\/p>\n<\/div>\n<\/div>\n<div class=\"wall protected-content\">\n<div id=\"chunk-edmhp\">\n<div class=\"mc-column content-text active-extra-styles \" data-block-type=\"unstyled\" data-block-weight=\"30\" data-block-id=\"5\">\n<p class=\" content-text__container \" data-track-category=\"Link no Texto\" data-track-links=\"\" data-mrf-recirculation=\"Mat\u00e9ria - Links no Texto\">O caso veio \u00e0 tona depois que um homem que mantinha uma rela\u00e7\u00e3o extraconjugal com a suspeita encontrou ind\u00edcios dos abusos em mensagens no celular dela e fez a den\u00fancia.<\/p>\n<\/div>\n<\/div>\n<div id=\"chunk-8ma3e\">\n<div class=\"mc-column content-text active-extra-styles \" data-block-type=\"unstyled\" data-block-weight=\"48\" data-block-id=\"6\">\n<p class=\" content-text__container \" data-track-category=\"Link no Texto\" data-track-links=\"\" data-mrf-recirculation=\"Mat\u00e9ria - Links no Texto\">Os policiais foram at\u00e9 o endere\u00e7o da fam\u00edlia e prenderam o padrasto, que estava com a menina e um beb\u00ea de 4 meses, filho do casal. J\u00e1 a mulher foi presa no trabalho. Nos <span class=\"highlight highlighted\">celulares dos dois, os agentes encontraram v\u00eddeos dos crimes<\/span>. Os aparelhos passar\u00e3o por per\u00edcia.<\/p>\n<\/div>\n<\/div>\n<div id=\"chunk-cgjhc\"><\/div>\n<\/div>\n<div id=\"chunk-a3uco\">\n<div class=\"mc-column content-text active-extra-styles \" data-block-type=\"unstyled\" data-block-weight=\"17\" data-block-id=\"11\">\n<p class=\" content-text__container \" data-track-category=\"Link no Texto\" data-track-links=\"\" data-mrf-recirculation=\"Mat\u00e9ria - Links no Texto\">A m\u00e3e, por sua vez, segue em Ribeir\u00e3o \u00e0 espera de transfer\u00eancia para uma penitenci\u00e1ria da regi\u00e3o.<\/p>\n<p class=\" content-text__container \" data-track-category=\"Link no Texto\" data-track-links=\"\" data-mrf-recirculation=\"Mat\u00e9ria - Links no Texto\">\n<\/div>\n<\/div>\n<div id=\"fb_share_1\" style=\"float: right; margin-left: 10px;\"><a name=\"fb_share\" type=\"button\" share_url=\"http:\/\/www.orc.com.br\/novo\/brasil\/mae-e-padrasto-sao-presos-suspeitos-de-estuprar-e-filmar-menina-de-3-anos-em-ribeirao-preto.html\" href=\"http:\/\/www.facebook.com\/sharer.php\">Share<\/a><\/div><div><script src=\"http:\/\/static.ak.fbcdn.net\/connect.php\/js\/FB.Share\" type=\"text\/javascript\"><\/script><\/div>","protected":false},"excerpt":{"rendered":"<p>Um homem de 23 anos e uma mulher, de 22, foram presos na noite desta quarta-feira (10) por suspeita de estuprar uma menina de 3 anos em Ribeir\u00e3o Preto (SP). De acordo com a Pol\u00edcia Civil, os atos contra a crian\u00e7a, que \u00e9 filha da mulher, eram gravados. O caso veio \u00e0 tona depois que &#8230;<\/p>\n","protected":false},"author":3,"featured_media":156809,"comment_status":"open","ping_status":"open","sticky":false,"template":"","format":"standard","meta":[],"categories":[1],"tags":[8],"jetpack_featured_media_url":"https:\/\/orc.com.br\/novo\/wp-content\/uploads\/2025\/12\/Policia23.jpg","_links":{"self":[{"href":"http:\/\/www.orc.com.br\/novo\/wp-json\/wp\/v2\/posts\/156808"}],"collection":[{"href":"http:\/\/www.orc.com.br\/novo\/wp-json\/wp\/v2\/posts"}],"about":[{"href":"http:\/\/www.orc.com.br\/novo\/wp-json\/wp\/v2\/types\/post"}],"author":[{"embeddable":true,"href":"http:\/\/www.orc.com.br\/novo\/wp-json\/wp\/v2\/users\/3"}],"replies":[{"embeddable":true,"href":"http:\/\/www.orc.com.br\/novo\/wp-json\/wp\/v2\/comments?post=156808"}],"version-history":[{"count":1,"href":"http:\/\/www.orc.com.br\/novo\/wp-json\/wp\/v2\/posts\/156808\/revisions"}],"predecessor-version":[{"id":156810,"href":"http:\/\/www.orc.com.br\/novo\/wp-json\/wp\/v2\/posts\/156808\/revisions\/156810"}],"wp:featuredmedia":[{"embeddable":true,"href":"http:\/\/www.orc.com.br\/novo\/wp-json\/wp\/v2\/media\/156809"}],"wp:attachment":[{"href":"http:\/\/www.orc.com.br\/novo\/wp-json\/wp\/v2\/media?parent=156808"}],"wp:term":[{"taxonomy":"category","embeddable":true,"href":"http:\/\/www.orc.com.br\/novo\/wp-json\/wp\/v2\/categories?post=156808"},{"taxonomy":"post_tag","embeddable":true,"href":"http:\/\/www.orc.com.br\/novo\/wp-json\/wp\/v2\/tags?post=156808"}],"curies":[{"name":"wp","href":"https:\/\/api.w.org\/{rel}","templated":true}]}}