{"id":156813,"date":"2025-12-12T06:40:10","date_gmt":"2025-12-12T09:40:10","guid":{"rendered":"https:\/\/www.orc.com.br\/novo\/?p=156813"},"modified":"2025-12-12T06:40:10","modified_gmt":"2025-12-12T09:40:10","slug":"flavio-bolsonaro-almoca-com-empresarios-da-faria-lima-em-tentativa-de-tira-los-da-orbita-de-tarcisio","status":"publish","type":"post","link":"http:\/\/www.orc.com.br\/novo\/politica\/flavio-bolsonaro-almoca-com-empresarios-da-faria-lima-em-tentativa-de-tira-los-da-orbita-de-tarcisio.html","title":{"rendered":"Fl\u00e1vio Bolsonaro almo\u00e7a com empres\u00e1rios da Faria Lima em tentativa de tir\u00e1-los da \u00f3rbita de Tarc\u00edsio"},"content":{"rendered":"<div class=\"names\">Por <a title=\"Ir para p\u00e1gina do autor\" href=\"https:\/\/www.estadao.com.br\/autores\/guilherme-caetano\/\" data-component-name=\"pagina-autor\">Guilherme Caetano<\/a> e <a title=\"Ir para p\u00e1gina do autor\" href=\"https:\/\/www.estadao.com.br\/autores\/gustavo-cortes\/\" data-component-name=\"pagina-autor\">Gustavo C\u00f4rtes<\/a><\/div>\n<div>\n<p class=\"styles__ParagraphStyled-sc-6adecn-0 gsLklW  \" data-component-name=\"paragraph\">O senador <a title=\"https:\/\/www.estadao.com.br\/tudo-sobre\/flavio-bolsonaro\/?srsltid=AfmBOopCgqMUkT8BDNN0oWg2q3_nexs8IrF0TfY0YaHt1xxgOYnNrNsy\" href=\"https:\/\/www.estadao.com.br\/tudo-sobre\/flavio-bolsonaro\/?srsltid=AfmBOopCgqMUkT8BDNN0oWg2q3_nexs8IrF0TfY0YaHt1xxgOYnNrNsy\" target=\"_blank\" rel=\"noopener noreferrer\"><strong>Fl\u00e1vio Bolsonaro (PL-RJ)<\/strong><\/a> participou de um almo\u00e7o nesta quinta-feira, 11, com empres\u00e1rios de S\u00e3o Paulo, numa tentativa de atra\u00ed-los da \u00f3rbita do governador <a title=\"https:\/\/www.estadao.com.br\/tudo-sobre\/tarcisio-de-freitas\/?srsltid=AfmBOorEzJTfUOmGNwbCm_-eTtav91cxy_x8qDqBnCqs2bBBgF6djO1u\" href=\"https:\/\/www.estadao.com.br\/tudo-sobre\/tarcisio-de-freitas\/?srsltid=AfmBOorEzJTfUOmGNwbCm_-eTtav91cxy_x8qDqBnCqs2bBBgF6djO1u\" target=\"_blank\" rel=\"noopener noreferrer\"><strong>Tarc\u00edsio de Freitas (Republicanos)<\/strong><\/a> para a sua <a title=\"https:\/\/www.estadao.com.br\/politica\/flavio-bolsonaro-diz-que-vai-convencer-centrao-a-embarcar-em-sua-candidatura\/\" href=\"https:\/\/www.estadao.com.br\/politica\/flavio-bolsonaro-diz-que-vai-convencer-centrao-a-embarcar-em-sua-candidatura\/\" target=\"_blank\" rel=\"noopener noreferrer\"><strong>pr\u00e9-candidatura \u00e0 Presid\u00eancia da Rep\u00fablica<\/strong><\/a>.<\/p>\n<div class=\"styles__MultiParagraphAdStyled-sc-1yb8ue6-0 dAAozZ\" data-component-name=\"multi-paragraph\">\n<div class=\"paragraph\">\n<p>A agenda, realizada na sede do Banco UBS, foi um pontap\u00e9 numa s\u00e9rie de encontros que Fl\u00e1vio deve ter nos pr\u00f3ximos dias com figuras do mercado financeiro. Ela foi organizada pelo ex-secret\u00e1rio de Desenvolvimento Social de S\u00e3o Paulo, Filipe Sabar\u00e1.<\/p>\n<p>Em nota o UBS, informou que realiza regularmente diversos eventos voltados para clientes. \u201cEssas iniciativas s\u00e3o uma pr\u00e1tica comum de mercado, em linha com os padr\u00f5es da ind\u00fastria. O UBS mant\u00e9m uma postura estritamente neutra e apartid\u00e1ria em todas as suas atividades. A presen\u00e7a de convidados n\u00e3o constitui endosso institucional a posi\u00e7\u00f5es, candidaturas ou agendas pol\u00edticas\u201d, diz a nota.<\/p>\n<p>Fl\u00e1vio foi recepcionado pela c\u00fapula do UBS, o CEO Leopoldo Bassan (UBS), o co-CEO Marcello Chilov e Rafael Gross (Wealth Management). Em seguida, cerca de 40 empres\u00e1rios participaram de almo\u00e7o. Entre eles Flavio Rocha (Riachuelo), Richard Gerdau (Gerdau), Alexandre Ostrowiecki (Multilaser), Helio Seibel (Duratex) e Mario Araripe (Casa dos Ventos).<\/p>\n<\/div>\n<\/div>\n<\/div>\n<div id=\"fb_share_1\" style=\"float: right; margin-left: 10px;\"><a name=\"fb_share\" type=\"button\" share_url=\"http:\/\/www.orc.com.br\/novo\/politica\/flavio-bolsonaro-almoca-com-empresarios-da-faria-lima-em-tentativa-de-tira-los-da-orbita-de-tarcisio.html\" href=\"http:\/\/www.facebook.com\/sharer.php\">Share<\/a><\/div><div><script src=\"http:\/\/static.ak.fbcdn.net\/connect.php\/js\/FB.Share\" type=\"text\/javascript\"><\/script><\/div>","protected":false},"excerpt":{"rendered":"<p>Por Guilherme Caetano e Gustavo C\u00f4rtes O senador Fl\u00e1vio Bolsonaro (PL-RJ) participou de um almo\u00e7o nesta quinta-feira, 11, com empres\u00e1rios de S\u00e3o Paulo, numa tentativa de atra\u00ed-los da \u00f3rbita do governador Tarc\u00edsio de Freitas (Republicanos) para a sua pr\u00e9-candidatura \u00e0 Presid\u00eancia da Rep\u00fablica. A agenda, realizada na sede do Banco UBS, foi um pontap\u00e9 numa &#8230;<\/p>\n","protected":false},"author":3,"featured_media":156814,"comment_status":"open","ping_status":"open","sticky":false,"template":"","format":"standard","meta":[],"categories":[14],"tags":[],"jetpack_featured_media_url":"https:\/\/orc.com.br\/novo\/wp-content\/uploads\/2025\/12\/Flaviobolsonaro.jpg","_links":{"self":[{"href":"http:\/\/www.orc.com.br\/novo\/wp-json\/wp\/v2\/posts\/156813"}],"collection":[{"href":"http:\/\/www.orc.com.br\/novo\/wp-json\/wp\/v2\/posts"}],"about":[{"href":"http:\/\/www.orc.com.br\/novo\/wp-json\/wp\/v2\/types\/post"}],"author":[{"embeddable":true,"href":"http:\/\/www.orc.com.br\/novo\/wp-json\/wp\/v2\/users\/3"}],"replies":[{"embeddable":true,"href":"http:\/\/www.orc.com.br\/novo\/wp-json\/wp\/v2\/comments?post=156813"}],"version-history":[{"count":1,"href":"http:\/\/www.orc.com.br\/novo\/wp-json\/wp\/v2\/posts\/156813\/revisions"}],"predecessor-version":[{"id":156815,"href":"http:\/\/www.orc.com.br\/novo\/wp-json\/wp\/v2\/posts\/156813\/revisions\/156815"}],"wp:featuredmedia":[{"embeddable":true,"href":"http:\/\/www.orc.com.br\/novo\/wp-json\/wp\/v2\/media\/156814"}],"wp:attachment":[{"href":"http:\/\/www.orc.com.br\/novo\/wp-json\/wp\/v2\/media?parent=156813"}],"wp:term":[{"taxonomy":"category","embeddable":true,"href":"http:\/\/www.orc.com.br\/novo\/wp-json\/wp\/v2\/categories?post=156813"},{"taxonomy":"post_tag","embeddable":true,"href":"http:\/\/www.orc.com.br\/novo\/wp-json\/wp\/v2\/tags?post=156813"}],"curies":[{"name":"wp","href":"https:\/\/api.w.org\/{rel}","templated":true}]}}