{"id":156816,"date":"2025-12-12T07:33:20","date_gmt":"2025-12-12T10:33:20","guid":{"rendered":"https:\/\/www.orc.com.br\/novo\/?p=156816"},"modified":"2025-12-12T07:33:20","modified_gmt":"2025-12-12T10:33:20","slug":"stf-declara-perda-imediata-de-mandato-da-deputada-federal-carla-zambelli","status":"publish","type":"post","link":"http:\/\/www.orc.com.br\/novo\/brasil\/stf-declara-perda-imediata-de-mandato-da-deputada-federal-carla-zambelli.html","title":{"rendered":"STF declara perda imediata de mandato da deputada federal Carla Zambelli"},"content":{"rendered":"<p>O ministro Alexandre de Moraes, do Supremo Tribunal Federal (STF), decretou a perda imediata do mandato da deputada federal Carla Zambelli (PL-SP) e ordenou que a Mesa da C\u00e2mara\u00a0dos Deputados\u00a0efetive a posse do suplente no prazo m\u00e1ximo de 48 horas, conforme prev\u00ea o Regimento Interno da Casa.\u00a0A decis\u00e3o, na Execu\u00e7\u00e3o Penal <strong><a href=\"https:\/\/portal.stf.jus.br\/processos\/detalhe.asp?incidente=7325486\" data-type=\"link\" data-id=\"https:\/\/portal.stf.jus.br\/processos\/detalhe.asp?incidente=7325486\">(EP) 149<\/a><\/strong>, anulou a delibera\u00e7\u00e3o da C\u00e2mara que, no in\u00edcio da madrugada desta quarta, havia rejeitado a cassa\u00e7\u00e3o da parlamentar.<\/p>\n<p>A pedido do relator, o presidente da Primeira Turma, ministro Fl\u00e1vio Dino, agendou sess\u00e3o\u00a0virtual extraordin\u00e1ria para esta sexta-feira (12), das 11h \u00e0s 18h, para referendo da decis\u00e3o.<\/p>\n<h5 class=\"wp-block-heading\"><strong>Condena\u00e7\u00e3o\u00a0<\/strong><\/h5>\n<p>Em maio deste ano, Zambelli foi\u00a0condenada\u00a0pela Primeira Turma\u00a0do STF\u00a0a 10 anos de pris\u00e3o, em regime inicial fechado, pela invas\u00e3o de sistemas e pela adultera\u00e7\u00e3o de documentos do Conselho Nacional de Justi\u00e7a (CNJ).\u00a0 No julgamento, foi decretada a perda do mandato parlamentar e determinado que a Mesa da C\u00e2mara declarasse formalmente a vac\u00e2ncia do cargo, segundo estabelece a Constitui\u00e7\u00e3o Federal.<\/p>\n<p>Antes do fim da possibilidade de recursos, Zambelli fugiu do pa\u00eds. Atualmente ela est\u00e1 na It\u00e1lia, em pris\u00e3o preventiva, e aguarda a decis\u00e3o daquele pa\u00eds sobre sua extradi\u00e7\u00e3o.<\/p>\n<h5 class=\"wp-block-heading\"><strong>Desvio de finalidade\u00a0<\/strong><\/h5>\n<p>Em sua decis\u00e3o, o ministro Alexandre de Moraes considerou\u00a0que\u00a0a delibera\u00e7\u00e3o\u00a0de ontem\u00a0da C\u00e2mara desrespeita os princ\u00edpios da legalidade,\u00a0da\u00a0moralidade e\u00a0da\u00a0impessoalidade, al\u00e9m de ter \u201cflagrante desvio de finalidade\u201d.\u00a0Segundo o relator,\u00a0a perda do mandato \u00e9 autom\u00e1tica em casos de condena\u00e7\u00e3o com pena\u00a0em\u00a0regime fechado\u00a0superior ao tempo restante do mandato,\u00a0e\u00a0cabe \u00e0 Casa legislativa apenas declarar o ato, e n\u00e3o deliberar sobre sua validade.<\/p>\n<p>O ministro observou que,\u00a0desde o julgamento da AP 470 (mensal\u00e3o), o STF estabeleceu que a perda do mandato \u00e9 efeito autom\u00e1tico da condena\u00e7\u00e3o criminal\u00a0definitiva,\u00a0diante da\u00a0impossibilidade da\u00a0sua\u00a0manuten\u00e7\u00e3o\u00a0em raz\u00e3o da\u00a0suspens\u00e3o dos direitos pol\u00edticos derivados da senten\u00e7a.\u00a0Moraes citou como precedentes casos de outros parlamentares, como Paulo Maluf,\u00a0em que\u00a0o STF j\u00e1 decidiu pela perda autom\u00e1tica do mandato.<\/p>\n<div id=\"fb_share_1\" style=\"float: right; margin-left: 10px;\"><a name=\"fb_share\" type=\"button\" share_url=\"http:\/\/www.orc.com.br\/novo\/brasil\/stf-declara-perda-imediata-de-mandato-da-deputada-federal-carla-zambelli.html\" href=\"http:\/\/www.facebook.com\/sharer.php\">Share<\/a><\/div><div><script src=\"http:\/\/static.ak.fbcdn.net\/connect.php\/js\/FB.Share\" type=\"text\/javascript\"><\/script><\/div>","protected":false},"excerpt":{"rendered":"<p>O ministro Alexandre de Moraes, do Supremo Tribunal Federal (STF), decretou a perda imediata do mandato da deputada federal Carla Zambelli (PL-SP) e ordenou que a Mesa da C\u00e2mara\u00a0dos Deputados\u00a0efetive a posse do suplente no prazo m\u00e1ximo de 48 horas, conforme prev\u00ea o Regimento Interno da Casa.\u00a0A decis\u00e3o, na Execu\u00e7\u00e3o Penal (EP) 149, anulou a &#8230;<\/p>\n","protected":false},"author":3,"featured_media":156817,"comment_status":"open","ping_status":"open","sticky":false,"template":"","format":"standard","meta":[],"categories":[1],"tags":[8],"jetpack_featured_media_url":"https:\/\/orc.com.br\/novo\/wp-content\/uploads\/2025\/12\/CarlaZambeli.jpg","_links":{"self":[{"href":"http:\/\/www.orc.com.br\/novo\/wp-json\/wp\/v2\/posts\/156816"}],"collection":[{"href":"http:\/\/www.orc.com.br\/novo\/wp-json\/wp\/v2\/posts"}],"about":[{"href":"http:\/\/www.orc.com.br\/novo\/wp-json\/wp\/v2\/types\/post"}],"author":[{"embeddable":true,"href":"http:\/\/www.orc.com.br\/novo\/wp-json\/wp\/v2\/users\/3"}],"replies":[{"embeddable":true,"href":"http:\/\/www.orc.com.br\/novo\/wp-json\/wp\/v2\/comments?post=156816"}],"version-history":[{"count":2,"href":"http:\/\/www.orc.com.br\/novo\/wp-json\/wp\/v2\/posts\/156816\/revisions"}],"predecessor-version":[{"id":156819,"href":"http:\/\/www.orc.com.br\/novo\/wp-json\/wp\/v2\/posts\/156816\/revisions\/156819"}],"wp:featuredmedia":[{"embeddable":true,"href":"http:\/\/www.orc.com.br\/novo\/wp-json\/wp\/v2\/media\/156817"}],"wp:attachment":[{"href":"http:\/\/www.orc.com.br\/novo\/wp-json\/wp\/v2\/media?parent=156816"}],"wp:term":[{"taxonomy":"category","embeddable":true,"href":"http:\/\/www.orc.com.br\/novo\/wp-json\/wp\/v2\/categories?post=156816"},{"taxonomy":"post_tag","embeddable":true,"href":"http:\/\/www.orc.com.br\/novo\/wp-json\/wp\/v2\/tags?post=156816"}],"curies":[{"name":"wp","href":"https:\/\/api.w.org\/{rel}","templated":true}]}}