{"id":156820,"date":"2025-12-12T11:52:05","date_gmt":"2025-12-12T14:52:05","guid":{"rendered":"https:\/\/www.orc.com.br\/novo\/?p=156820"},"modified":"2025-12-12T11:52:05","modified_gmt":"2025-12-12T14:52:05","slug":"lancado-em-orlandia-instituto-joao-pardal","status":"publish","type":"post","link":"http:\/\/www.orc.com.br\/novo\/brasil\/lancado-em-orlandia-instituto-joao-pardal.html","title":{"rendered":"Lan\u00e7ado em Orl\u00e2ndia Instituto Jo\u00e3o Pardal"},"content":{"rendered":"<p>Instituto Jo\u00e3o Pardall \u00e9 lan\u00e7ado em Orl\u00e2ndia e re\u00fane autoridades, fam\u00edlias e crian\u00e7as em evento emocionante na AABB Foi lan\u00e7ado oficialmente ontem, no Clube da AABB de Orl\u00e2ndia, o Instituto Jo\u00e3o Pardall, projeto social idealizado pelo vereador Jo\u00e3o Pardall com o objetivo de transformar a vida de crian\u00e7as por meio do esporte. O evento marcou a apresenta\u00e7\u00e3o p\u00fablica do Instituto e reuniu autoridades municipais, al\u00e9m de pais, familiares e crian\u00e7as que j\u00e1 demonstram interesse e despertam o desejo de participar do projeto. A expectativa \u00e9 que o Instituto acolha gratuitamente mais de 300 crian\u00e7as, oferecendo forma\u00e7\u00e3o esportiva por meio do futsal de sal\u00e3o, aliando disciplina, respeito, conviv\u00eancia e desenvolvimento social. A iniciativa foi amplamente prestigiada pela comunidade, que compareceu em peso para conhecer o projeto e celebrar esse novo momento para o esporte social em Orl\u00e2ndia. Al\u00e9m das autoridades presentes, o lan\u00e7amento contou com a participa\u00e7\u00e3o dos professores Ros\u00e2ngela, Aderaldo e F\u00e1bio Leite, que ser\u00e3o os professores respons\u00e1veis pelo projeto, conduzindo as atividades esportivas e acompanhando de perto o desenvolvimento das crian\u00e7as. Profissionais reconhecidos, eles ter\u00e3o papel fundamental na forma\u00e7\u00e3o esportiva e humana dos participantes. Durante seu discurso, visivelmente emocionado, o vereador Jo\u00e3o Pardall destacou a import\u00e2ncia do esporte em sua trajet\u00f3ria pessoal e o significado do Instituto para sua vida: \u201cHoje \u00e9 um daqueles momentos que a gente sente Deus cuidar de cada detalhe. Porque eu estou realizando o maior sonho da minha vida. O esporte me ensinou tudo. Me ensinou que cair \u00e9 normal, mas levantar \u00e9 essencial. Me ensinou que ningu\u00e9m vence sozinho. Me ensinou que respeito \u00e9 base, disciplina \u00e9 caminho e persist\u00eancia \u00e9 destino.\u201d Pardall refor\u00e7ou que o Instituto nasce com o prop\u00f3sito de oferecer oportunidades reais \u00e0s crian\u00e7as que mais precisam: \u201cEste Instituto representa aquilo que eu gostaria que muitas crian\u00e7as tivessem tido quando eu era pequeno. Representa oportunidade, cuidado e futuro. Eu olho para essas crian\u00e7as e vejo tanto potencial, tantos sonhos esperando apenas uma chance\u2026 e eu quero que esse lugar seja essa chance.\u201d Em um dos momentos mais marcantes da noite, o vereador fez um agradecimento especial \u00e0 fam\u00edlia, ressaltando a import\u00e2ncia do apoio recebido ao longo de sua caminhada: \u201cVoc\u00eas s\u00e3o minha base, meu alicerce, meu porto seguro. Tudo o que eu construo, tudo o que fa\u00e7o e tudo o que ainda farei \u00e9 por voc\u00eas e gra\u00e7as a voc\u00eas. Este Instituto tamb\u00e9m \u00e9 de voc\u00eas.\u201d Ao final, Jo\u00e3o Pardall destacou que o lan\u00e7amento do Instituto representa o in\u00edcio de um legado: \u201cHoje n\u00e3o \u00e9 o fim de uma ideia. Hoje \u00e9 o come\u00e7o de um legado. Que este Instituto transforme vidas e que cada crian\u00e7a que entrar aqui saiba que este \u00e9 um lugar de respeito, disciplina, acolhimento e amor. Eu acredito em voc\u00eas.\u201d O Instituto Jo\u00e3o Pardall inicia agora sua fase de organiza\u00e7\u00e3o e estrutura\u00e7\u00e3o das atividades e se consolida como uma importante iniciativa social do munic\u00edpio, refor\u00e7ando o papel do esporte como ferramenta de inclus\u00e3o, forma\u00e7\u00e3o cidad\u00e3 e transforma\u00e7\u00e3o de realidades.<\/p>\n<div id=\"fb_share_1\" style=\"float: right; margin-left: 10px;\"><a name=\"fb_share\" type=\"button\" share_url=\"http:\/\/www.orc.com.br\/novo\/brasil\/lancado-em-orlandia-instituto-joao-pardal.html\" href=\"http:\/\/www.facebook.com\/sharer.php\">Share<\/a><\/div><div><script src=\"http:\/\/static.ak.fbcdn.net\/connect.php\/js\/FB.Share\" type=\"text\/javascript\"><\/script><\/div>","protected":false},"excerpt":{"rendered":"<p>Instituto Jo\u00e3o Pardall \u00e9 lan\u00e7ado em Orl\u00e2ndia e re\u00fane autoridades, fam\u00edlias e crian\u00e7as em evento emocionante na AABB Foi lan\u00e7ado oficialmente ontem, no Clube da AABB de Orl\u00e2ndia, o Instituto Jo\u00e3o Pardall, projeto social idealizado pelo vereador Jo\u00e3o Pardall com o objetivo de transformar a vida de crian\u00e7as por meio do esporte. O evento marcou &#8230;<\/p>\n","protected":false},"author":3,"featured_media":156821,"comment_status":"open","ping_status":"open","sticky":false,"template":"","format":"standard","meta":[],"categories":[1],"tags":[8],"jetpack_featured_media_url":"https:\/\/orc.com.br\/novo\/wp-content\/uploads\/2025\/12\/JoaoPardal8.jpg","_links":{"self":[{"href":"http:\/\/www.orc.com.br\/novo\/wp-json\/wp\/v2\/posts\/156820"}],"collection":[{"href":"http:\/\/www.orc.com.br\/novo\/wp-json\/wp\/v2\/posts"}],"about":[{"href":"http:\/\/www.orc.com.br\/novo\/wp-json\/wp\/v2\/types\/post"}],"author":[{"embeddable":true,"href":"http:\/\/www.orc.com.br\/novo\/wp-json\/wp\/v2\/users\/3"}],"replies":[{"embeddable":true,"href":"http:\/\/www.orc.com.br\/novo\/wp-json\/wp\/v2\/comments?post=156820"}],"version-history":[{"count":1,"href":"http:\/\/www.orc.com.br\/novo\/wp-json\/wp\/v2\/posts\/156820\/revisions"}],"predecessor-version":[{"id":156822,"href":"http:\/\/www.orc.com.br\/novo\/wp-json\/wp\/v2\/posts\/156820\/revisions\/156822"}],"wp:featuredmedia":[{"embeddable":true,"href":"http:\/\/www.orc.com.br\/novo\/wp-json\/wp\/v2\/media\/156821"}],"wp:attachment":[{"href":"http:\/\/www.orc.com.br\/novo\/wp-json\/wp\/v2\/media?parent=156820"}],"wp:term":[{"taxonomy":"category","embeddable":true,"href":"http:\/\/www.orc.com.br\/novo\/wp-json\/wp\/v2\/categories?post=156820"},{"taxonomy":"post_tag","embeddable":true,"href":"http:\/\/www.orc.com.br\/novo\/wp-json\/wp\/v2\/tags?post=156820"}],"curies":[{"name":"wp","href":"https:\/\/api.w.org\/{rel}","templated":true}]}}