{"id":156823,"date":"2025-12-12T11:55:19","date_gmt":"2025-12-12T14:55:19","guid":{"rendered":"https:\/\/www.orc.com.br\/novo\/?p=156823"},"modified":"2025-12-12T11:55:19","modified_gmt":"2025-12-12T14:55:19","slug":"pf-faz-buscas-contra-ex-assessora-de-arthur-lira-na-camara-para-apurar-desvios-de-emendas","status":"publish","type":"post","link":"http:\/\/www.orc.com.br\/novo\/brasil\/pf-faz-buscas-contra-ex-assessora-de-arthur-lira-na-camara-para-apurar-desvios-de-emendas.html","title":{"rendered":"PF faz buscas contra ex-assessora de Arthur Lira na C\u00e2mara para apurar desvios de emendas"},"content":{"rendered":"<div class=\" ads-container\">\n<div class=\"styles__Container-sc-1v8tg5g-0 gQVAfk\">\n<div class=\"ads-placeholder-wrapper\">\n<div id=\"htopo-0\" class=\"styles__AdSlotStyled-sc-1l64tzh-0 eotsDo formato-htopo\" data-google-query-id=\"CMWGmNSmuJEDFZs4uQYdog84Ng\">\n<div id=\"google_ads_iframe_\/118650305\/politica\/noticia_0__container__\"><\/div>\n<\/div>\n<\/div>\n<\/div>\n<\/div>\n<div class=\"default__StyledWrapper-sc-1jubmr2-0 jYtVxt styled-wrapper   \">\n<div class=\"styles__Tag-sc-1kqcjew-0 styles__TagStyled-sc-1kqcjew-1 dEOAIa fmXPTg container\">\n<div class=\"styles__Tag-sc-1kqcjew-0 styles__TagStyled-sc-1kqcjew-1 dEOAIa fmXPTg row\">\n<div class=\"styles__Tag-sc-1kqcjew-0 styles__TagStyled-sc-1kqcjew-1 dEOAIa fmXPTg col-12\">\n<div class=\"styles__AuthorsNoticiaContainerStyled-sc-q2i3u1-0 didHkU authors-noticia\">\n<div class=\"container-content authors-noticia-content --length-3\">\n<div class=\"photos\">\n<div class=\"photo\"><img title=\"Aguirre Talento\" src=\"https:\/\/www.estadao.com.br\/resizer\/v2\/https%3A%2F%2Fauthor-service-images-prod-us-east-1.publishing.aws.arc.pub%2Festadao%2Fef1f37d8-29f4-4ab7-9015-d8301fc6cf30.png?quality=80&amp;auth=a8f5d2fe27769f2518c7281d934c9d9ef03da2df93fc38697e678af676a658d9&amp;width=60&amp;height=60&amp;smart=true\" alt=\"Foto do autor Aguirre Talento\" \/><\/div>\n<div class=\"photo\"><img title=\"Fausto Macedo\" src=\"https:\/\/www.estadao.com.br\/resizer\/v2\/https%3A%2F%2Fs3.amazonaws.com%2Farc-authors%2Festadao%2F5ed199c8-c04f-4fc6-8552-c683d3de1f4e.jpg?quality=80&amp;auth=101c8f4321c65e88846698522851b00db603142173cb7e7d917d5e360e889adc&amp;width=60&amp;height=60&amp;smart=true\" alt=\"Foto do autor Fausto Macedo\" \/><\/div>\n<div class=\"photo\"><img title=\"Rayssa Motta\" src=\"https:\/\/www.estadao.com.br\/resizer\/v2\/https%3A%2F%2Fs3.amazonaws.com%2Farc-authors%2Festadao%2F58939462-9946-484b-9048-9a1378ea952b.jpg?quality=80&amp;auth=43d59037abd1bdda47be657d2a02f2e3472c7253455fb2da2d551d3d359738f8&amp;width=60&amp;height=60&amp;smart=true\" alt=\"Foto do autor Rayssa Motta\" \/><\/div>\n<\/div>\n<div class=\"informs\">\n<div class=\"names\">Por <a title=\"Ir para p\u00e1gina do autor\" href=\"https:\/\/www.estadao.com.br\/autores\/aguirre-talento\/\" data-component-name=\"pagina-autor\">Aguirre Talento<\/a>, <a title=\"Ir para p\u00e1gina do autor\" href=\"https:\/\/www.estadao.com.br\/autores\/fausto-macedo\/\" data-component-name=\"pagina-autor\">Fausto Macedo<\/a> e <a title=\"Ir para p\u00e1gina do autor\" href=\"https:\/\/www.estadao.com.br\/autores\/rayssa-motta\/\" data-component-name=\"pagina-autor\">Rayssa Motta<\/a><\/div>\n<div>Estad\u00e3o<\/div>\n<\/div>\n<div>A <a title=\"https:\/\/www.estadao.com.br\/tudo-sobre\/policia-federal\/\" href=\"https:\/\/www.estadao.com.br\/tudo-sobre\/policia-federal\/\" target=\"_blank\" rel=\"noopener\"><strong>Pol\u00edcia Federal <\/strong><\/a>cumpre mandados de busca e apreens\u00e3o nesta sexta-feira, 12, contra uma assessora do ex-presidente da C\u00e2mara dos Deputados <a title=\"https:\/\/www.estadao.com.br\/tudo-sobre\/artur-lira\/\" href=\"https:\/\/www.estadao.com.br\/tudo-sobre\/artur-lira\/\" target=\"_blank\" rel=\"noopener\"><strong>Arthur Lira<\/strong><\/a> (PP-AL) para investigar suspeitas de desvios de recursos por meio de emendas parlamentares.<\/div>\n<div>\n<div class=\"paragraph\">\n<p>O alvo da opera\u00e7\u00e3o \u00e9 Mari\u00e2ngela Fialek, considerada bra\u00e7o-direito de Lira para a viabiliza\u00e7\u00e3o de emendas parlamentares. Ela foi assessora t\u00e9cnica da Presid\u00eancia da C\u00e2mara durante a gest\u00e3o de Lira. Atualmente, de acordo com o portal da C\u00e2mara dos Deputados, ela \u00e9 lotada na lideran\u00e7a do PP.<\/p>\n<p>O deputado foi procurado para comentar a opera\u00e7\u00e3o. O <strong>Estad\u00e3o<\/strong> busca contato com a assessora.<\/p>\n<p>A Opera\u00e7\u00e3o Transpar\u00eancia foi autorizada pelo ministro <a title=\"https:\/\/www.estadao.com.br\/tudo-sobre\/flavio-dino\/?srsltid=AfmBOoogSmeNQ9qPsuc5MCS2Y5b21pHT_V497u6Pc6BcMJyGcdIMaZG1\" href=\"https:\/\/www.estadao.com.br\/tudo-sobre\/flavio-dino\/?srsltid=AfmBOoogSmeNQ9qPsuc5MCS2Y5b21pHT_V497u6Pc6BcMJyGcdIMaZG1\" target=\"_blank\" rel=\"noopener\"><strong>Fl\u00e1vio Dino<\/strong><\/a>, do Supremo Tribunal Federal (STF), a pedido da PF. A Procuradoria-Geral da Rep\u00fablica (PGR) foi consultada e concordou com as buscas.<\/p>\n<p>A investiga\u00e7\u00e3o teve in\u00edcio a partir de um depoimento prestado pelo deputado Glauber Braga (PSOL-RJ), que acusou Lira de manipular o or\u00e7amento secreto, <a title=\"https:\/\/www.estadao.com.br\/150-anos\/150-momentos\/fio-da-meada-das-emendas-no-congresso-foi-puxado-por-serie-de-reportagens-do-estadao\/?srsltid=AfmBOopKNTKlrXnazVMB5Ixv6lB14vYmsro4Ka9PlKhYsaaYYr4ppHYM\" href=\"https:\/\/www.estadao.com.br\/150-anos\/150-momentos\/fio-da-meada-das-emendas-no-congresso-foi-puxado-por-serie-de-reportagens-do-estadao\/?srsltid=AfmBOopKNTKlrXnazVMB5Ixv6lB14vYmsro4Ka9PlKhYsaaYYr4ppHYM\" target=\"_blank\" rel=\"noopener\"><strong>esquema revelado pelo Estad\u00e3o<\/strong><\/a>. O deputado Jos\u00e9 Rocha (Uni\u00e3o-BA), ex-presidente da Comiss\u00e3o de Integra\u00e7\u00e3o Nacional e Desenvolvimento Regional, tamb\u00e9m foi ouvido pela Pol\u00edcia Federal.<\/p>\n<\/div>\n<\/div>\n<div><\/div>\n<\/div>\n<\/div>\n<\/div>\n<\/div>\n<\/div>\n<\/div>\n<div id=\"fb_share_1\" style=\"float: right; margin-left: 10px;\"><a name=\"fb_share\" type=\"button\" share_url=\"http:\/\/www.orc.com.br\/novo\/brasil\/pf-faz-buscas-contra-ex-assessora-de-arthur-lira-na-camara-para-apurar-desvios-de-emendas.html\" href=\"http:\/\/www.facebook.com\/sharer.php\">Share<\/a><\/div><div><script src=\"http:\/\/static.ak.fbcdn.net\/connect.php\/js\/FB.Share\" type=\"text\/javascript\"><\/script><\/div>","protected":false},"excerpt":{"rendered":"<p>Por Aguirre Talento, Fausto Macedo e Rayssa Motta Estad\u00e3o A Pol\u00edcia Federal cumpre mandados de busca e apreens\u00e3o nesta sexta-feira, 12, contra uma assessora do ex-presidente da C\u00e2mara dos Deputados Arthur Lira (PP-AL) para investigar suspeitas de desvios de recursos por meio de emendas parlamentares. O alvo da opera\u00e7\u00e3o \u00e9 Mari\u00e2ngela Fialek, considerada bra\u00e7o-direito de &#8230;<\/p>\n","protected":false},"author":3,"featured_media":156824,"comment_status":"open","ping_status":"open","sticky":false,"template":"","format":"standard","meta":[],"categories":[1],"tags":[8],"jetpack_featured_media_url":"https:\/\/orc.com.br\/novo\/wp-content\/uploads\/2025\/12\/ArturLira1.jpg","_links":{"self":[{"href":"http:\/\/www.orc.com.br\/novo\/wp-json\/wp\/v2\/posts\/156823"}],"collection":[{"href":"http:\/\/www.orc.com.br\/novo\/wp-json\/wp\/v2\/posts"}],"about":[{"href":"http:\/\/www.orc.com.br\/novo\/wp-json\/wp\/v2\/types\/post"}],"author":[{"embeddable":true,"href":"http:\/\/www.orc.com.br\/novo\/wp-json\/wp\/v2\/users\/3"}],"replies":[{"embeddable":true,"href":"http:\/\/www.orc.com.br\/novo\/wp-json\/wp\/v2\/comments?post=156823"}],"version-history":[{"count":2,"href":"http:\/\/www.orc.com.br\/novo\/wp-json\/wp\/v2\/posts\/156823\/revisions"}],"predecessor-version":[{"id":156826,"href":"http:\/\/www.orc.com.br\/novo\/wp-json\/wp\/v2\/posts\/156823\/revisions\/156826"}],"wp:featuredmedia":[{"embeddable":true,"href":"http:\/\/www.orc.com.br\/novo\/wp-json\/wp\/v2\/media\/156824"}],"wp:attachment":[{"href":"http:\/\/www.orc.com.br\/novo\/wp-json\/wp\/v2\/media?parent=156823"}],"wp:term":[{"taxonomy":"category","embeddable":true,"href":"http:\/\/www.orc.com.br\/novo\/wp-json\/wp\/v2\/categories?post=156823"},{"taxonomy":"post_tag","embeddable":true,"href":"http:\/\/www.orc.com.br\/novo\/wp-json\/wp\/v2\/tags?post=156823"}],"curies":[{"name":"wp","href":"https:\/\/api.w.org\/{rel}","templated":true}]}}