{"id":156827,"date":"2025-12-12T12:03:00","date_gmt":"2025-12-12T15:03:00","guid":{"rendered":"https:\/\/www.orc.com.br\/novo\/?p=156827"},"modified":"2025-12-12T12:03:00","modified_gmt":"2025-12-12T15:03:00","slug":"camara-votou-e-aprovou-ajuda-a-beira-mar-marcola-e-andre-do-rap-para-salvar-bolsonaro-e-generais","status":"publish","type":"post","link":"http:\/\/www.orc.com.br\/novo\/brasil\/camara-votou-e-aprovou-ajuda-a-beira-mar-marcola-e-andre-do-rap-para-salvar-bolsonaro-e-generais.html","title":{"rendered":"C\u00e2mara votou e aprovou ajuda a Beira-Mar, Marcola e Andr\u00e9 do Rap para salvar Bolsonaro e generais"},"content":{"rendered":"<h1><\/h1>\n<h2>Projeto da chamada dosimetria estabelece regime carcer\u00e1rio mais brando do que o aprovado pelos deputados e senadores na Lei Antifac\u00e7\u00e3o para chefes de mil\u00edcia e de organiza\u00e7\u00f5es criminosas e autores de crimes hediondos e feminicidas<\/h2>\n<p>Por <a href=\"https:\/\/www.estadao.com.br\/autores\/marcelo-godoy\/\" data-component-name=\"pagina-autor\">Marcelo Godoy<\/a><\/p>\n<p>Um dos \u00fanicos pontos incontroversos da <a href=\"https:\/\/www.estadao.com.br\/politica\/senado-aprova-projeto-de-lei-antifaccao\/\">Lei Antifac\u00e7\u00e3o que o Senado votou na ter\u00e7a-feira e aprovou sem alterar o que fora enviado pela C\u00e2mara dos Deputados<\/a> foi modificado pelos pr\u00f3prios deputados durante a <a href=\"https:\/\/www.estadao.com.br\/politica\/camara-aprova-projeto-que-reduz-penas-dos-condenados-pelo-8-de-janeiro-e-pode-beneficiar-bolsonaro\/?srsltid=AfmBOop1TpUpeZrSyoQBXXJkuOXBJrXnoe7WLI58DW7b2Yd45EqseIbK\">vota\u00e7\u00e3o do projeto da chamada dosimetria<\/a>. Para favorecer Jair Bolsonaro e os oficiais generais condenados pela tentativa de golpe, ap\u00f3s a elei\u00e7\u00e3o de 2022, os parlamentares reverteram as modifica\u00e7\u00f5es da Lei de Execu\u00e7\u00f5es Penais, derrubando de um ter\u00e7o a quase pela metade o tempo de perman\u00eancia na cadeia dos chefes do crime organizado no Pa\u00eds.<\/p>\n<p data-component-name=\"paragraph\">Caso seja aprovado como est\u00e1 pelos senadores e ap\u00f3s a PL Antifac\u00e7\u00e3o, o projeto da dosimetria, que visava aliviar a cadeia de Bolsonaro, vai dar um presente de Natal para bandidos como Marco Willians Herbas Camacho, o <a href=\"https:\/\/www.estadao.com.br\/tudo-sobre\/marcola\/\">Marcola<\/a>, Luiz Fernando da Costa, o <a href=\"https:\/\/www.estadao.com.br\/tudo-sobre\/fernandinho-beira-mar\/\">Fernandinho Beira-Mar<\/a>, e Andr\u00e9 de Oliveira Macedo, o <a href=\"https:\/\/www.estadao.com.br\/tudo-sobre\/andre-do-rap\/\">Andr\u00e9 do Rap<\/a>. Isso porque ele reduz o tempo que esse tipo de criminoso deve permanecer na cadeia, em regime fechado, antes de passar para o regime semiaberto, em rela\u00e7\u00e3o ao que o pr\u00f3prio Senado aprovara no projeto antifac\u00e7\u00e3o, noite de ter\u00e7a-feira \u00e0 noite, horas antes da C\u00e2mara votar a dosimetria.<\/p>\n<p>O presente para o crime organizado est\u00e1 ali, logo no come\u00e7o do texto votado pelos deputados, inclusive por representantes como Guilherme Derrite (PP-SP), que semanas antes se orgulhava de ter aprovado, no PL Antifac\u00e7\u00e3o, regras dur\u00edssimas para esses bandidos. A dosimetria altera de novo o artigo 112 da Lei 7.210 de 1984, a Lei de Execu\u00e7\u00f5es Penais (LEP), estabelecendo incisos de I a X. Logo no caput do artigo, ele diz que a progress\u00e3o para o semiaberto ser\u00e1 com um sexto do cumprimento da pena, para em seguida, nos incisos, estabelecer as exce\u00e7\u00f5es.<\/p>\n<p>\u00c9 aqui que tudo desanda. O relator Paulinho da For\u00e7a (Solidariedade-SP) jurava desejar apenas pacificar o Pa\u00eds. Mas l\u00e1 foi ele mexer na lei sem comparar com o que a pr\u00f3pria C\u00e2mara havia aprovado semanas antes ou o que o Senado votara horas antes. Foi seguido por todos os bolsonaristas. Logo no primeiro inciso, o projeto da dosimetria estabelece em 25% o tempo de cadeia fechada para se obter o semiaberto para quem comete crime com grave amea\u00e7a ou viol\u00eancia, desde que contra a vida e contra o patrim\u00f4nio.<\/p>\n<p>&nbsp;<\/p>\n<div id=\"fb_share_1\" style=\"float: right; margin-left: 10px;\"><a name=\"fb_share\" type=\"button\" share_url=\"http:\/\/www.orc.com.br\/novo\/brasil\/camara-votou-e-aprovou-ajuda-a-beira-mar-marcola-e-andre-do-rap-para-salvar-bolsonaro-e-generais.html\" href=\"http:\/\/www.facebook.com\/sharer.php\">Share<\/a><\/div><div><script src=\"http:\/\/static.ak.fbcdn.net\/connect.php\/js\/FB.Share\" type=\"text\/javascript\"><\/script><\/div>","protected":false},"excerpt":{"rendered":"<p>Projeto da chamada dosimetria estabelece regime carcer\u00e1rio mais brando do que o aprovado pelos deputados e senadores na Lei Antifac\u00e7\u00e3o para chefes de mil\u00edcia e de organiza\u00e7\u00f5es criminosas e autores de crimes hediondos e feminicidas Por Marcelo Godoy Um dos \u00fanicos pontos incontroversos da Lei Antifac\u00e7\u00e3o que o Senado votou na ter\u00e7a-feira e aprovou sem &#8230;<\/p>\n","protected":false},"author":3,"featured_media":156828,"comment_status":"open","ping_status":"open","sticky":false,"template":"","format":"standard","meta":[],"categories":[1],"tags":[8],"jetpack_featured_media_url":"https:\/\/orc.com.br\/novo\/wp-content\/uploads\/2025\/12\/SenadoFederal.jpg","_links":{"self":[{"href":"http:\/\/www.orc.com.br\/novo\/wp-json\/wp\/v2\/posts\/156827"}],"collection":[{"href":"http:\/\/www.orc.com.br\/novo\/wp-json\/wp\/v2\/posts"}],"about":[{"href":"http:\/\/www.orc.com.br\/novo\/wp-json\/wp\/v2\/types\/post"}],"author":[{"embeddable":true,"href":"http:\/\/www.orc.com.br\/novo\/wp-json\/wp\/v2\/users\/3"}],"replies":[{"embeddable":true,"href":"http:\/\/www.orc.com.br\/novo\/wp-json\/wp\/v2\/comments?post=156827"}],"version-history":[{"count":1,"href":"http:\/\/www.orc.com.br\/novo\/wp-json\/wp\/v2\/posts\/156827\/revisions"}],"predecessor-version":[{"id":156829,"href":"http:\/\/www.orc.com.br\/novo\/wp-json\/wp\/v2\/posts\/156827\/revisions\/156829"}],"wp:featuredmedia":[{"embeddable":true,"href":"http:\/\/www.orc.com.br\/novo\/wp-json\/wp\/v2\/media\/156828"}],"wp:attachment":[{"href":"http:\/\/www.orc.com.br\/novo\/wp-json\/wp\/v2\/media?parent=156827"}],"wp:term":[{"taxonomy":"category","embeddable":true,"href":"http:\/\/www.orc.com.br\/novo\/wp-json\/wp\/v2\/categories?post=156827"},{"taxonomy":"post_tag","embeddable":true,"href":"http:\/\/www.orc.com.br\/novo\/wp-json\/wp\/v2\/tags?post=156827"}],"curies":[{"name":"wp","href":"https:\/\/api.w.org\/{rel}","templated":true}]}}