{"id":156830,"date":"2025-12-13T06:32:29","date_gmt":"2025-12-13T09:32:29","guid":{"rendered":"https:\/\/www.orc.com.br\/novo\/?p=156830"},"modified":"2025-12-13T06:32:29","modified_gmt":"2025-12-13T09:32:29","slug":"hoje-dia-13-de-dezembro-tem-cavalgada-da-sho-sociedade-hipica-orlandia","status":"publish","type":"post","link":"http:\/\/www.orc.com.br\/novo\/brasil\/hoje-dia-13-de-dezembro-tem-cavalgada-da-sho-sociedade-hipica-orlandia.html","title":{"rendered":"Hoje dia \u00a013 de dezembro tem cavalgada da SHO \u2013 Sociedade H\u00edpica Orl\u00e2ndia"},"content":{"rendered":"<p><strong>Hoje dia \u00a013 de dezembro tem cavalgada da SHO \u2013 Sociedade H\u00edpica Orl\u00e2ndia<\/strong><\/p>\n<p>Este ano, a\u00a0 tradicional cavalgada da SHO ser\u00e1 denominada<\/p>\n<p>\u201cFadas a Galope\u201d<\/p>\n<p>Recebe esta denomina\u00e7\u00e3o porque\u00a0 este ano ter\u00e1 a participa\u00e7\u00e3o na organiza\u00e7\u00e3o de Liliane Barros do projeto Fadas Madrinhas, que auxilia adolecentes em tratamento no hospital do Amor em Barretos.<\/p>\n<p>O evento tem saida de fazenda da regi\u00e3o com chegada no clube com almo\u00e7o de confraterniza\u00e7\u00e3o<\/p>\n<p>Haver\u00e1 a queima do alho comandada por Jo\u00e3o Paulo Martins dos Independentes de Barretos<\/p>\n<p>Haver\u00e1 Show com clube Chap\u00e9us e Viola<\/p>\n<p>Ingressos a R$ 150,00<\/p>\n<p>Renda revertida a adolescentes em tratamento\u00a0 do hospital<\/p>\n<p>&nbsp;<\/p>\n<p><strong>\u00a0<\/strong><\/p>\n<div id=\"fb_share_1\" style=\"float: right; margin-left: 10px;\"><a name=\"fb_share\" type=\"button\" share_url=\"http:\/\/www.orc.com.br\/novo\/brasil\/hoje-dia-13-de-dezembro-tem-cavalgada-da-sho-sociedade-hipica-orlandia.html\" href=\"http:\/\/www.facebook.com\/sharer.php\">Share<\/a><\/div><div><script src=\"http:\/\/static.ak.fbcdn.net\/connect.php\/js\/FB.Share\" type=\"text\/javascript\"><\/script><\/div>","protected":false},"excerpt":{"rendered":"<p>Hoje dia \u00a013 de dezembro tem cavalgada da SHO \u2013 Sociedade H\u00edpica Orl\u00e2ndia Este ano, a\u00a0 tradicional cavalgada da SHO ser\u00e1 denominada \u201cFadas a Galope\u201d Recebe esta denomina\u00e7\u00e3o porque\u00a0 este ano ter\u00e1 a participa\u00e7\u00e3o na organiza\u00e7\u00e3o de Liliane Barros do projeto Fadas Madrinhas, que auxilia adolecentes em tratamento no hospital do Amor em Barretos. O &#8230;<\/p>\n","protected":false},"author":3,"featured_media":156832,"comment_status":"open","ping_status":"open","sticky":false,"template":"","format":"standard","meta":[],"categories":[1],"tags":[8],"jetpack_featured_media_url":"https:\/\/orc.com.br\/novo\/wp-content\/uploads\/2025\/12\/Cavalos2.webp","_links":{"self":[{"href":"http:\/\/www.orc.com.br\/novo\/wp-json\/wp\/v2\/posts\/156830"}],"collection":[{"href":"http:\/\/www.orc.com.br\/novo\/wp-json\/wp\/v2\/posts"}],"about":[{"href":"http:\/\/www.orc.com.br\/novo\/wp-json\/wp\/v2\/types\/post"}],"author":[{"embeddable":true,"href":"http:\/\/www.orc.com.br\/novo\/wp-json\/wp\/v2\/users\/3"}],"replies":[{"embeddable":true,"href":"http:\/\/www.orc.com.br\/novo\/wp-json\/wp\/v2\/comments?post=156830"}],"version-history":[{"count":1,"href":"http:\/\/www.orc.com.br\/novo\/wp-json\/wp\/v2\/posts\/156830\/revisions"}],"predecessor-version":[{"id":156833,"href":"http:\/\/www.orc.com.br\/novo\/wp-json\/wp\/v2\/posts\/156830\/revisions\/156833"}],"wp:featuredmedia":[{"embeddable":true,"href":"http:\/\/www.orc.com.br\/novo\/wp-json\/wp\/v2\/media\/156832"}],"wp:attachment":[{"href":"http:\/\/www.orc.com.br\/novo\/wp-json\/wp\/v2\/media?parent=156830"}],"wp:term":[{"taxonomy":"category","embeddable":true,"href":"http:\/\/www.orc.com.br\/novo\/wp-json\/wp\/v2\/categories?post=156830"},{"taxonomy":"post_tag","embeddable":true,"href":"http:\/\/www.orc.com.br\/novo\/wp-json\/wp\/v2\/tags?post=156830"}],"curies":[{"name":"wp","href":"https:\/\/api.w.org\/{rel}","templated":true}]}}