{"id":156834,"date":"2025-12-13T07:12:43","date_gmt":"2025-12-13T10:12:43","guid":{"rendered":"https:\/\/www.orc.com.br\/novo\/?p=156834"},"modified":"2025-12-13T07:13:47","modified_gmt":"2025-12-13T10:13:47","slug":"trump-muda-radicalmente-de-estrategia-com-o-brasil-ao-tirar-moraes-da-lista-de-sancoes-da-magnitsky","status":"publish","type":"post","link":"http:\/\/www.orc.com.br\/novo\/internacional\/trump-muda-radicalmente-de-estrategia-com-o-brasil-ao-tirar-moraes-da-lista-de-sancoes-da-magnitsky.html","title":{"rendered":"Trump muda radicalmente de estrat\u00e9gia com o Brasil ao tirar Moraes da lista de san\u00e7\u00f5es da Magnitsky"},"content":{"rendered":"<div class=\"photos\">\n<div class=\"photo\"><img title=\"Lourival Sant'Anna\" src=\"https:\/\/www.estadao.com.br\/resizer\/v2\/https%3A%2F%2Fs3.amazonaws.com%2Farc-authors%2Festadao%2F5c3f8e2c-c9d3-4c4a-9954-1fde3ba505b6.png?quality=80&amp;auth=ffed82a77c49842f05061c87241343c548dbc9e6268935f4b9ebe8933c265712&amp;width=60&amp;height=60&amp;smart=true\" alt=\"Foto do autor Lourival Sant'Anna\" \/><\/div>\n<\/div>\n<div class=\"informs\">\n<div class=\"names\">Por <a title=\"Ir para p\u00e1gina do autor\" href=\"https:\/\/www.estadao.com.br\/autores\/lourival-santanna\/\" data-component-name=\"pagina-autor\">Lourival Sant&#8217;Anna<\/a>\\<\/div>\n<div>Estad\u00e3o<\/div>\n<\/div>\n<div>\n<p class=\"styles__ParagraphStyled-sc-6adecn-0 gsLklW \" data-component-name=\"paragraph\">A decis\u00e3o de retirar o ministro <a title=\"https:\/\/www.estadao.com.br\/tudo-sobre\/alexandre-de-moraes\/?srsltid=AfmBOorBGa3LpUAlxH8G_eoSW32D-tZR-m-CyHA2K_IYpEh1zOFGagn0\" href=\"https:\/\/www.estadao.com.br\/tudo-sobre\/alexandre-de-moraes\/?srsltid=AfmBOorBGa3LpUAlxH8G_eoSW32D-tZR-m-CyHA2K_IYpEh1zOFGagn0\" target=\"_blank\" rel=\"noopener noreferrer\"><strong>Alexandre de Moraes<\/strong><\/a> e sua mulher Viviane Barci da lista de sancionados pela <a title=\"https:\/\/www.estadao.com.br\/tudo-sobre\/lei-magnitsky\/?srsltid=AfmBOooSuyLxf_WjqaT5qD5TPwxpOSStZPg2RYQt3lij39n1THVGZbFz\" href=\"https:\/\/www.estadao.com.br\/tudo-sobre\/lei-magnitsky\/?srsltid=AfmBOooSuyLxf_WjqaT5qD5TPwxpOSStZPg2RYQt3lij39n1THVGZbFz\" target=\"_blank\" rel=\"noopener noreferrer\"><strong>Lei Magnitsky<\/strong><\/a> \u00e9 parte da mudan\u00e7a radical na estrat\u00e9gia de <a title=\"https:\/\/www.estadao.com.br\/tudo-sobre\/donald-trump\/?srsltid=AfmBOorTAgpGJGjdvQTQtboEvRMHjKz_qJG-Kh8J2YF8jRvG3JViROxW\" href=\"https:\/\/www.estadao.com.br\/tudo-sobre\/donald-trump\/?srsltid=AfmBOorTAgpGJGjdvQTQtboEvRMHjKz_qJG-Kh8J2YF8jRvG3JViROxW\" target=\"_blank\" rel=\"noopener noreferrer\"><strong>Donald Trump<\/strong><\/a> para o Brasil. A aprova\u00e7\u00e3o do projeto de lei que reduz as penas para os acusados de tentativa de golpe, incluindo Jair Bolsonaro, explica o timing do an\u00fancio mas n\u00e3o a decis\u00e3o em si, que j\u00e1 estava tomada.<\/p>\n<div class=\"styles__MultiParagraphAdStyled-sc-1yb8ue6-0 dAAozZ\" data-component-name=\"multi-paragraph\">\n<div class=\"paragraph\">\n<p>At\u00e9 porque o projeto ainda pode ser vetado por <a title=\"https:\/\/www.estadao.com.br\/tudo-sobre\/lula-luiz-inacio-lula-da-silva\/?srsltid=AfmBOootVRz42l0NSo2rJs_GD6zPhKjlGnDSjBpxzG18Zbv-IJYxbGHr\" href=\"https:\/\/www.estadao.com.br\/tudo-sobre\/lula-luiz-inacio-lula-da-silva\/?srsltid=AfmBOootVRz42l0NSo2rJs_GD6zPhKjlGnDSjBpxzG18Zbv-IJYxbGHr\" target=\"_blank\" rel=\"noopener noreferrer\"><strong>Lula<\/strong><\/a>. Se o governo americano quisesse ir em outra dire\u00e7\u00e3o, poderia usar o esc\u00e2ndalo envolvendo a contrata\u00e7\u00e3o milion\u00e1ria de Viviane pelo <a title=\"https:\/\/www.estadao.com.br\/tudo-sobre\/banco-master\/?srsltid=AfmBOoonfIHddNTM72nsPptNLmxMRYP5aKs8tJlV-6xuDv9PqSy8-M_7\" href=\"https:\/\/www.estadao.com.br\/tudo-sobre\/banco-master\/?srsltid=AfmBOoonfIHddNTM72nsPptNLmxMRYP5aKs8tJlV-6xuDv9PqSy8-M_7\" target=\"_blank\" rel=\"noopener noreferrer\"><strong>banco Master<\/strong><\/a>, como pretexto at\u00e9 para adotar san\u00e7\u00f5es secund\u00e1rias contra bancos e empresas que prestam servi\u00e7os ao casal.<\/p>\n<p>Mas as decis\u00f5es de Trump, tanto de adotar quanto de <a title=\"https:\/\/www.estadao.com.br\/politica\/trump-retira-moraes-e-esposa-da-lista-de-sancionados-pela-lei-magnitsky\/?srsltid=AfmBOooFf0onc6X5qPTXJnBXxJo8o1Zj1YuVqTcxHrfb50nBgBAuoAs9\" href=\"https:\/\/www.estadao.com.br\/politica\/trump-retira-moraes-e-esposa-da-lista-de-sancionados-pela-lei-magnitsky\/?srsltid=AfmBOooFf0onc6X5qPTXJnBXxJo8o1Zj1YuVqTcxHrfb50nBgBAuoAs9\" target=\"_blank\" rel=\"noopener noreferrer\"><strong>abandonar as san\u00e7\u00f5es<\/strong><\/a>, est\u00e3o dissociadas do que se passa no Brasil e se restringem a c\u00e1lculos pol\u00edticos do presidente americano.<\/p>\n<p class=\"styles__ParagraphStyled-sc-6adecn-0 gsLklW \" data-component-name=\"paragraph\">A campanha contra o governo Lula e o STF e em favor de <a title=\"https:\/\/www.estadao.com.br\/tudo-sobre\/jair-bolsonaro\/?srsltid=AfmBOophWiVWTVAPo77j2B_0l7tjgmAKaYfUsRLIgdm84GI2IyNqu8SS\" href=\"https:\/\/www.estadao.com.br\/tudo-sobre\/jair-bolsonaro\/?srsltid=AfmBOophWiVWTVAPo77j2B_0l7tjgmAKaYfUsRLIgdm84GI2IyNqu8SS\" target=\"_blank\" rel=\"noopener noreferrer\"><strong>Bolsonaro <\/strong><\/a>foi desenhada e impulsionada pelo Departamento de Estado. De acordo com a minha apura\u00e7\u00e3o, o Departamento do Tesouro, a quem cabe aplicar as san\u00e7\u00f5es, tem resistido ao emprego da Lei Magnitsky contra o Brasil desde julho, pela dificuldade de provar que o pa\u00eds viola os direitos humanos, motivo de sua cria\u00e7\u00e3o.<\/p>\n<p class=\"styles__ParagraphStyled-sc-6adecn-0 gsLklW \" data-component-name=\"paragraph\">Em setembro, Trump constatou que a condena\u00e7\u00e3o de Bolsonaro era irrevers\u00edvel e as san\u00e7\u00f5es aumentaram a popularidade de Lula. A insist\u00eancia nessa estrat\u00e9gia levaria ao fracasso.<\/p>\n<div class=\" ads-container\">\n<div class=\"styles__Container-sc-1v8tg5g-0 iERvWa\">\n<div class=\"ads-placeholder-wrapper\">\n<div id=\"hmeio1-2\" class=\"styles__AdSlotStyled-sc-1l64tzh-0 eotsDo formato-hmeio1\" data-google-query-id=\"CIjIwsOpupEDFbxV3QIdkjwwNQ\">\n<div id=\"google_ads_iframe_\/118650305\/internacional\/noticia_2__container__\"><\/div>\n<\/div>\n<\/div>\n<\/div>\n<\/div>\n<p class=\"styles__ParagraphStyled-sc-6adecn-0 gsLklW \" data-component-name=\"paragraph\">Como ele diz, Trump n\u00e3o gosta de ficar do lado de \u201cperdedores\u201d, e reconstruiu a narrativa, identificando em Lula o l\u00edder que foi v\u00edtima de \u201cca\u00e7a \u00e0s bruxas\u201d da Justi\u00e7a e, como ele, \u201cdeu a volta por cima\u201d, voltando \u00e0 presid\u00eancia<\/p>\n<\/div>\n<div id=\"content\" class=\"styles__ContentWrapperContainerStyled-sc-1ehbu6v-0 iMMgpd content-wrapper -paywall-parent box\">\n<div class=\"styles__ContentWrapperContainerStyled-sc-1ehbu6v-0 iMMgpd content-wrapper news-body container content template-coluna already-sliced already-checked\" data-paywall-wrapper=\"true\">\n<p class=\"styles__ParagraphStyled-sc-6adecn-0 gsLklW \" data-component-name=\"paragraph\"><a title=\"https:\/\/www.estadao.com.br\/internacional\/trump-diz-ter-abracado-lula-mas-critica-perseguicao-politica-no-brasil\/?srsltid=AfmBOorS6IQd2LH5MdUriwBLHsKruPFpr1aTISOAcr32X_nGLP5a6Id4\" href=\"https:\/\/www.estadao.com.br\/internacional\/trump-diz-ter-abracado-lula-mas-critica-perseguicao-politica-no-brasil\/?srsltid=AfmBOorS6IQd2LH5MdUriwBLHsKruPFpr1aTISOAcr32X_nGLP5a6Id4\" target=\"_blank\" rel=\"noopener noreferrer\"><strong>Trump ent\u00e3o literalmente abra\u00e7ou Lula na ONU<\/strong><\/a>, dia 23 de setembro, e estabeleceu um canal de di\u00e1logo com o presidente brasileiro. No in\u00edcio de novembro, o alto custo de vida agravado pelas tarifas sobre carne, caf\u00e9, sucos de laranja e frutas, entre outros produtos brasileiros, contribuiu para derrotas eleitorais dos republicanos. E a Suprema Corte questionou o uso da lei de emerg\u00eancia econ\u00f4mica contra o Brasil.<\/p>\n<p class=\"styles__ParagraphStyled-sc-6adecn-0 gsLklW \" data-component-name=\"paragraph\">Esses fatos estimularam a aproxima\u00e7\u00e3o com o Brasil. <a title=\"https:\/\/www.estadao.com.br\/economia\/trump-anuncia-reducao-de-tarifas-sobre-alguns-produtos-brasileiros\/?srsltid=AfmBOorQwyPtJew1GZYCBjPd37-2ht3y1Hzi4zDT55Xi2hNuZ-GBeC81\" href=\"https:\/\/www.estadao.com.br\/economia\/trump-anuncia-reducao-de-tarifas-sobre-alguns-produtos-brasileiros\/?srsltid=AfmBOorQwyPtJew1GZYCBjPd37-2ht3y1Hzi4zDT55Xi2hNuZ-GBeC81\" target=\"_blank\" rel=\"noopener noreferrer\"><strong>Trump retirou as tarifas <\/strong><\/a>sobre esses produtos e segue um plano de distensionamento com o Brasil. Como escrevi na semana passada, a<a title=\"https:\/\/www.estadao.com.br\/internacional\/lourival-santanna\/lula-aliviou-pressoes-com-trump-ao-propor-parceria-no-combate-ao-crime-organizado\/\" href=\"https:\/\/www.estadao.com.br\/internacional\/lourival-santanna\/lula-aliviou-pressoes-com-trump-ao-propor-parceria-no-combate-ao-crime-organizado\/\" target=\"_blank\" rel=\"noopener noreferrer\"><strong> estrat\u00e9gia de Trump para a Venezuela est\u00e1 sob severo escrut\u00ednio<\/strong><\/a>. Distensionar com o Brasil \u00e9 uma forma de provar que as tens\u00f5es n\u00e3o s\u00e3o culpa de Trump, mas do regime venezuelano.<\/p>\n<p class=\"styles__ParagraphStyled-sc-6adecn-0 gsLklW \" data-component-name=\"paragraph\">As negocia\u00e7\u00f5es entre EUA e Brasil n\u00e3o come\u00e7aram ainda. E envolver\u00e3o temas dif\u00edceis, como a taxa\u00e7\u00e3o e regulamenta\u00e7\u00e3o das plataformas digitais e o protecionismo comercial brasileiro.<\/p>\n<\/div>\n<\/div>\n<div class=\"styles__ContentWrapperContainerStyled-sc-1ehbu6v-0 iMMgpd content-wrapper subfooter\">\n<div class=\"default__StyledWrapper-sc-1jubmr2-0 jYtVxt styled-wrapper \">\n<div class=\"styles__Tag-sc-1kqcjew-0 styles__TagStyled-sc-1kqcjew-1 dEOAIa fmXPTg\"><\/div>\n<\/div>\n<div class=\"default__StyledWrapper-sc-1jubmr2-0 jYtVxt styled-wrapper \">\n<div class=\"styles__Tag-sc-1kqcjew-0 styles__TagStyled-sc-1kqcjew-1 dEOAIa fmXPTg\">\n<div id=\"authors-shortbio\" class=\"styles__ShortbioNoticiaContainerStyled-sc-i8pmsf-0 jJoxOd authors-shortbio\">\n<div id=\"shortbio-lourival-santanna\" class=\"author-card\">\n<div class=\"container-image\"><img src=\"https:\/\/www.estadao.com.br\/resizer\/v2\/https%3A%2F%2Fs3.amazonaws.com%2Farc-authors%2Festadao%2F5c3f8e2c-c9d3-4c4a-9954-1fde3ba505b6.png?quality=80&amp;auth=ffed82a77c49842f05061c87241343c548dbc9e6268935f4b9ebe8933c265712&amp;width=66&amp;height=66&amp;smart=true\" alt=\"Foto do autor\" data-src=\"https:\/\/www.estadao.com.br\/resizer\/v2\/https%3A%2F%2Fs3.amazonaws.com%2Farc-authors%2Festadao%2F5c3f8e2c-c9d3-4c4a-9954-1fde3ba505b6.png?quality=80&amp;auth=ffed82a77c49842f05061c87241343c548dbc9e6268935f4b9ebe8933c265712&amp;width=66&amp;height=66&amp;smart=true\" \/><\/div>\n<div class=\"informs-author-container\">\n<p><b class=\"opiniao\">Opini\u00e3o<\/b> por Lourival Sant&#8217;Anna<\/p>\n<p class=\"description\">\u00c9 colunista do &#8216;Estad<\/p>\n<\/div>\n<\/div>\n<\/div>\n<\/div>\n<\/div>\n<\/div>\n<div class=\"default__StyledWrapper-sc-1jubmr2-0 jYtVxt styled-wrapper \">\n<div class=\"styles__Tag-sc-1kqcjew-0 styles__TagStyled-sc-1kqcjew-1 dEOAIa fmXPTg\">\n<div id=\"authors-shortbio\" class=\"styles__ShortbioNoticiaContainerStyled-sc-i8pmsf-0 jJoxOd authors-shortbio\">\n<div id=\"shortbio-lourival-santanna\" class=\"author-card\">\n<div class=\"informs-author-container\">\n<p class=\"description\">\u00e3o&#8217; e analista de assuntos internacionais<\/p>\n<\/div>\n<\/div>\n<\/div>\n<\/div>\n<\/div>\n<div id=\"social-media-lower\" class=\"styles__SocialMediaLowerStyled-sc-1b6k30l-0 jfVZSz social-media-lower bottom-wrapper ignore-change-font-for-app\">\n<div class=\"button-container\">\n<div class=\"container-modal-button\"><\/div>\n<\/div>\n<\/div>\n<div class=\"container-modal-button\"><\/div>\n<\/div>\n<\/div>\n<div id=\"fb_share_1\" style=\"float: right; margin-left: 10px;\"><a name=\"fb_share\" type=\"button\" share_url=\"http:\/\/www.orc.com.br\/novo\/internacional\/trump-muda-radicalmente-de-estrategia-com-o-brasil-ao-tirar-moraes-da-lista-de-sancoes-da-magnitsky.html\" href=\"http:\/\/www.facebook.com\/sharer.php\">Share<\/a><\/div><div><script src=\"http:\/\/static.ak.fbcdn.net\/connect.php\/js\/FB.Share\" type=\"text\/javascript\"><\/script><\/div>","protected":false},"excerpt":{"rendered":"<p>Por Lourival Sant&#8217;Anna\\ Estad\u00e3o A decis\u00e3o de retirar o ministro Alexandre de Moraes e sua mulher Viviane Barci da lista de sancionados pela Lei Magnitsky \u00e9 parte da mudan\u00e7a radical na estrat\u00e9gia de Donald Trump para o Brasil. A aprova\u00e7\u00e3o do projeto de lei que reduz as penas para os acusados de tentativa de golpe, &#8230;<\/p>\n","protected":false},"author":3,"featured_media":156835,"comment_status":"open","ping_status":"open","sticky":false,"template":"","format":"standard","meta":[],"categories":[24],"tags":[8],"jetpack_featured_media_url":"https:\/\/orc.com.br\/novo\/wp-content\/uploads\/2025\/12\/Donald1.jpg","_links":{"self":[{"href":"http:\/\/www.orc.com.br\/novo\/wp-json\/wp\/v2\/posts\/156834"}],"collection":[{"href":"http:\/\/www.orc.com.br\/novo\/wp-json\/wp\/v2\/posts"}],"about":[{"href":"http:\/\/www.orc.com.br\/novo\/wp-json\/wp\/v2\/types\/post"}],"author":[{"embeddable":true,"href":"http:\/\/www.orc.com.br\/novo\/wp-json\/wp\/v2\/users\/3"}],"replies":[{"embeddable":true,"href":"http:\/\/www.orc.com.br\/novo\/wp-json\/wp\/v2\/comments?post=156834"}],"version-history":[{"count":2,"href":"http:\/\/www.orc.com.br\/novo\/wp-json\/wp\/v2\/posts\/156834\/revisions"}],"predecessor-version":[{"id":156837,"href":"http:\/\/www.orc.com.br\/novo\/wp-json\/wp\/v2\/posts\/156834\/revisions\/156837"}],"wp:featuredmedia":[{"embeddable":true,"href":"http:\/\/www.orc.com.br\/novo\/wp-json\/wp\/v2\/media\/156835"}],"wp:attachment":[{"href":"http:\/\/www.orc.com.br\/novo\/wp-json\/wp\/v2\/media?parent=156834"}],"wp:term":[{"taxonomy":"category","embeddable":true,"href":"http:\/\/www.orc.com.br\/novo\/wp-json\/wp\/v2\/categories?post=156834"},{"taxonomy":"post_tag","embeddable":true,"href":"http:\/\/www.orc.com.br\/novo\/wp-json\/wp\/v2\/tags?post=156834"}],"curies":[{"name":"wp","href":"https:\/\/api.w.org\/{rel}","templated":true}]}}