{"id":156838,"date":"2025-12-13T07:19:25","date_gmt":"2025-12-13T10:19:25","guid":{"rendered":"https:\/\/www.orc.com.br\/novo\/?p=156838"},"modified":"2025-12-13T07:19:25","modified_gmt":"2025-12-13T10:19:25","slug":"tarcisio-aplaude-moraes-conversa-e-troca-sorrisos-com-lula-e-defende-debate-na-arena-politica","status":"publish","type":"post","link":"http:\/\/www.orc.com.br\/novo\/politica\/tarcisio-aplaude-moraes-conversa-e-troca-sorrisos-com-lula-e-defende-debate-na-arena-politica.html","title":{"rendered":"Tarc\u00edsio aplaude Moraes, conversa e troca sorrisos com Lula e defende \u2018debate na arena pol\u00edtica\u2019"},"content":{"rendered":"<p class=\"styles__ParagraphStyled-sc-6adecn-0 gsLklW  \" data-component-name=\"paragraph\">Citado como poss\u00edvel candidato a Presid\u00eancia da Rep\u00fablica em 2026, o governador de S\u00e3o Paulo, <a title=\"https:\/\/www.estadao.com.br\/tudo-sobre\/tarcisio-de-freitas\/\" href=\"https:\/\/www.estadao.com.br\/tudo-sobre\/tarcisio-de-freitas\/\" target=\"_blank\" rel=\"noopener\">Tarc\u00edsio de Freitas<\/a> (Republicanos) encontrou-se nesta sexta-feira, 12, com seu poss\u00edvel advers\u00e1rio, o presidente <a title=\"https:\/\/www.estadao.com.br\/tudo-sobre\/lula-luiz-inacio-lula-da-silva\/\" href=\"https:\/\/www.estadao.com.br\/tudo-sobre\/lula-luiz-inacio-lula-da-silva\/\" target=\"_blank\" rel=\"noopener\">Luiz In\u00e1cio Lula da Silva<\/a> (PT) e com o ministro <a title=\"https:\/\/www.estadao.com.br\/tudo-sobre\/alexandre-de-moraes\/\" href=\"https:\/\/www.estadao.com.br\/tudo-sobre\/alexandre-de-moraes\/\" target=\"_blank\" rel=\"noopener\">Alexandre de Moraes<\/a>, algoz de seu padrinho pol\u00edtico, <a title=\"https:\/\/www.estadao.com.br\/tudo-sobre\/jair-bolsonaro\/\" href=\"https:\/\/www.estadao.com.br\/tudo-sobre\/jair-bolsonaro\/\" target=\"_blank\" rel=\"noopener\">Jair Bolsonaro<\/a>. O prefeito de S\u00e3o Paulo, <a title=\"https:\/\/www.estadao.com.br\/tudo-sobre\/ricardo-nunes\/\" href=\"https:\/\/www.estadao.com.br\/tudo-sobre\/ricardo-nunes\/\" target=\"_blank\" rel=\"noopener\">Ricardo Nunes<\/a> (MDB), tamb\u00e9m estava no evento de lan\u00e7amento do SBT News, canal de not\u00edcias do SBT que ir\u00e1 ao ar na pr\u00f3xima segunda-feira.<\/p>\n<p class=\"styles__ParagraphStyled-sc-6adecn-0 gsLklW  \" data-component-name=\"paragraph\">No evento, Tarc\u00edsio ouviu o ministro Alexandre de <a title=\"https:\/\/www.estadao.com.br\/politica\/moraes-agradece-a-lula-apos-retirada-da-lei-magnitsky-e-fala-em-vitoria-da-soberania-nacional\/\" href=\"https:\/\/www.estadao.com.br\/politica\/moraes-agradece-a-lula-apos-retirada-da-lei-magnitsky-e-fala-em-vitoria-da-soberania-nacional\/\" target=\"_blank\" rel=\"noopener\">Moraes exaltar o papel de Lula na decis\u00e3o do governo de Donald Trump de tir\u00e1-lo da lista dos sancionados pela Lei Magnitsky<\/a>. A san\u00e7\u00e3o ao ministro se deu em meio a uma defesa enf\u00e1tica da medida por parte da fam\u00edlia Bolsonaro.<\/p>\n<div class=\"paragraph\">\n<p>Da primeira fila, o governador de S\u00e3o Paulo aplaudiu, junto com os demais, quando Moraes disse que \u201cno momento que chegasse \u00e0s autoridades americanas, a verdade prevaleceria\u201d.<\/p>\n<p>Pr\u00f3xima autoridade a falar, Tarc\u00edsio fez uma defesa de que o <a title=\"https:\/\/www.estadao.com.br\/politica\/diante-de-lula-tarcisio-diz-que-brasil-vive-polarizacao-acirrada-e-precisa-mudar-essa-chave\/\" href=\"https:\/\/www.estadao.com.br\/politica\/diante-de-lula-tarcisio-diz-que-brasil-vive-polarizacao-acirrada-e-precisa-mudar-essa-chave\/\" target=\"_blank\" rel=\"noopener\">debate deve ficar dentro da arena pol\u00edtica e que \u00e9 preciso buscar a converg\u00eancia<\/a>.<\/p>\n<p class=\"styles__ParagraphStyled-sc-6adecn-0 gsLklW  \" data-component-name=\"paragraph\">\u201c(Vivemos um) momento de polariza\u00e7\u00e3o acirrada, de polariza\u00e7\u00e3o afetiva, onde as pessoas \u00e0s vezes se odeiam simplesmente porque pensam diferente. Logo aqui, no Brasil, o Pa\u00eds do sincretismo, o Pa\u00eds da toler\u00e2ncia. Est\u00e1 na hora de mudar essa chave. Est\u00e1 na hora de dar a volta por cima. N\u00f3s podemos, sim, pensar diferente. O debate vai acontecer na arena pol\u00edtica, mas a gente tem como construir a converg\u00eancia. Um projeto de futuro\u201d, disse Tarc\u00edsio.<\/p>\n<p class=\"styles__ParagraphStyled-sc-6adecn-0 gsLklW  \" data-component-name=\"paragraph\">\u00daltimo a falar, Lula se dirigiu a Tarc\u00edsio ao falar de economia e defender os resultados de seu governo. \u201cEstava vendo uma mat\u00e9ria nos jornais e todos os progn\u00f3sticos negativos contra a economia brasileira anunciados no in\u00edcio de janeiro n\u00e3o deram certo, Tarc\u00edsio. Tudo melhorou no m\u00eas de outubro\u201d, disse o petista.<\/p>\n<p class=\"styles__ParagraphStyled-sc-6adecn-0 gsLklW  \" data-component-name=\"paragraph\">Ao fim do evento, Tarc\u00edsio cumprimentou, trocou sorrisos e conversou com Lula ao lado do prefeito de S\u00e3o Paulo, Ricardo Nunes (MDB). Nunes e Tarc\u00edsio t\u00eam cobrado que o governo federal atue para enfrentar a crise com a Enel, que tem sido criticada pela demora em devolver a energia a milhares de consumidores em S\u00e3o Paulo.<\/p>\n<p class=\"styles__ParagraphStyled-sc-6adecn-0 gsLklW  \" data-component-name=\"paragraph\">Ao <strong>Estad\u00e3o<\/strong>, o prefeito de S\u00e3o Paulo afirmou que a conversa foi sobre o assunto. \u201cEu e o Tarc\u00edsio pedimos que o presidente tire a Enel\u201d. Antes, Nunes chegou a pedir ajuda a Lula durante o discurso: <a title=\"https:\/\/www.estadao.com.br\/sao-paulo\/nunes-cobra-lula-sobre-crise-da-enel-durante-evento-em-sp-o-senhor-precisa-nos-ajudar-nisso\/\" href=\"https:\/\/www.estadao.com.br\/sao-paulo\/nunes-cobra-lula-sobre-crise-da-enel-durante-evento-em-sp-o-senhor-precisa-nos-ajudar-nisso\/\" target=\"_blank\" rel=\"noopener\">\u201cO senhor precisa nos ajudar nisso. N\u00e3o est\u00e1 f\u00e1cil\u201d<\/a>, disse Nunes a Lula ainda no palco. O presidente, da plateia, sorriu ao ouvir o pedido.<\/p>\n<\/div>\n<div id=\"fb_share_1\" style=\"float: right; margin-left: 10px;\"><a name=\"fb_share\" type=\"button\" share_url=\"http:\/\/www.orc.com.br\/novo\/politica\/tarcisio-aplaude-moraes-conversa-e-troca-sorrisos-com-lula-e-defende-debate-na-arena-politica.html\" href=\"http:\/\/www.facebook.com\/sharer.php\">Share<\/a><\/div><div><script src=\"http:\/\/static.ak.fbcdn.net\/connect.php\/js\/FB.Share\" type=\"text\/javascript\"><\/script><\/div>","protected":false},"excerpt":{"rendered":"<p>Citado como poss\u00edvel candidato a Presid\u00eancia da Rep\u00fablica em 2026, o governador de S\u00e3o Paulo, Tarc\u00edsio de Freitas (Republicanos) encontrou-se nesta sexta-feira, 12, com seu poss\u00edvel advers\u00e1rio, o presidente Luiz In\u00e1cio Lula da Silva (PT) e com o ministro Alexandre de Moraes, algoz de seu padrinho pol\u00edtico, Jair Bolsonaro. O prefeito de S\u00e3o Paulo, Ricardo &#8230;<\/p>\n","protected":false},"author":3,"featured_media":156839,"comment_status":"open","ping_status":"open","sticky":false,"template":"","format":"standard","meta":[],"categories":[14],"tags":[8],"jetpack_featured_media_url":"https:\/\/orc.com.br\/novo\/wp-content\/uploads\/2025\/12\/Lula28.webp","_links":{"self":[{"href":"http:\/\/www.orc.com.br\/novo\/wp-json\/wp\/v2\/posts\/156838"}],"collection":[{"href":"http:\/\/www.orc.com.br\/novo\/wp-json\/wp\/v2\/posts"}],"about":[{"href":"http:\/\/www.orc.com.br\/novo\/wp-json\/wp\/v2\/types\/post"}],"author":[{"embeddable":true,"href":"http:\/\/www.orc.com.br\/novo\/wp-json\/wp\/v2\/users\/3"}],"replies":[{"embeddable":true,"href":"http:\/\/www.orc.com.br\/novo\/wp-json\/wp\/v2\/comments?post=156838"}],"version-history":[{"count":1,"href":"http:\/\/www.orc.com.br\/novo\/wp-json\/wp\/v2\/posts\/156838\/revisions"}],"predecessor-version":[{"id":156840,"href":"http:\/\/www.orc.com.br\/novo\/wp-json\/wp\/v2\/posts\/156838\/revisions\/156840"}],"wp:featuredmedia":[{"embeddable":true,"href":"http:\/\/www.orc.com.br\/novo\/wp-json\/wp\/v2\/media\/156839"}],"wp:attachment":[{"href":"http:\/\/www.orc.com.br\/novo\/wp-json\/wp\/v2\/media?parent=156838"}],"wp:term":[{"taxonomy":"category","embeddable":true,"href":"http:\/\/www.orc.com.br\/novo\/wp-json\/wp\/v2\/categories?post=156838"},{"taxonomy":"post_tag","embeddable":true,"href":"http:\/\/www.orc.com.br\/novo\/wp-json\/wp\/v2\/tags?post=156838"}],"curies":[{"name":"wp","href":"https:\/\/api.w.org\/{rel}","templated":true}]}}