{"id":156845,"date":"2025-12-15T06:09:27","date_gmt":"2025-12-15T09:09:27","guid":{"rendered":"https:\/\/www.orc.com.br\/novo\/?p=156845"},"modified":"2025-12-15T06:09:27","modified_gmt":"2025-12-15T09:09:27","slug":"chile-elege-novo-presidente","status":"publish","type":"post","link":"http:\/\/www.orc.com.br\/novo\/internacional\/chile-elege-novo-presidente.html","title":{"rendered":"Chile elege novo  presidente"},"content":{"rendered":"<p class=\"styles__ParagraphStyled-sc-6adecn-0 gsLklW  \" data-component-name=\"paragraph\">Depois de quatro anos de um governo de esquerda sob <a title=\"https:\/\/www.estadao.com.br\/tudo-sobre\/gabriel-boric\" href=\"https:\/\/www.estadao.com.br\/tudo-sobre\/gabriel-boric\" target=\"_blank\" rel=\"noopener\"><strong>Gabriel Boric<\/strong><\/a>, o <a title=\"https:\/\/www.estadao.com.br\/tudo-sobre\/chile-america-do-sul\" href=\"https:\/\/www.estadao.com.br\/tudo-sobre\/chile-america-do-sul\" target=\"_blank\" rel=\"noopener\"><strong>Chile <\/strong><\/a><a title=\"https:\/\/www.estadao.com.br\/internacional\/luiz-raatz\/america-latina-caminha-para-a-direita-com-fracasso-da-esquerda-e-maozinha-de-trump\/\" href=\"https:\/\/www.estadao.com.br\/internacional\/luiz-raatz\/america-latina-caminha-para-a-direita-com-fracasso-da-esquerda-e-maozinha-de-trump\/\" target=\"_blank\" rel=\"noopener noreferrer\"><strong>se somar\u00e1 aos seus vizinhos que optaram nos \u00faltimos meses por uma guinada<\/strong><\/a> \u00e0 direita, elegendo neste domingo, 14, o conservador <a title=\"https:\/\/www.estadao.com.br\/tudo-sobre\/jose-antonio-kast\" href=\"https:\/\/www.estadao.com.br\/tudo-sobre\/jose-antonio-kast\" target=\"_blank\" rel=\"noopener\"><strong>Jos\u00e9 Antonio Kast<\/strong><\/a>. Ainda faltam tr\u00eas meses para a posse do novo presidente, em 11 de mar\u00e7o, mas ele j\u00e1 indicou o que esperar de seu governo.<\/p>\n<div class=\"styles__MultiParagraphAdStyled-sc-1yb8ue6-0 dAAozZ\" data-component-name=\"multi-paragraph\">\n<div class=\"paragraph\">\n<p>Kast ser\u00e1 o primeiro presidente chileno a dizer abertamente que admira o ditador <a title=\"https:\/\/www.estadao.com.br\/tudo-sobre\/augusto-pinochet\" href=\"https:\/\/www.estadao.com.br\/tudo-sobre\/augusto-pinochet\" target=\"_blank\" rel=\"noopener\"><strong>Augusto Pinochet<\/strong><\/a>. Ele pr\u00f3prio se coloca como mais \u00e0 direita do que historicamente foi a direita tradicional no Chile. Em 2019, <a title=\"https:\/\/www.estadao.com.br\/internacional\/jose-antonio-kast-se-ve-como-o-salvador-do-chile-diz-autora-da-biografia-do-candidato\/\" href=\"https:\/\/www.estadao.com.br\/internacional\/jose-antonio-kast-se-ve-como-o-salvador-do-chile-diz-autora-da-biografia-do-candidato\/\" target=\"_blank\" rel=\"noopener noreferrer\"><strong>ele fundou o seu pr\u00f3prio Partido Republicano, por considerar que a Uni\u00e3o Democr\u00e1tica Independente era \u201cmuito branda\u201d.<\/strong><\/a><\/p>\n<\/div>\n<\/div>\n<div id=\"fb_share_1\" style=\"float: right; margin-left: 10px;\"><a name=\"fb_share\" type=\"button\" share_url=\"http:\/\/www.orc.com.br\/novo\/internacional\/chile-elege-novo-presidente.html\" href=\"http:\/\/www.facebook.com\/sharer.php\">Share<\/a><\/div><div><script src=\"http:\/\/static.ak.fbcdn.net\/connect.php\/js\/FB.Share\" type=\"text\/javascript\"><\/script><\/div>","protected":false},"excerpt":{"rendered":"<p>Depois de quatro anos de um governo de esquerda sob Gabriel Boric, o Chile se somar\u00e1 aos seus vizinhos que optaram nos \u00faltimos meses por uma guinada \u00e0 direita, elegendo neste domingo, 14, o conservador Jos\u00e9 Antonio Kast. Ainda faltam tr\u00eas meses para a posse do novo presidente, em 11 de mar\u00e7o, mas ele j\u00e1 &#8230;<\/p>\n","protected":false},"author":3,"featured_media":156846,"comment_status":"open","ping_status":"open","sticky":false,"template":"","format":"standard","meta":[],"categories":[24],"tags":[8],"jetpack_featured_media_url":"https:\/\/orc.com.br\/novo\/wp-content\/uploads\/2025\/12\/Chile.webp","_links":{"self":[{"href":"http:\/\/www.orc.com.br\/novo\/wp-json\/wp\/v2\/posts\/156845"}],"collection":[{"href":"http:\/\/www.orc.com.br\/novo\/wp-json\/wp\/v2\/posts"}],"about":[{"href":"http:\/\/www.orc.com.br\/novo\/wp-json\/wp\/v2\/types\/post"}],"author":[{"embeddable":true,"href":"http:\/\/www.orc.com.br\/novo\/wp-json\/wp\/v2\/users\/3"}],"replies":[{"embeddable":true,"href":"http:\/\/www.orc.com.br\/novo\/wp-json\/wp\/v2\/comments?post=156845"}],"version-history":[{"count":1,"href":"http:\/\/www.orc.com.br\/novo\/wp-json\/wp\/v2\/posts\/156845\/revisions"}],"predecessor-version":[{"id":156847,"href":"http:\/\/www.orc.com.br\/novo\/wp-json\/wp\/v2\/posts\/156845\/revisions\/156847"}],"wp:featuredmedia":[{"embeddable":true,"href":"http:\/\/www.orc.com.br\/novo\/wp-json\/wp\/v2\/media\/156846"}],"wp:attachment":[{"href":"http:\/\/www.orc.com.br\/novo\/wp-json\/wp\/v2\/media?parent=156845"}],"wp:term":[{"taxonomy":"category","embeddable":true,"href":"http:\/\/www.orc.com.br\/novo\/wp-json\/wp\/v2\/categories?post=156845"},{"taxonomy":"post_tag","embeddable":true,"href":"http:\/\/www.orc.com.br\/novo\/wp-json\/wp\/v2\/tags?post=156845"}],"curies":[{"name":"wp","href":"https:\/\/api.w.org\/{rel}","templated":true}]}}