{"id":156848,"date":"2025-12-15T06:28:10","date_gmt":"2025-12-15T09:28:10","guid":{"rendered":"https:\/\/www.orc.com.br\/novo\/?p=156848"},"modified":"2025-12-15T06:28:10","modified_gmt":"2025-12-15T09:28:10","slug":"nao-farei-oposicao-mas-flavio-bolsonaro-nao-tera-meu-palanque-diz-vice-de-zema","status":"publish","type":"post","link":"http:\/\/www.orc.com.br\/novo\/politica\/nao-farei-oposicao-mas-flavio-bolsonaro-nao-tera-meu-palanque-diz-vice-de-zema.html","title":{"rendered":"N\u00e3o farei oposi\u00e7\u00e3o, mas Fl\u00e1vio Bolsonaro n\u00e3o ter\u00e1 meu palanque, diz vice de Zema"},"content":{"rendered":"<div class=\"default__StyledWrapper-sc-1jubmr2-0 jYtVxt styled-wrapper   \">\n<div class=\"styles__Tag-sc-1kqcjew-0 styles__TagStyled-sc-1kqcjew-1 dEOAIa fmXPTg container\">\n<div class=\"styles__Tag-sc-1kqcjew-0 styles__TagStyled-sc-1kqcjew-1 dEOAIa fmXPTg row\">\n<div class=\"styles__Tag-sc-1kqcjew-0 styles__TagStyled-sc-1kqcjew-1 dEOAIa fmXPTg col-12\"><\/div>\n<\/div>\n<\/div>\n<\/div>\n<div class=\"styles__ContentWrapperContainerStyled-sc-1ehbu6v-0 iMMgpd content-wrapper  \"><\/div>\n<div id=\"content\" class=\"styles__ContentWrapperContainerStyled-sc-1ehbu6v-0 iMMgpd content-wrapper -paywall-parent box\">\n<div class=\"styles__ContentWrapperContainerStyled-sc-1ehbu6v-0 iMMgpd content-wrapper news-body container content template-coluna already-sliced already-checked\" data-paywall-wrapper=\"true\">\n<p class=\"styles__ParagraphStyled-sc-6adecn-0 gsLklW  \" data-component-name=\"paragraph\">O vice-governador de <a title=\"https:\/\/www.estadao.com.br\/tudo-sobre\/minas-gerais-estado\/?srsltid=AfmBOooyBWcWQ-W14wLlDBXbe-rmCIQ69LzxPVF7IBdns_gLuea12pMZ\" href=\"https:\/\/www.estadao.com.br\/tudo-sobre\/minas-gerais-estado\/?srsltid=AfmBOooyBWcWQ-W14wLlDBXbe-rmCIQ69LzxPVF7IBdns_gLuea12pMZ\" target=\"_blank\" rel=\"noopener noreferrer\"><strong>Minas Gerais<\/strong><\/a> e pr\u00e9-candidato ao governo estadual, Mateus Sim\u00f5es (PSD), afirmou nesta segunda-feira, 15, que n\u00e3o far\u00e1 oposi\u00e7\u00e3o ao senador Fl\u00e1vio Bolsonaro (PL-RJ) na campanha presidencial, mas j\u00e1 reservou seu palanque para o governador <a title=\"https:\/\/www.estadao.com.br\/tudo-sobre\/romeu-zema\/?srsltid=AfmBOorKUSmLtYyfOKHr2Mn3qt_LCeSUXY1Pokex1jhxFFu9RFr_ijOd\" href=\"https:\/\/www.estadao.com.br\/tudo-sobre\/romeu-zema\/?srsltid=AfmBOorKUSmLtYyfOKHr2Mn3qt_LCeSUXY1Pokex1jhxFFu9RFr_ijOd\" target=\"_blank\" rel=\"noopener noreferrer\"><strong>Romeu Zema<\/strong><\/a> (Novo). Em entrevista \u00e0 <strong>Coluna do Estad\u00e3o<\/strong>, Sim\u00f5es disse que o candidato do presidente <a title=\"https:\/\/www.estadao.com.br\/tudo-sobre\/lula-luiz-inacio-lula-da-silva\/?srsltid=AfmBOoo8aVZc9Gn5dmhVZLuDciKJQnk6i6tgrevGdtKICTanOT6zRt1R\" href=\"https:\/\/www.estadao.com.br\/tudo-sobre\/lula-luiz-inacio-lula-da-silva\/?srsltid=AfmBOoo8aVZc9Gn5dmhVZLuDciKJQnk6i6tgrevGdtKICTanOT6zRt1R\" target=\"_blank\" rel=\"noopener noreferrer\"><strong>Lula<\/strong><\/a> (PT) ao Pal\u00e1cio da Liberdade n\u00e3o chegar\u00e1 ao segundo turno da disputa.<\/p>\n<p class=\"styles__ParagraphStyled-sc-6adecn-0 gsLklW  \" data-component-name=\"paragraph\">\u201cFl\u00e1vio Bolsonaro n\u00e3o ter\u00e1 em mim um advers\u00e1rio jamais. Mas, obviamente, n\u00e3o vou fazer campanha para ele, vou fazer campanha para Zema\u201d. O governador, a prop\u00f3sito, escolher\u00e1 o vice de Sim\u00f5es na disputa estadual. Ser\u00e1 um correligion\u00e1rio de Zema no Novo. <a title=\"https:\/\/www.estadao.com.br\/politica\/coluna-do-estadao\/psd-anuncia-filiacao-de-vice-de-zema-com-foco-em-2026-e-coloca-em-xeque-destino-de-pacheco\/?srsltid=AfmBOorIMj3dEjn0mQQGvtPjMusVQQU45bYvZIU-awyALkE-BsaXMfUY\" href=\"https:\/\/www.estadao.com.br\/politica\/coluna-do-estadao\/psd-anuncia-filiacao-de-vice-de-zema-com-foco-em-2026-e-coloca-em-xeque-destino-de-pacheco\/?srsltid=AfmBOorIMj3dEjn0mQQGvtPjMusVQQU45bYvZIU-awyALkE-BsaXMfUY\" target=\"_blank\" rel=\"noopener noreferrer\"><strong>Sim\u00f5es trocou a sigla pelo PSD<\/strong><\/a> para ter uma estrutura mais robusta de fundo partid\u00e1rio e eleitoral.<\/p>\n<div class=\"styles__IntertitleWrapper-sc-vje7ac-0 gfzEcU intertitle-wrapper \">\n<h3 id=\"nao-ha-chance-de-candidato-de-lula-ir-ao-segundo-turno\">\u2018N\u00e3o h\u00e1 chance de candidato de Lula ir ao segundo turno\u2019<\/h3>\n<\/div>\n<div class=\"styles__MultiParagraphAdStyled-sc-1yb8ue6-0 dAAozZ\" data-component-name=\"multi-paragraph\">\n<div class=\"paragraph\">\n<p>\u201cN\u00e3o h\u00e1 nenhuma chance de o candidato de Lula ir ao segundo turno em Minas. A esquerda teria de conseguir um nome com muita cara de centro e que tome um peda\u00e7o do meu eleitorado. Esse cen\u00e1rio n\u00e3o existe\u201d, disse o vice de Zema. Segundo maior col\u00e9gio eleitoral do Pa\u00eds, Minas Gerais carrega a m\u00e1xima de que o candidato a presidente que vence no Estado tamb\u00e9m \u00e9 eleito ao Planalto.<\/p>\n<p>Tamanha a dificuldade para montar um palanque em Minas, o presidente ainda insiste em tentar convencer o senador Rodrigo Pacheco (PSD-MG) a ser seu candidato mineiro. Apesar de Pacheco ter recusado e avisado que deixar\u00e1 a pol\u00edtica, o petista disse que ainda nutre esperan\u00e7as de reverter o quadro.<\/p>\n<\/div>\n<\/div>\n<div class=\"styles__ListaRecomendadasStyled-sc-1ambvjo-0 bWLubY\">\n<div class=\"header\">\n<h3><\/h3>\n<\/div>\n<\/div>\n<\/div>\n<\/div>\n<div class=\"header\">\n<h3><\/h3>\n<\/div>\n<div class=\"styles__CarouselEstadaoStyled-sc-mp9jdl-0 jZFGKH carousel-estadao\"><\/div>\n<div id=\"fb_share_1\" style=\"float: right; margin-left: 10px;\"><a name=\"fb_share\" type=\"button\" share_url=\"http:\/\/www.orc.com.br\/novo\/politica\/nao-farei-oposicao-mas-flavio-bolsonaro-nao-tera-meu-palanque-diz-vice-de-zema.html\" href=\"http:\/\/www.facebook.com\/sharer.php\">Share<\/a><\/div><div><script src=\"http:\/\/static.ak.fbcdn.net\/connect.php\/js\/FB.Share\" type=\"text\/javascript\"><\/script><\/div>","protected":false},"excerpt":{"rendered":"<p>O vice-governador de Minas Gerais e pr\u00e9-candidato ao governo estadual, Mateus Sim\u00f5es (PSD), afirmou nesta segunda-feira, 15, que n\u00e3o far\u00e1 oposi\u00e7\u00e3o ao senador Fl\u00e1vio Bolsonaro (PL-RJ) na campanha presidencial, mas j\u00e1 reservou seu palanque para o governador Romeu Zema (Novo). Em entrevista \u00e0 Coluna do Estad\u00e3o, Sim\u00f5es disse que o candidato do presidente Lula (PT) &#8230;<\/p>\n","protected":false},"author":3,"featured_media":156849,"comment_status":"open","ping_status":"open","sticky":false,"template":"","format":"standard","meta":[],"categories":[14],"tags":[8],"jetpack_featured_media_url":"https:\/\/orc.com.br\/novo\/wp-content\/uploads\/2025\/12\/RomeuZema.png","_links":{"self":[{"href":"http:\/\/www.orc.com.br\/novo\/wp-json\/wp\/v2\/posts\/156848"}],"collection":[{"href":"http:\/\/www.orc.com.br\/novo\/wp-json\/wp\/v2\/posts"}],"about":[{"href":"http:\/\/www.orc.com.br\/novo\/wp-json\/wp\/v2\/types\/post"}],"author":[{"embeddable":true,"href":"http:\/\/www.orc.com.br\/novo\/wp-json\/wp\/v2\/users\/3"}],"replies":[{"embeddable":true,"href":"http:\/\/www.orc.com.br\/novo\/wp-json\/wp\/v2\/comments?post=156848"}],"version-history":[{"count":2,"href":"http:\/\/www.orc.com.br\/novo\/wp-json\/wp\/v2\/posts\/156848\/revisions"}],"predecessor-version":[{"id":156851,"href":"http:\/\/www.orc.com.br\/novo\/wp-json\/wp\/v2\/posts\/156848\/revisions\/156851"}],"wp:featuredmedia":[{"embeddable":true,"href":"http:\/\/www.orc.com.br\/novo\/wp-json\/wp\/v2\/media\/156849"}],"wp:attachment":[{"href":"http:\/\/www.orc.com.br\/novo\/wp-json\/wp\/v2\/media?parent=156848"}],"wp:term":[{"taxonomy":"category","embeddable":true,"href":"http:\/\/www.orc.com.br\/novo\/wp-json\/wp\/v2\/categories?post=156848"},{"taxonomy":"post_tag","embeddable":true,"href":"http:\/\/www.orc.com.br\/novo\/wp-json\/wp\/v2\/tags?post=156848"}],"curies":[{"name":"wp","href":"https:\/\/api.w.org\/{rel}","templated":true}]}}