{"id":157338,"date":"2026-01-19T06:47:54","date_gmt":"2026-01-19T09:47:54","guid":{"rendered":"https:\/\/www.orc.com.br\/novo\/?p=157338"},"modified":"2026-01-19T06:47:54","modified_gmt":"2026-01-19T09:47:54","slug":"cinco-mil-produtos-brasileiros-terao-imposto-zero-na-uniao-europeia-com-acordo-com-mercosul-em-vigor-diz-cni","status":"publish","type":"post","link":"http:\/\/www.orc.com.br\/novo\/brasil\/cinco-mil-produtos-brasileiros-terao-imposto-zero-na-uniao-europeia-com-acordo-com-mercosul-em-vigor-diz-cni.html","title":{"rendered":"Cinco mil produtos brasileiros ter\u00e3o imposto zero na Uni\u00e3o Europeia com acordo com Mercosul em vigor, diz CNI"},"content":{"rendered":"<div id=\"chunk-8csqi\">\n<div class=\"mc-column content-text active-extra-styles \" data-block-type=\"unstyled\" data-block-weight=\"37\" data-block-id=\"3\">\n<p class=\" content-text__container \" data-track-category=\"Link no Texto\" data-track-links=\"\" data-mrf-recirculation=\"Mat\u00e9ria - Links no Texto\">Um levantamento da <a class=\"\" href=\"https:\/\/g1.globo.com\/tudo-sobre\/cni\/\" data-mrf-link=\"https:\/\/g1.globo.com\/tudo-sobre\/cni\/\">Confedera\u00e7\u00e3o Nacional da Ind\u00fastria<\/a> (CNI) aponta que mais de cinco mil produtos brasileiros ter\u00e3o imposto de importa\u00e7\u00e3o zerado na <a class=\"\" href=\"https:\/\/g1.globo.com\/tudo-sobre\/uniao-europeia\/\" data-mrf-link=\"https:\/\/g1.globo.com\/tudo-sobre\/uniao-europeia\/\">Uni\u00e3o Europeia<\/a> assim que o <a class=\"\" href=\"https:\/\/g1.globo.com\/economia\/noticia\/2026\/01\/17\/assinatura-acordo-ue-mercosul.ghtml\" data-mrf-link=\"https:\/\/g1.globo.com\/economia\/noticia\/2026\/01\/17\/assinatura-acordo-ue-mercosul.ghtml\">acordo entre Mercosul e Uni\u00e3o Europeia<\/a> entrar em vigor.<\/p>\n<\/div>\n<\/div>\n<div class=\"wall protected-content\">\n<div id=\"chunk-ftcg4\">\n<div class=\"mc-column content-text active-extra-styles \" data-block-type=\"unstyled\" data-block-weight=\"41\" data-block-id=\"5\">\n<p class=\" content-text__container \" data-track-category=\"Link no Texto\" data-track-links=\"\" data-mrf-recirculation=\"Mat\u00e9ria - Links no Texto\"><span class=\"highlight highlighted\">Segundo a CNI, 54,3% dos produtos negociados no \u00e2mbito do acordo ter\u00e3o imposto de importa\u00e7\u00e3o zerado na Uni\u00e3o Europeia logo na entrada em vigor do tratado.<\/span> J\u00e1 do lado do <a class=\"\" href=\"https:\/\/g1.globo.com\/tudo-sobre\/mercosul\/\" data-mrf-link=\"https:\/\/g1.globo.com\/tudo-sobre\/mercosul\/\">Mercosul<\/a>, o Brasil ter\u00e1 prazos mais longos para a redu\u00e7\u00e3o tarif\u00e1ria.<\/p>\n<\/div>\n<\/div>\n<div id=\"chunk-3imlh\">\n<div class=\"mc-column content-text active-extra-styles \" data-block-type=\"unstyled\" data-block-weight=\"30\" data-block-id=\"6\">\n<p class=\" content-text__container \" data-track-category=\"Link no Texto\" data-track-links=\"\" data-mrf-recirculation=\"Mat\u00e9ria - Links no Texto\">&#x1f30e; De acordo a entidade, a medida amplia de forma significativa o acesso do Brasil ao com\u00e9rcio global e cria um novo patamar de inser\u00e7\u00e3o internacional para a ind\u00fastria nacional.<\/p>\n<p><main class=\"mc-body theme\"><\/p>\n<div class=\"mc-article-body\">\n<article>\n<div class=\"wall protected-content\">\n<div id=\"chunk-258ba\">\n<div class=\"content-ads content-ads--reveal\" data-block-type=\"ads\" data-block-id=\"8\">\n<div id=\"banner_materia2\" class=\"tag-manager-publicidade-container tag-manager-publicidade-banner_materia2 tag-manager-publicidade-container--carregado tag-manager-publicidade-container--visivel\" data-google-query-id=\"CKeLyJWnl5IDFcC4lQIduhUAfw\">\n<div id=\"google_ads_iframe_\/95377733\/tvg_G1\/Economia_2__container__\"><\/div>\n<\/div>\n<\/div>\n<\/div>\n<div id=\"chunk-9flue\">\n<div class=\"mc-column content-text active-extra-styles \" data-block-type=\"unstyled\" data-block-weight=\"56\" data-block-id=\"7\">\n<p class=\" content-text__container \" data-track-category=\"Link no Texto\" data-track-links=\"\" data-mrf-recirculation=\"Mat\u00e9ria - Links no Texto\">&#x1f4c8; Os acordos preferenciais e de livre com\u00e9rcio dos quais o Brasil participa atualmente cobrem cerca de 8% das importa\u00e7\u00f5es mundiais de bens segundo a CNI. Com a entrada em vigor do acordo com a Uni\u00e3o Europeia, esse percentual deve subir para 36%, considerando que o bloco europeu respondeu por 28% do com\u00e9rcio global em 2024.<\/p>\n<\/div>\n<\/div>\n<div id=\"chunk-apjn2\">\n<div class=\"mc-column content-text active-extra-styles\" data-block-type=\"raw\" data-block-weight=\"35\" data-block-id=\"9\">\n<p class=\"content-text__container\" data-mrf-recirculation=\"Mat\u00e9ria - Links no Texto\">\n<blockquote class=\"content-blockquote theme-border-color-primary-before\"><p>&#8220;J\u00e1 do lado do Mercosul, o Brasil ter\u00e1 prazos mais longos, entre 10 e 15 anos, para reduzir tarifas de 44,1% dos produtos (4,4 mil itens), assegurando uma transi\u00e7\u00e3o gradual e previs\u00edvel&#8221;, afirmou a CNI.<\/p><\/blockquote>\n<p>&nbsp;<\/p>\n<\/div>\n<\/div>\n<div id=\"chunk-2c1o5\">\n<div class=\"mc-column content-text active-extra-styles \" data-block-type=\"unstyled\" data-block-weight=\"26\" data-block-id=\"10\">\n<p class=\" content-text__container \" data-track-category=\"Link no Texto\" data-track-links=\"\" data-mrf-recirculation=\"Mat\u00e9ria - Links no Texto\">Para a confedera\u00e7\u00e3o, esse desenho garante uma transi\u00e7\u00e3o considerada previs\u00edvel para a ind\u00fastria brasileira, permitindo ajustes produtivos e tecnol\u00f3gicos antes da abertura total de alguns setores.<\/p>\n<\/div>\n<\/div>\n<\/div>\n<\/article>\n<\/div>\n<p><\/main><\/div>\n<\/div>\n<\/div>\n<div id=\"fb_share_1\" style=\"float: right; margin-left: 10px;\"><a name=\"fb_share\" type=\"button\" share_url=\"http:\/\/www.orc.com.br\/novo\/brasil\/cinco-mil-produtos-brasileiros-terao-imposto-zero-na-uniao-europeia-com-acordo-com-mercosul-em-vigor-diz-cni.html\" href=\"http:\/\/www.facebook.com\/sharer.php\">Share<\/a><\/div><div><script src=\"http:\/\/static.ak.fbcdn.net\/connect.php\/js\/FB.Share\" type=\"text\/javascript\"><\/script><\/div>","protected":false},"excerpt":{"rendered":"<p>Um levantamento da Confedera\u00e7\u00e3o Nacional da Ind\u00fastria (CNI) aponta que mais de cinco mil produtos brasileiros ter\u00e3o imposto de importa\u00e7\u00e3o zerado na Uni\u00e3o Europeia assim que o acordo entre Mercosul e Uni\u00e3o Europeia entrar em vigor. Segundo a CNI, 54,3% dos produtos negociados no \u00e2mbito do acordo ter\u00e3o imposto de importa\u00e7\u00e3o zerado na Uni\u00e3o Europeia &#8230;<\/p>\n","protected":false},"author":3,"featured_media":157339,"comment_status":"open","ping_status":"open","sticky":false,"template":"","format":"standard","meta":[],"categories":[1],"tags":[8],"jetpack_featured_media_url":"https:\/\/orc.com.br\/novo\/wp-content\/uploads\/2026\/01\/PortoChines.jpg","_links":{"self":[{"href":"http:\/\/www.orc.com.br\/novo\/wp-json\/wp\/v2\/posts\/157338"}],"collection":[{"href":"http:\/\/www.orc.com.br\/novo\/wp-json\/wp\/v2\/posts"}],"about":[{"href":"http:\/\/www.orc.com.br\/novo\/wp-json\/wp\/v2\/types\/post"}],"author":[{"embeddable":true,"href":"http:\/\/www.orc.com.br\/novo\/wp-json\/wp\/v2\/users\/3"}],"replies":[{"embeddable":true,"href":"http:\/\/www.orc.com.br\/novo\/wp-json\/wp\/v2\/comments?post=157338"}],"version-history":[{"count":1,"href":"http:\/\/www.orc.com.br\/novo\/wp-json\/wp\/v2\/posts\/157338\/revisions"}],"predecessor-version":[{"id":157340,"href":"http:\/\/www.orc.com.br\/novo\/wp-json\/wp\/v2\/posts\/157338\/revisions\/157340"}],"wp:featuredmedia":[{"embeddable":true,"href":"http:\/\/www.orc.com.br\/novo\/wp-json\/wp\/v2\/media\/157339"}],"wp:attachment":[{"href":"http:\/\/www.orc.com.br\/novo\/wp-json\/wp\/v2\/media?parent=157338"}],"wp:term":[{"taxonomy":"category","embeddable":true,"href":"http:\/\/www.orc.com.br\/novo\/wp-json\/wp\/v2\/categories?post=157338"},{"taxonomy":"post_tag","embeddable":true,"href":"http:\/\/www.orc.com.br\/novo\/wp-json\/wp\/v2\/tags?post=157338"}],"curies":[{"name":"wp","href":"https:\/\/api.w.org\/{rel}","templated":true}]}}