{"id":157341,"date":"2026-01-19T06:55:47","date_gmt":"2026-01-19T09:55:47","guid":{"rendered":"https:\/\/www.orc.com.br\/novo\/?p=157341"},"modified":"2026-01-19T06:55:47","modified_gmt":"2026-01-19T09:55:47","slug":"quem-eram-os-medicos-mortos-por-outro-medico-em-alphaville-sp","status":"publish","type":"post","link":"http:\/\/www.orc.com.br\/novo\/brasil\/quem-eram-os-medicos-mortos-por-outro-medico-em-alphaville-sp.html","title":{"rendered":"Quem eram os m\u00e9dicos mortos por outro m\u00e9dico em Alphaville, SP"},"content":{"rendered":"<div class=\"mc-article-header\">\n<div class=\"row content-head mc-column non-featured \">\n<div class=\"title\" data-block-type=\"title\" data-block-id=\"0\">\n<h1 class=\"content-head__title\">Quem eram os m\u00e9dicos mortos por outro m\u00e9dico em Alphaville, SP<\/h1>\n<\/div>\n<div class=\"medium-centered subtitle\">\n<h2 class=\"content-head__subtitle\">Atirador foi preso em flagrante. Profissionais da sa\u00fade foram velados neste domingo (18) e trabalhavam em Barueri e Cotia.<\/h2>\n<\/div>\n<\/div>\n<div class=\"content__signa-share mc-column\">\n<div class=\"content__signature\">\n<div class=\"content-publication-data\">\n<div class=\"content-publication-data__text\">\n<p class=\"content-publication-data__from\" title=\"Reda\u00e7\u00e3o TV Globo e g1 SP\">Por <a class=\"multi_signatures\" href=\"https:\/\/g1.globo.com\/autores\/redacao-tv-globo-e-g1-sp\/\">Reda\u00e7\u00e3o TV Globo e g1 SP<\/a><\/p>\n<\/div>\n<\/div>\n<\/div>\n<\/div>\n<\/div>\n<div class=\"mc-article-body\">\n<article>\n<div id=\"chunk-dcm9s\">\n<div class=\"cxm-block-video content-media mc-column \" data-block-type=\"backstage-video\" data-block-id=\"2\">\n<div class=\"cxm-block-video__container cxm-block-video__container--fallback \">\n<div class=\"cxm-block-video__player-fixer\">\n<article class=\"cxm-block-video__player-wrapper\">\n<section class=\"cxm-block-video__player\">\n<div class=\"cxm-block-video__placeholder\" data-video-id=\"14264828\"><img class=\"cxm-block-video__thumb\" title=\"M\u00e9dico abre fogo e mata dois colegas em Barueri\" src=\"https:\/\/s01.video.glbimg.com\/x240\/14264828.jpg\" alt=\"M\u00e9dico abre fogo e mata dois colegas em Barueri\" \/><\/p>\n<div>\n<div class=\"clappr-detach clappr-detach--visible\">\n<div class=\"clappr-detach__placeholder-background\"><\/div>\n<\/div>\n<\/div>\n<\/div>\n<\/section>\n<\/article>\n<\/div>\n<div class=\"cxm-block-video__caption-container\">\n<p class=\"codex-caption codex-caption--small\">M\u00e9dico abre fogo e mata dois colegas em Barueri<\/p>\n<\/div>\n<\/div>\n<\/div>\n<\/div>\n<div id=\"chunk-9ljt8\">\n<div class=\"mc-column mc-side-item__container\" data-block-type=\"ads\" data-block-id=\"4\">\n<div class=\"mc-side-item mc-side-item--right content-ads content-ads--side-ad\">\n<div id=\"banner_materia1\" class=\"tag-manager-publicidade-container tag-manager-publicidade-banner_materia1 tag-manager-publicidade-container--carregado tag-manager-publicidade-container--visivel\" data-google-query-id=\"CImYq-Cpl5IDFUEJHgAdUEkmAA\">\n<div id=\"google_ads_iframe_\/95377733\/tvg_G1\/Sua_Regiao&gt;Sudeste&gt;Sao_Paulo_1__container__\"><\/div>\n<\/div>\n<\/div>\n<\/div>\n<\/div>\n<div id=\"chunk-ba2gc\">\n<div class=\"mc-column content-text active-extra-styles \" data-block-type=\"unstyled\" data-block-weight=\"38\" data-block-id=\"3\">\n<p class=\" content-text__container \" data-track-category=\"Link no Texto\" data-track-links=\"\" data-mrf-recirculation=\"Mat\u00e9ria - Links no Texto\">A Pol\u00edcia Civil investiga os assassinatos de dois m\u00e9dicos baleados por outro m\u00e9dico na frente de um restaurante em Alphaville, <a class=\"\" href=\"https:\/\/g1.globo.com\/sp\/sao-paulo\/cidade\/barueri\/\" data-mrf-link=\"https:\/\/g1.globo.com\/sp\/sao-paulo\/cidade\/barueri\/\">Barueri<\/a>, na Grande <a class=\"\" href=\"https:\/\/g1.globo.com\/sp\/sao-paulo\/cidade\/sao-paulo\/\" data-mrf-link=\"https:\/\/g1.globo.com\/sp\/sao-paulo\/cidade\/sao-paulo\/\">S\u00e3o Paulo<\/a>, na sexta-feira (16). O atirador foi preso em flagrante. <a class=\"\" href=\"https:\/\/g1.globo.com\/sp\/sao-paulo\/noticia\/2026\/01\/17\/video-cameras-registram-briga-e-momento-em-que-medico-mata-outros-dois-medicos-a-tiros-em-alphaville-grande-sp.ghtml\" data-mrf-link=\"https:\/\/g1.globo.com\/sp\/sao-paulo\/noticia\/2026\/01\/17\/video-cameras-registram-briga-e-momento-em-que-medico-mata-outros-dois-medicos-a-tiros-em-alphaville-grande-sp.ghtml\">C\u00e2meras registraram o crime<\/a>.<\/p>\n<\/div>\n<\/div>\n<div class=\"wall protected-content\">\n<div id=\"chunk-4n83h\">\n<div class=\"mc-column content-text active-extra-styles \" data-block-type=\"unstyled\" data-block-weight=\"33\" data-block-id=\"5\">\n<p class=\" content-text__container \" data-track-category=\"Link no Texto\" data-track-links=\"\" data-mrf-recirculation=\"Mat\u00e9ria - Links no Texto\"><a class=\"\" href=\"https:\/\/g1.globo.com\/sp\/sao-paulo\/noticia\/2026\/01\/17\/dois-medicos-sao-mortos-a-tiros-por-outro-medico-em-frente-a-restaurante-em-alphaville-na-grande-sp.ghtml\" data-mrf-link=\"https:\/\/g1.globo.com\/sp\/sao-paulo\/noticia\/2026\/01\/17\/dois-medicos-sao-mortos-a-tiros-por-outro-medico-em-frente-a-restaurante-em-alphaville-na-grande-sp.ghtml\">Os m\u00e9dicos Lu\u00eds Roberto Pellegrini Gomes, de 43 anos, e Vinicius dos Santos Oliveira, de 35 anos,<\/a> chegaram a ser socorridos, mas morreram no pronto-socorro. <strong>Veja abaixo quem eram os mortos: <\/strong><\/p>\n<\/div>\n<\/div>\n<div id=\"chunk-be56l\">\n<div class=\"row medium-uncollapsed content-media content-photo\" data-block-type=\"backstage-photo\" data-block-id=\"6\">\n<div class=\" mc-column  content-media__container\">\n<div class=\"content-media-container glb-skeleton-box\">\n<figure class=\"content-media-figure\"><img class=\"i-amphtml-fill-content i-amphtml-replaced-content\" src=\"https:\/\/s2-g1.glbimg.com\/U4pssM9JTTFFCTEdOjz_N02Ht1Q=\/0x0:1200x670\/984x0\/smart\/filters:strip_icc()\/i.s3.glbimg.com\/v1\/AUTH_59edd422c0c84a879bd37670ae4f538a\/internal_photos\/bs\/2026\/X\/C\/iFfuciRaezsHMkAGTR3A\/luis-roberto-pellegrini.jpg\" sizes=\"(max-width: 1366px) 648px, 100vw\" srcset=\"https:\/\/s2-g1.glbimg.com\/s8Z41qeZ3D2o2VdnDGLXB0LEfR0=\/0x0:1200x670\/1000x0\/smart\/filters:strip_icc()\/i.s3.glbimg.com\/v1\/AUTH_59edd422c0c84a879bd37670ae4f538a\/internal_photos\/bs\/2026\/X\/C\/iFfuciRaezsHMkAGTR3A\/luis-roberto-pellegrini.jpg 1000w, https:\/\/s2-g1.glbimg.com\/U4pssM9JTTFFCTEdOjz_N02Ht1Q=\/0x0:1200x670\/984x0\/smart\/filters:strip_icc()\/i.s3.glbimg.com\/v1\/AUTH_59edd422c0c84a879bd37670ae4f538a\/internal_photos\/bs\/2026\/X\/C\/iFfuciRaezsHMkAGTR3A\/luis-roberto-pellegrini.jpg 984w, https:\/\/s2-g1.glbimg.com\/OzeeQc7gmQ64Ur8I-K6TjO1xhWY=\/0x0:1200x670\/640x0\/smart\/filters:strip_icc()\/i.s3.glbimg.com\/v1\/AUTH_59edd422c0c84a879bd37670ae4f538a\/internal_photos\/bs\/2026\/X\/C\/iFfuciRaezsHMkAGTR3A\/luis-roberto-pellegrini.jpg 640w, https:\/\/s2-g1.glbimg.com\/KSSjh241Zaw7t5fPYrved-nI1cQ=\/0x0:1200x670\/600x0\/smart\/filters:strip_icc()\/i.s3.glbimg.com\/v1\/AUTH_59edd422c0c84a879bd37670ae4f538a\/internal_photos\/bs\/2026\/X\/C\/iFfuciRaezsHMkAGTR3A\/luis-roberto-pellegrini.jpg 600w\" alt=\"Lu\u00eds Roberto Pellegrini Gomes, m\u00e9dico morto baleado por outro m\u00e9dico em Alphaville \u2014 Foto: Reprodu\u00e7\u00e3o\/TV Globo\" \/><\/figure>\n<\/div>\n<p class=\"content-media__description  \">Lu\u00eds Roberto Pellegrini Gomes, m\u00e9dico morto baleado por outro m\u00e9dico em Alphaville \u2014 Foto: Reprodu\u00e7\u00e3o\/TV Globo<\/p>\n<\/div>\n<\/div>\n<\/div>\n<div id=\"chunk-6ruhg\">\n<div class=\"content-ads\" data-block-type=\"ads\" data-block-id=\"8\"><\/div>\n<\/div>\n<div id=\"chunk-26u1t\">\n<div class=\"mc-column content-text active-extra-styles \" data-block-type=\"unstyled\" data-block-weight=\"36\" data-block-id=\"7\">\n<p class=\" content-text__container \" data-track-category=\"Link no Texto\" data-track-links=\"\" data-mrf-recirculation=\"Mat\u00e9ria - Links no Texto\">Lu\u00eds Roberto Pellegrini Gomes, de 43 anos, trabalhava como cardiologista em um hospital municipal de Barueri. O m\u00e9dico foi velado e enterrado na cidade de Rafard, no interior paulista, a cerca de 140 km da capital.<\/p>\n<\/div>\n<\/div>\n<div id=\"chunk-13jdd\">\n<div class=\"row medium-uncollapsed content-media content-photo\" data-block-type=\"backstage-photo\" data-block-id=\"9\">\n<div class=\" mc-column  content-media__container\">\n<div class=\"content-media-container glb-skeleton-box\">\n<figure class=\"content-media-figure\"><img class=\"i-amphtml-fill-content i-amphtml-replaced-content\" src=\"https:\/\/s2-g1.glbimg.com\/qns-s4VGqkVG2-iGSHXhWlwN7WA=\/0x0:1320x1222\/984x0\/smart\/filters:strip_icc()\/i.s3.glbimg.com\/v1\/AUTH_59edd422c0c84a879bd37670ae4f538a\/internal_photos\/bs\/2026\/D\/J\/Rub4BsT7G8tQ8pczXO8Q\/vinicius.jpeg\" sizes=\"(max-width: 1366px) 648px, 100vw\" srcset=\"https:\/\/s2-g1.glbimg.com\/EOzsUjheHMV41RQizqspQWjhq7M=\/0x0:1320x1222\/1000x0\/smart\/filters:strip_icc()\/i.s3.glbimg.com\/v1\/AUTH_59edd422c0c84a879bd37670ae4f538a\/internal_photos\/bs\/2026\/D\/J\/Rub4BsT7G8tQ8pczXO8Q\/vinicius.jpeg 1000w, https:\/\/s2-g1.glbimg.com\/qns-s4VGqkVG2-iGSHXhWlwN7WA=\/0x0:1320x1222\/984x0\/smart\/filters:strip_icc()\/i.s3.glbimg.com\/v1\/AUTH_59edd422c0c84a879bd37670ae4f538a\/internal_photos\/bs\/2026\/D\/J\/Rub4BsT7G8tQ8pczXO8Q\/vinicius.jpeg 984w, https:\/\/s2-g1.glbimg.com\/QCNZuObZyWNSEd8H-qHcou8tSQQ=\/0x0:1320x1222\/640x0\/smart\/filters:strip_icc()\/i.s3.glbimg.com\/v1\/AUTH_59edd422c0c84a879bd37670ae4f538a\/internal_photos\/bs\/2026\/D\/J\/Rub4BsT7G8tQ8pczXO8Q\/vinicius.jpeg 640w, https:\/\/s2-g1.glbimg.com\/hHxe4j7WiQeVaa6k8f6hczuItSU=\/0x0:1320x1222\/600x0\/smart\/filters:strip_icc()\/i.s3.glbimg.com\/v1\/AUTH_59edd422c0c84a879bd37670ae4f538a\/internal_photos\/bs\/2026\/D\/J\/Rub4BsT7G8tQ8pczXO8Q\/vinicius.jpeg 600w\" alt=\"M\u00e9dico Vinicius dos Santos Oliveira, de 35 anos, morreu baleado em Baruer \u2014 Foto: Divulga\u00e7\u00e3o\/Prefeitura de Cotia\" \/><\/figure>\n<\/div>\n<p class=\"content-media__description  \">M\u00e9dico Vinicius dos Santos Oliveira, de 35 anos, morreu baleado em Baruer \u2014 Foto: Divulga\u00e7\u00e3o\/Prefeitura de Cotia<\/p>\n<\/div>\n<\/div>\n<\/div>\n<div id=\"chunk-3d4il\">\n<div class=\"mc-column content-text active-extra-styles \" data-block-type=\"unstyled\" data-block-weight=\"18\" data-block-id=\"10\">\n<p class=\" content-text__container \" data-track-category=\"Link no Texto\" data-track-links=\"\" data-mrf-recirculation=\"Mat\u00e9ria - Links no Texto\">A outra v\u00edtima, Vinicius dos Santos Oliveira, de 35 anos, trabalhava em unidades de sa\u00fade de Cotia.<\/p>\n<\/div>\n<\/div>\n<div id=\"chunk-7n5m1\">\n<div class=\"mc-column content-text active-extra-styles \" data-block-type=\"unstyled\" data-block-weight=\"20\" data-block-id=\"11\">\n<p class=\" content-text__container \" data-track-category=\"Link no Texto\" data-track-links=\"\" data-mrf-recirculation=\"Mat\u00e9ria - Links no Texto\">Ele deixou esposa e um filho de 1 ano e meio e foi velado em Osasco, Grande S\u00e3o Paulo.<\/p>\n<\/div>\n<\/div>\n<div id=\"chunk-cqm7\">\n<div class=\"mc-column content-text active-extra-styles \" data-block-type=\"unstyled\" data-block-weight=\"32\" data-block-id=\"12\">\n<p class=\" content-text__container \" data-track-category=\"Link no Texto\" data-track-links=\"\" data-mrf-recirculation=\"Mat\u00e9ria - Links no Texto\">Segundo a prefeitura, o profissional atuava no munic\u00edpio desde 2019, com passagem pelas Unidades B\u00e1sicas de Sa\u00fade do Atalaia, Caucaia do Alto e Port\u00e3o, al\u00e9m do Pronto Atendimento de Caucaia do Alto.<\/p>\n<\/div>\n<\/div>\n<div id=\"chunk-6jkp\">\n<div class=\"mc-column content-text active-extra-styles\" data-block-type=\"raw\" data-block-weight=\"34\" data-block-id=\"13\">\n<p class=\"content-text__container\" data-mrf-recirculation=\"Mat\u00e9ria - Links no Texto\">\n<div class=\"glb-grid\"><main class=\"mc-body theme\"><\/p>\n<div class=\"mc-article-body\">\n<article>\n<div class=\"wall protected-content\">\n<div id=\"chunk-3satb\">\n<div class=\"mc-column content-text active-extra-styles\" data-block-type=\"raw\" data-block-weight=\"6\" data-block-id=\"38\">\n<div class=\"content-intertitle\">\n<h2>Qual foi o motivo do crime?<\/h2>\n<\/div>\n<p>&nbsp;<\/p>\n<\/div>\n<\/div>\n<div id=\"chunk-44frk\">\n<div class=\"row medium-uncollapsed content-media content-photo\" data-block-type=\"backstage-photo\" data-block-id=\"40\">\n<div class=\" mc-column  content-media__container\">\n<div class=\"content-media-container glb-skeleton-box\">\n<figure class=\"content-media-figure\"><img class=\"i-amphtml-fill-content i-amphtml-replaced-content\" src=\"https:\/\/s2-g1.glbimg.com\/nE2DYi5sDbGvokvlUGsFNc3H9VQ=\/0x0:824x418\/984x0\/smart\/filters:strip_icc()\/i.s3.glbimg.com\/v1\/AUTH_59edd422c0c84a879bd37670ae4f538a\/internal_photos\/bs\/2026\/Y\/2\/81ko1XQteJxTnNOxH2IA\/captura-de-tela-2026-01-17-124541.jpg\" sizes=\"(max-width: 1366px) 648px, 100vw\" srcset=\"https:\/\/s2-g1.glbimg.com\/Acnt5wLTEHzWNGeoJnYFUYRHAfg=\/0x0:824x418\/1000x0\/smart\/filters:strip_icc()\/i.s3.glbimg.com\/v1\/AUTH_59edd422c0c84a879bd37670ae4f538a\/internal_photos\/bs\/2026\/Y\/2\/81ko1XQteJxTnNOxH2IA\/captura-de-tela-2026-01-17-124541.jpg 1000w, https:\/\/s2-g1.glbimg.com\/nE2DYi5sDbGvokvlUGsFNc3H9VQ=\/0x0:824x418\/984x0\/smart\/filters:strip_icc()\/i.s3.glbimg.com\/v1\/AUTH_59edd422c0c84a879bd37670ae4f538a\/internal_photos\/bs\/2026\/Y\/2\/81ko1XQteJxTnNOxH2IA\/captura-de-tela-2026-01-17-124541.jpg 984w, https:\/\/s2-g1.glbimg.com\/UY_kWMBg23jcvWiP11jgP-bEwlU=\/0x0:824x418\/640x0\/smart\/filters:strip_icc()\/i.s3.glbimg.com\/v1\/AUTH_59edd422c0c84a879bd37670ae4f538a\/internal_photos\/bs\/2026\/Y\/2\/81ko1XQteJxTnNOxH2IA\/captura-de-tela-2026-01-17-124541.jpg 640w, https:\/\/s2-g1.glbimg.com\/YS9T0vIWNQTsw_dM3-wr2QIVJ8k=\/0x0:824x418\/600x0\/smart\/filters:strip_icc()\/i.s3.glbimg.com\/v1\/AUTH_59edd422c0c84a879bd37670ae4f538a\/internal_photos\/bs\/2026\/Y\/2\/81ko1XQteJxTnNOxH2IA\/captura-de-tela-2026-01-17-124541.jpg 600w\" alt=\"C\u00e2mera de seguran\u00e7a registrou briga entre m\u00e9dicos momentos antes do homic\u00eddio em Barueri \u2014 Foto: Reprodu\u00e7\u00e3o\/TV Globo\" \/><\/figure>\n<\/div>\n<p class=\"content-media__description  \">C\u00e2mera de seguran\u00e7a registrou briga entre m\u00e9dicos momentos antes do homic\u00eddio em Barueri \u2014 Foto: Reprodu\u00e7\u00e3o\/TV Globo<\/p>\n<\/div>\n<\/div>\n<\/div>\n<div id=\"chunk-634a6\">\n<div class=\"mc-column content-text active-extra-styles \" data-block-type=\"unstyled\" data-block-weight=\"41\" data-block-id=\"41\">\n<p class=\" content-text__container \" data-track-category=\"Link no Texto\" data-track-links=\"\" data-mrf-recirculation=\"Mat\u00e9ria - Links no Texto\">Em entrevista \u00e0 TV Globo, o delegado afirmou que Carlos e Lu\u00eds Roberto eram donos de empresas do setor de gest\u00e3o hospitalar e j\u00e1 vinham se desentendendo havia algum tempo por causa de contratos de licita\u00e7\u00e3o. Vinicius era funcion\u00e1rio de Lu\u00eds.<\/p>\n<\/div>\n<\/div>\n<div id=\"chunk-9boph\">\n<div class=\"mc-column content-text active-extra-styles\" data-block-type=\"raw\" data-block-weight=\"39\" data-block-id=\"42\">\n<p class=\"content-text__container\" data-mrf-recirculation=\"Mat\u00e9ria - Links no Texto\">\n<\/div>\n<\/div>\n<div id=\"chunk-1ghc3\">\n<div class=\"mc-column content-text active-extra-styles\" data-block-type=\"raw\" data-block-weight=\"5\" data-block-id=\"43\">\n<p class=\"content-text__container\" data-mrf-recirculation=\"Mat\u00e9ria - Links no Texto\">\n<div class=\"content-intertitle\">\n<h2><strong>Quem \u00e9 o m\u00e9dico atirador? <\/strong><\/h2>\n<\/div>\n<p>&nbsp;<\/p>\n<\/div>\n<\/div>\n<div id=\"chunk-8jha2\">\n<div class=\"row medium-uncollapsed content-media content-photo\" data-block-type=\"backstage-photo\" data-block-id=\"45\">\n<div class=\" mc-column  content-media__container\">\n<div class=\"content-media-container glb-skeleton-box\">\n<figure class=\"content-media-figure\"><img class=\"i-amphtml-fill-content i-amphtml-replaced-content\" src=\"https:\/\/s2-g1.glbimg.com\/U_59LUoSMUVbyaYV1180gUfPnzY=\/0x0:1600x890\/984x0\/smart\/filters:strip_icc()\/i.s3.glbimg.com\/v1\/AUTH_59edd422c0c84a879bd37670ae4f538a\/internal_photos\/bs\/2026\/9\/s\/H1RfO2QzWQzJm5TZslUg\/whatsapp-image-2026-01-17-at-22.52.01.jpeg\" sizes=\"(max-width: 1366px) 648px, 100vw\" srcset=\"https:\/\/s2-g1.glbimg.com\/tyqlpFWXc0UNANIV1COOIj1UMl4=\/0x0:1600x890\/1000x0\/smart\/filters:strip_icc()\/i.s3.glbimg.com\/v1\/AUTH_59edd422c0c84a879bd37670ae4f538a\/internal_photos\/bs\/2026\/9\/s\/H1RfO2QzWQzJm5TZslUg\/whatsapp-image-2026-01-17-at-22.52.01.jpeg 1000w, https:\/\/s2-g1.glbimg.com\/U_59LUoSMUVbyaYV1180gUfPnzY=\/0x0:1600x890\/984x0\/smart\/filters:strip_icc()\/i.s3.glbimg.com\/v1\/AUTH_59edd422c0c84a879bd37670ae4f538a\/internal_photos\/bs\/2026\/9\/s\/H1RfO2QzWQzJm5TZslUg\/whatsapp-image-2026-01-17-at-22.52.01.jpeg 984w, https:\/\/s2-g1.glbimg.com\/ln3C5wyUVmVgK-wh-wS3vRt0w0g=\/0x0:1600x890\/640x0\/smart\/filters:strip_icc()\/i.s3.glbimg.com\/v1\/AUTH_59edd422c0c84a879bd37670ae4f538a\/internal_photos\/bs\/2026\/9\/s\/H1RfO2QzWQzJm5TZslUg\/whatsapp-image-2026-01-17-at-22.52.01.jpeg 640w, https:\/\/s2-g1.glbimg.com\/0_ScM0YTz9VpgIfZ2xmVwJsn33Q=\/0x0:1600x890\/600x0\/smart\/filters:strip_icc()\/i.s3.glbimg.com\/v1\/AUTH_59edd422c0c84a879bd37670ae4f538a\/internal_photos\/bs\/2026\/9\/s\/H1RfO2QzWQzJm5TZslUg\/whatsapp-image-2026-01-17-at-22.52.01.jpeg 600w\" alt=\"M\u00e9dico Carlos Alberto Azevedo Filho \u00e9 preso por matar a tiros outros dois m\u00e9dicos \u2014 Foto: Reprodu\u00e7\u00e3o\/TV Globo\" \/><\/figure>\n<\/div>\n<p class=\"content-media__description  \">M\u00e9dico Carlos Alberto Azevedo Filho \u00e9 preso por matar a tiros outros dois m\u00e9dicos \u2014 Foto: Reprodu\u00e7\u00e3o\/TV Globo<\/p>\n<\/div>\n<\/div>\n<\/div>\n<div id=\"chunk-abr66\">\n<div class=\"mc-column content-text active-extra-styles \" data-block-type=\"unstyled\" data-block-weight=\"25\" data-block-id=\"46\">\n<p class=\" content-text__container \" data-track-category=\"Link no Texto\" data-track-links=\"\" data-mrf-recirculation=\"Mat\u00e9ria - Links no Texto\">Carlos Alberto j\u00e1 tinha sido preso em 2025<a class=\"\" href=\"https:\/\/g1.globo.com\/sp\/sao-paulo\/noticia\/2026\/01\/17\/medico-que-matou-outros-dois-medicos-a-tiros-em-alphaville-ja-foi-preso-por-racismo-e-agressao.ghtml\" data-mrf-link=\"https:\/\/g1.globo.com\/sp\/sao-paulo\/noticia\/2026\/01\/17\/medico-que-matou-outros-dois-medicos-a-tiros-em-alphaville-ja-foi-preso-por-racismo-e-agressao.ghtml\"> pelos crimes de racismo e agress\u00e3o <\/a>em Aracaju, Sergipe. A defesa dele n\u00e3o foi localizada pela reportagem.<\/p>\n<\/div>\n<\/div>\n<div id=\"chunk-5vmur\">\n<div class=\"mc-column content-text active-extra-styles \" data-block-type=\"unstyled\" data-block-weight=\"54\" data-block-id=\"47\">\n<p class=\" content-text__container \" data-track-category=\"Link no Texto\" data-track-links=\"\" data-mrf-recirculation=\"Mat\u00e9ria - Links no Texto\">A pol\u00edcia diz que Carlos Alberto tem registro de Colecionador, Atirador e Ca\u00e7ador (CAC), mas n\u00e3o tinha licen\u00e7a para andar armado. Pela legisla\u00e7\u00e3o federal, quem \u00e9 <a class=\"\" href=\"https:\/\/g1.globo.com\/politica\/noticia\/2025\/08\/10\/metade-das-armas-usadas-por-cacs-sao-de-uso-restrito-no-brasil-indica-pf.ghtml\" data-mrf-link=\"https:\/\/g1.globo.com\/politica\/noticia\/2025\/08\/10\/metade-das-armas-usadas-por-cacs-sao-de-uso-restrito-no-brasil-indica-pf.ghtml\">CAC n\u00e3o pode portar a arma para defesa pessoal<\/a> &#8211; \u00e9 necess\u00e1rio ter uma autoriza\u00e7\u00e3o separada e espec\u00edfica. A arma usada no crime era uma pistola 9 mm.<\/p>\n<\/div>\n<\/div>\n<div id=\"chunk-30ktf\">\n<div id=\"7\" class=\"anchor-position\"><\/div>\n<\/div>\n<div id=\"chunk-bvsjj\">\n<div class=\"content-ads content-ads--reveal\" data-block-type=\"ads\" data-block-id=\"49\">\n<div id=\"banner_materia__66f5123e-26d5-48cc-ad99-36a33a057291\"><\/div>\n<\/div>\n<\/div>\n<div id=\"chunk-514f3\">\n<div id=\"6\" class=\"anchor-position\"><\/div>\n<\/div>\n<div id=\"chunk-3jtaj\">\n<div class=\"mc-column content-text active-extra-styles\" data-block-type=\"raw\" data-block-weight=\"4\" data-block-id=\"48\">\n<p class=\"content-text__container\" data-mrf-recirculation=\"Mat\u00e9ria - Links no Texto\">\n<div class=\"content-intertitle\">\n<h2>Quais os pr\u00f3ximos passos?<\/h2>\n<\/div>\n<p>&nbsp;<\/p>\n<\/div>\n<\/div>\n<div id=\"chunk-69u48\">\n<div class=\"mc-column content-text active-extra-styles \" data-block-type=\"unstyled\" data-block-weight=\"37\" data-block-id=\"50\">\n<p class=\" content-text__container \" data-track-category=\"Link no Texto\" data-track-links=\"\" data-mrf-recirculation=\"Mat\u00e9ria - Links no Texto\">O delegado informou que o atirador foi encaminhado para cadeia p\u00fablica de Carapicu\u00edba. Novos depoimentos ser\u00e3o colhidos. A arma de fogo, c\u00e1psulas deflagradas, uma bolsa, diversos documentos e R$ 16 mil foram apreendidos e passar\u00e3o por per\u00edcia.<\/p>\n<\/div>\n<\/div>\n<div id=\"chunk-200ou\">\n<div class=\"mc-column content-text active-extra-styles \" data-block-type=\"unstyled\" data-block-weight=\"40\" data-block-id=\"51\">\n<p class=\" content-text__container \" data-track-category=\"Link no Texto\" data-track-links=\"\" data-mrf-recirculation=\"Mat\u00e9ria - Links no Texto\">\u201cA vis\u00e3o da pol\u00edcia \u00e9 que ele \u00e9 perigoso, uma pessoa que n\u00e3o mede consequ\u00eancias. Ele j\u00e1 tem antecedente de agress\u00e3o e de racismo em outro estado. A gente entende que, nesse momento, ele precisa ficar realmente encarcerado&#8221;, afirmou Schiffmann.<\/p>\n<\/div>\n<\/div>\n<div id=\"chunk-8n6nb\">\n<div class=\"row medium-uncollapsed content-media content-photo\" data-block-type=\"backstage-photo\" data-block-id=\"52\">\n<div class=\" mc-column  content-media__container\">\n<div class=\"content-media-container glb-skeleton-box\">\n<figure class=\"content-media-figure\"><img class=\"i-amphtml-fill-content i-amphtml-replaced-content\" src=\"https:\/\/s2-g1.glbimg.com\/Fd68Lb9IqVevkHXMxJXRjR9kPO0=\/0x0:746x417\/984x0\/smart\/filters:strip_icc()\/i.s3.glbimg.com\/v1\/AUTH_59edd422c0c84a879bd37670ae4f538a\/internal_photos\/bs\/2026\/a\/9\/g3ppHGQiak8P6a9Seu5g\/captura-de-tela-2026-01-17-125046.jpg\" sizes=\"(max-width: 1366px) 648px, 100vw\" srcset=\"https:\/\/s2-g1.glbimg.com\/cfRDIP_LjjDj8byTSZR7BeU-CRo=\/0x0:746x417\/1000x0\/smart\/filters:strip_icc()\/i.s3.glbimg.com\/v1\/AUTH_59edd422c0c84a879bd37670ae4f538a\/internal_photos\/bs\/2026\/a\/9\/g3ppHGQiak8P6a9Seu5g\/captura-de-tela-2026-01-17-125046.jpg 1000w, https:\/\/s2-g1.glbimg.com\/Fd68Lb9IqVevkHXMxJXRjR9kPO0=\/0x0:746x417\/984x0\/smart\/filters:strip_icc()\/i.s3.glbimg.com\/v1\/AUTH_59edd422c0c84a879bd37670ae4f538a\/internal_photos\/bs\/2026\/a\/9\/g3ppHGQiak8P6a9Seu5g\/captura-de-tela-2026-01-17-125046.jpg 984w, https:\/\/s2-g1.glbimg.com\/eUccnU_fXaPQFCSmlp_kX_OUETk=\/0x0:746x417\/640x0\/smart\/filters:strip_icc()\/i.s3.glbimg.com\/v1\/AUTH_59edd422c0c84a879bd37670ae4f538a\/internal_photos\/bs\/2026\/a\/9\/g3ppHGQiak8P6a9Seu5g\/captura-de-tela-2026-01-17-125046.jpg 640w, https:\/\/s2-g1.glbimg.com\/zZoAfzrGwyQKkBhcT73LPUOMP0I=\/0x0:746x417\/600x0\/smart\/filters:strip_icc()\/i.s3.glbimg.com\/v1\/AUTH_59edd422c0c84a879bd37670ae4f538a\/internal_photos\/bs\/2026\/a\/9\/g3ppHGQiak8P6a9Seu5g\/captura-de-tela-2026-01-17-125046.jpg 600w\" alt=\"M\u00e9dico \u00e9 preso por matar outros dois m\u00e9dicos a tiros em Barueri \u2014 Foto: Reprodu\u00e7\u00e3o\/TV Globo\" \/><\/figure>\n<\/div>\n<p class=\"content-media__description  \">M\u00e9dico \u00e9 preso por matar outros dois m\u00e9dicos a tiros em Barueri \u2014 Foto: Reprodu\u00e7\u00e3o\/TV Globo<\/p>\n<\/div>\n<\/div>\n<\/div>\n<div id=\"chunk-5bt05\">\n<div class=\"content-ads content-ads--reveal\" data-block-type=\"ads\" data-block-id=\"54\">\n<div id=\"banner_materia__a2de06a6-b39d-4874-97f6-bcd5a55baa36\"><\/div>\n<\/div>\n<\/div>\n<div id=\"chunk-51kkg\">\n<div class=\"mc-column content-text active-extra-styles\" data-block-type=\"raw\" data-block-weight=\"24\" data-block-id=\"53\">\n<p class=\"content-text__container\" data-mrf-recirculation=\"Mat\u00e9ria - Links no Texto\">\n<ul class=\"content-unordered-list\" data-mrf-recirculation=\"Mat\u00e9ria - Leia Tamb\u00e9m (Lista)\">\n<li><a class=\"\" href=\"https:\/\/g1.globo.com\/sp\/sao-paulo\/noticia\/2026\/01\/17\/medico-que-matou-outros-dois-medicos-a-tiros-em-alphaville-ja-foi-preso-por-racismo-e-agressao.ghtml\" data-mrf-link=\"https:\/\/g1.globo.com\/sp\/sao-paulo\/noticia\/2026\/01\/17\/medico-que-matou-outros-dois-medicos-a-tiros-em-alphaville-ja-foi-preso-por-racismo-e-agressao.ghtml\">M\u00e9dico que matou outros dois m\u00e9dicos j\u00e1 foi preso por racismo e agress\u00e3o<\/a><\/li>\n<li><strong>V\u00cdDEO: <\/strong><a class=\"\" href=\"https:\/\/g1.globo.com\/sp\/sao-paulo\/noticia\/2026\/01\/17\/video-cameras-registram-briga-e-momento-em-que-medico-mata-outros-dois-medicos-a-tiros-em-alphaville-grande-sp.ghtml\" data-mrf-link=\"https:\/\/g1.globo.com\/sp\/sao-paulo\/noticia\/2026\/01\/17\/video-cameras-registram-briga-e-momento-em-que-medico-mata-outros-dois-medicos-a-tiros-em-alphaville-grande-sp.ghtml\">c\u00e2meras registram briga e quande m\u00e9dico mata outros dois m\u00e9dicos<\/a><\/li>\n<\/ul>\n<p>&nbsp;<\/p>\n<\/div>\n<\/div>\n<div data-track-category=\"multicontent\" data-track-action=\"multicontent\" data-track-noninteraction=\"false\" data-track-scroll=\"ultimo chunk conteudo\" data-track-value=\"view\">\n<div id=\"chunk-ck6d2\">\n<div class=\"block-podcast\">\n<div class=\"mc-column content-media content-media--normal podcast-container\" data-block-type=\"multicontent-podcast\" data-block-id=\"55\"><iframe loading=\"lazy\" class=\"podcast-iframe audiopub-player\" src=\"https:\/\/s3.glbimg.com\/v1\/AUTH_14ce1dbebbe64b1e8e955809a085692d\/web-components\/teste-ab.html?url=aHR0cHM6Ly9zMy5nbGJpbWcuY29tL3YxL0FVVEhfMTRjZTFkYmViYmU2NGIxZThlOTU1ODA5YTA4NTY5MmQvd2ViLWNvbXBvbmVudHMvcGxheWVyLXdlYi1tdWx0aWNvbnRlbnQvcHJvZC93aWRnZXQuaHRtbD9wcm9kdWN0TmFtZT1nMSZwcm9kdWN0Q29sb3I9JTIzQzQxNzBDJmFydHdvcmtVUkw9aHR0cHMlM0ElMkYlMkZzMy5nbGJpbWcuY29tJTJGdjElMkZBVVRIXzU5ZWRkNDIyYzBjODRhODc5YmQzNzY3MGFlNGY1MzhhJTJGYXVkaW9wdWItZXBpc29kZXMlMkZicyUyRjIwMjYlMkZaJTJGUyUyRnAxR2RBTVNLcU9MemIyeDF4Vm1BJTJGbmF0dXphLWNhcGEuanBnJmF1ZGlvVVJMPWh0dHBzJTNBJTJGJTJGdHJhZmZpYy5vbW55LmZtJTJGZCUyRmNsaXBzJTJGNjUxYTI1MWUtMDZlMS00N2UwLTkzMzYtYWM1YTAwZjQxNjI4JTJGMDQ1NjFiNDMtNzUzZC00Nzg0LThlMTktYWM4YjAwZTg2NDExJTJGOTE3ZTRmYzEtYjhhZi00ODRkLWFkNTgtYjNkNDAwMzViNDlkJTJGYXVkaW8ubXAzJmR1cmF0aW9uPTE2NTYuNDA4JmF1dGhvcj1HMSZlcGlzb2RlVGl0bGU9SXIlQzMlQTMlM0ErYStjcmlzZStpbiVDMyVBOWRpdGErZSthK3JlcHJlc3MlQzMlQTNvK2RvK3JlZ2ltZSsmcG9kY2FzdFRpdGxlPU8rQXNzdW50byZwdWJsaXNoZWRBdD0yMDI2LTAxLTE2VDAzJTNBMTYlM0E0M1omc2hhcmVVcmw9aHR0cHMlM0ElMkYlMkZnMS5nbG9iby5jb20lMkZwb2RjYXN0JTJGby1hc3N1bnRvJTJG&amp;channel=desktop\" width=\"320\" height=\"210\" frameborder=\"0\" scrolling=\"no\" data-mce-fragment=\"1\"> <\/iframe><\/div>\n<\/div>\n<\/div>\n<\/div>\n<\/div>\n<\/article>\n<\/div>\n<p><\/main><\/div>\n<\/div>\n<\/div>\n<\/div>\n<\/article>\n<\/div>\n<div id=\"fb_share_1\" style=\"float: right; margin-left: 10px;\"><a name=\"fb_share\" type=\"button\" share_url=\"http:\/\/www.orc.com.br\/novo\/brasil\/quem-eram-os-medicos-mortos-por-outro-medico-em-alphaville-sp.html\" href=\"http:\/\/www.facebook.com\/sharer.php\">Share<\/a><\/div><div><script src=\"http:\/\/static.ak.fbcdn.net\/connect.php\/js\/FB.Share\" type=\"text\/javascript\"><\/script><\/div>","protected":false},"excerpt":{"rendered":"<p>Quem eram os m\u00e9dicos mortos por outro m\u00e9dico em Alphaville, SP Atirador foi preso em flagrante. Profissionais da sa\u00fade foram velados neste domingo (18) e trabalhavam em Barueri e Cotia. Por Reda\u00e7\u00e3o TV Globo e g1 SP M\u00e9dico abre fogo e mata dois colegas em Barueri A Pol\u00edcia Civil investiga os assassinatos de dois m\u00e9dicos &#8230;<\/p>\n","protected":false},"author":3,"featured_media":157342,"comment_status":"open","ping_status":"open","sticky":false,"template":"","format":"standard","meta":[],"categories":[1],"tags":[8],"jetpack_featured_media_url":"https:\/\/orc.com.br\/novo\/wp-content\/uploads\/2026\/01\/Medicos3.jpg","_links":{"self":[{"href":"http:\/\/www.orc.com.br\/novo\/wp-json\/wp\/v2\/posts\/157341"}],"collection":[{"href":"http:\/\/www.orc.com.br\/novo\/wp-json\/wp\/v2\/posts"}],"about":[{"href":"http:\/\/www.orc.com.br\/novo\/wp-json\/wp\/v2\/types\/post"}],"author":[{"embeddable":true,"href":"http:\/\/www.orc.com.br\/novo\/wp-json\/wp\/v2\/users\/3"}],"replies":[{"embeddable":true,"href":"http:\/\/www.orc.com.br\/novo\/wp-json\/wp\/v2\/comments?post=157341"}],"version-history":[{"count":1,"href":"http:\/\/www.orc.com.br\/novo\/wp-json\/wp\/v2\/posts\/157341\/revisions"}],"predecessor-version":[{"id":157343,"href":"http:\/\/www.orc.com.br\/novo\/wp-json\/wp\/v2\/posts\/157341\/revisions\/157343"}],"wp:featuredmedia":[{"embeddable":true,"href":"http:\/\/www.orc.com.br\/novo\/wp-json\/wp\/v2\/media\/157342"}],"wp:attachment":[{"href":"http:\/\/www.orc.com.br\/novo\/wp-json\/wp\/v2\/media?parent=157341"}],"wp:term":[{"taxonomy":"category","embeddable":true,"href":"http:\/\/www.orc.com.br\/novo\/wp-json\/wp\/v2\/categories?post=157341"},{"taxonomy":"post_tag","embeddable":true,"href":"http:\/\/www.orc.com.br\/novo\/wp-json\/wp\/v2\/tags?post=157341"}],"curies":[{"name":"wp","href":"https:\/\/api.w.org\/{rel}","templated":true}]}}