{"id":157347,"date":"2026-01-19T07:56:35","date_gmt":"2026-01-19T10:56:35","guid":{"rendered":"https:\/\/www.orc.com.br\/novo\/?p=157347"},"modified":"2026-01-19T07:56:35","modified_gmt":"2026-01-19T10:56:35","slug":"prefeito-gabriel-thor-declara-orlandia-estado-de-calamidade-publica","status":"publish","type":"post","link":"http:\/\/www.orc.com.br\/novo\/brasil\/prefeito-gabriel-thor-declara-orlandia-estado-de-calamidade-publica.html","title":{"rendered":"Prefeito Gabriel Thor declara Orl\u00e2ndia estado de Calamidade P\u00fablica"},"content":{"rendered":"<p><strong>\u00a0<\/strong><\/p>\n<p><strong>Prefeito Gabriel Thor declara Orl\u00e2ndia estado de Calamidade P\u00fablica, mas n\u00e3o explica o por que.<\/strong><\/p>\n<p>O Prefeito Daniel Grassi, Thor, decretou dia 15-01-2026\u00a0 Estado de Calamidade P\u00fablica na cidade.<\/p>\n<p>O decreto foi publicado dia 15 de Janeiro no DO do munic\u00edpio sob o n\u00famero\u00a0 5.558.<\/p>\n<p>Segundo o Prefeito o decreto se d\u00e1 \u00a0por decorr\u00eancia de intensas chuvas e desastres hidrol\u00f3gicos no munic\u00edpio.<\/p>\n<p>O decreto faz referencia ao c\u00f3rrego dos palmitos e do espelho d\u2019\u00e1gua e vale por 180 dias \u2013 6 meses.<\/p>\n<p>A legisla\u00e7\u00e3o permite este tipo de a\u00e7\u00e3o para prote\u00e7\u00e3o\u00a0 dos interesses p\u00fablicos, quando um munic\u00edpio ou estado enfrenta eventos extremos, como enchentes, secas ou deslizamentos de terra.<\/p>\n<p>Mas n\u00e3o \u00e9 o caso de Orl\u00e2ndia.<\/p>\n<p>O decreto \u00e9 \u00a0legal e\u00a0 poss\u00edvel diante de situa\u00e7\u00e3o de emerg\u00eancia ou estado de calamidade p\u00fablica, mas n\u00e3o se tem not\u00edcia ou conhecimentos de algum desastre ambiental no munic\u00edpio.<\/p>\n<p>O Decreto d\u00e1 direito ao prefeito realizar obras sem licita\u00e7\u00e3o e pleitear recursos do governo do estado e da uni\u00e3o, (*) com\u00a0 a devida comprova\u00e7\u00e3o destes org\u00e3os.\u00a0 \u00a0 \u00a0 \u00a0 \u00a0 \u00a0 \u00a0 \u00a0 \u00a0 \u00a0 \u00a0 \u00a0 \u00a0 \u00a0 \u00a0 \u00a0 \u00a0 \u00a0 \u00a0 \u00a0 \u00a0 \u00a0 \u00a0 \u00a0 \u00a0 \u00a0 \u00a0 \u00a0 \u00a0 \u00a0 \u00a0 \u00a0 \u00a0 \u00a0 \u00a0 \u00a0 \u00a0 \u00a0Para libera\u00e7\u00e3o de verbas, do estado ou da uni\u00e3o tem que haver o reconhecimento pelo governador, Secretarias de estado,\u00a0\u00a0 Minist\u00e9rios ou do pr\u00f3prio Presidente da Rep\u00fablica.<\/p>\n<p>Existe o estado de emerg\u00eancia e estado de calamidade p\u00fablica.<\/p>\n<p>O estado de emerg\u00eancia \u00e9 diante de uma situa\u00e7\u00e3o quando um desastre compromete parcialmente a capacidade de resposta do poder p\u00fablico local. Isso significa que o munic\u00edpio, ainda que consiga atuar por conta pr\u00f3pria, precise de apoio externo para enfrentar os danos e restabelecer servi\u00e7os essenciais.<\/p>\n<p>J\u00e1 o estado de calamidade p\u00fablica \u00e9 declarado quando o impacto do desastre \u00e9 t\u00e3o grave que a capacidade de resposta da administra\u00e7\u00e3o p\u00fablica fica severamente comprometida, exigindo medidas mais amplas e urgentes.<\/p>\n<p>Com a medida a Prefeitura de Orl\u00e2ndia poder\u00e1 \u00a0contratar obras\u00a0 sem concorr\u00eancia p\u00fablica.<\/p>\n<div id=\"fb_share_1\" style=\"float: right; margin-left: 10px;\"><a name=\"fb_share\" type=\"button\" share_url=\"http:\/\/www.orc.com.br\/novo\/brasil\/prefeito-gabriel-thor-declara-orlandia-estado-de-calamidade-publica.html\" href=\"http:\/\/www.facebook.com\/sharer.php\">Share<\/a><\/div><div><script src=\"http:\/\/static.ak.fbcdn.net\/connect.php\/js\/FB.Share\" type=\"text\/javascript\"><\/script><\/div>","protected":false},"excerpt":{"rendered":"<p>\u00a0 Prefeito Gabriel Thor declara Orl\u00e2ndia estado de Calamidade P\u00fablica, mas n\u00e3o explica o por que. O Prefeito Daniel Grassi, Thor, decretou dia 15-01-2026\u00a0 Estado de Calamidade P\u00fablica na cidade. O decreto foi publicado dia 15 de Janeiro no DO do munic\u00edpio sob o n\u00famero\u00a0 5.558. Segundo o Prefeito o decreto se d\u00e1 \u00a0por decorr\u00eancia &#8230;<\/p>\n","protected":false},"author":3,"featured_media":157348,"comment_status":"open","ping_status":"open","sticky":false,"template":"","format":"standard","meta":[],"categories":[1],"tags":[8],"jetpack_featured_media_url":"https:\/\/orc.com.br\/novo\/wp-content\/uploads\/2026\/01\/Thor15.jpg","_links":{"self":[{"href":"http:\/\/www.orc.com.br\/novo\/wp-json\/wp\/v2\/posts\/157347"}],"collection":[{"href":"http:\/\/www.orc.com.br\/novo\/wp-json\/wp\/v2\/posts"}],"about":[{"href":"http:\/\/www.orc.com.br\/novo\/wp-json\/wp\/v2\/types\/post"}],"author":[{"embeddable":true,"href":"http:\/\/www.orc.com.br\/novo\/wp-json\/wp\/v2\/users\/3"}],"replies":[{"embeddable":true,"href":"http:\/\/www.orc.com.br\/novo\/wp-json\/wp\/v2\/comments?post=157347"}],"version-history":[{"count":1,"href":"http:\/\/www.orc.com.br\/novo\/wp-json\/wp\/v2\/posts\/157347\/revisions"}],"predecessor-version":[{"id":157349,"href":"http:\/\/www.orc.com.br\/novo\/wp-json\/wp\/v2\/posts\/157347\/revisions\/157349"}],"wp:featuredmedia":[{"embeddable":true,"href":"http:\/\/www.orc.com.br\/novo\/wp-json\/wp\/v2\/media\/157348"}],"wp:attachment":[{"href":"http:\/\/www.orc.com.br\/novo\/wp-json\/wp\/v2\/media?parent=157347"}],"wp:term":[{"taxonomy":"category","embeddable":true,"href":"http:\/\/www.orc.com.br\/novo\/wp-json\/wp\/v2\/categories?post=157347"},{"taxonomy":"post_tag","embeddable":true,"href":"http:\/\/www.orc.com.br\/novo\/wp-json\/wp\/v2\/tags?post=157347"}],"curies":[{"name":"wp","href":"https:\/\/api.w.org\/{rel}","templated":true}]}}